{"id":934,"date":"2020-12-21T19:36:57","date_gmt":"2020-12-21T18:36:57","guid":{"rendered":"https:\/\/www.mvt.media\/?p=934"},"modified":"2021-05-21T19:15:43","modified_gmt":"2021-05-21T17:15:43","slug":"7-jeunes-femmes-une-vision-du-monde","status":"publish","type":"post","link":"https:\/\/mvt.mfr.fr\/index.php\/2020\/12\/21\/7-jeunes-femmes-une-vision-du-monde\/","title":{"rendered":"7 jeunes femmes, une vision du monde"},"content":{"rendered":"\n<figure class=\"wp-block-embed is-type-video is-provider-youtube wp-block-embed-youtube wp-embed-aspect-16-9 wp-has-aspect-ratio\"><div class=\"wp-block-embed__wrapper\">\n<iframe loading=\"lazy\" title=\"7 jeunes femmes, une vision du monde \ud83c\udf0d\" width=\"696\" height=\"392\" src=\"https:\/\/www.youtube.com\/embed\/PuDjLIPciZE?feature=oembed\" frameborder=\"0\" allow=\"accelerometer; autoplay; clipboard-write; encrypted-media; gyroscope; picture-in-picture\" allowfullscreen><\/iframe>\n<\/div><\/figure>\n\n\n\n<p>En septembre 2020, 7 jeunes femmes de BTS, en formation \u00e0 la MFR de Fougerolles et de Mandeure, se sont rendues \u00e0 Grenade et \u00e0 l\u2019\u00e9co village de la Bolina. Ensemble, elles ont questionn\u00e9 leur rapport au monde et la place qu&rsquo;elles souhaitent y tenir. Face \u00e0 ces nouveaux enjeux mondiaux, ces jeunes femmes interrogent \u00e9galement la mani\u00e8re dont elles peuvent questionner et orienter l&rsquo;action des MFR.<\/p>\n\n\n\n<p>Fortes de cette premi\u00e8re exp\u00e9rience, Lisa, Alexia, L\u00e9a, L\u00e9ticia, Ombeline, Lilou &amp; Marion nous livrent aujourd&rsquo;hui leur sc\u00e9nario et leur r\u00e9alisation. Le tout r\u00e9alis\u00e9 en un temps record : en seulement 4 jours !<\/p>\n\n\n\n<p><\/p>\n","protected":false},"excerpt":{"rendered":"<p>En septembre 2020, 7 jeunes femmes de BTS, en formation \u00e0 la MFR de Fougerolles et de Mandeure, se sont rendues \u00e0 Grenade et \u00e0 l\u2019\u00e9co village de la Bolina.<\/p>\n","protected":false},"author":5,"featured_media":995,"comment_status":"open","ping_status":"closed","sticky":false,"template":"","format":"video","meta":{"inline_featured_image":false,"spay_email":""},"categories":[15,13,9,940],"tags":[],"yoast_head":"<!-- This site is optimized with the Yoast SEO plugin v17.1 - https:\/\/yoast.com\/wordpress\/plugins\/seo\/ -->\n<meta name=\"description\" content=\"En septembre 2020, 7 jeunes femmes de BTS, en formation \u00e0 la MFR de Fougerolles et de Mandeure, se sont rendues \u00e0 Grenade et \u00e0 l\u2019\u00e9co village de la Bolina.\" \/>\n<meta name=\"robots\" content=\"index, follow, max-snippet:-1, max-image-preview:large, max-video-preview:-1\" \/>\n<link rel=\"canonical\" href=\"https:\/\/mvt.mfr.fr\/index.php\/2020\/12\/21\/7-jeunes-femmes-une-vision-du-monde\/\" \/>\n<meta property=\"og:locale\" content=\"fr_FR\" \/>\n<meta property=\"og:type\" content=\"article\" \/>\n<meta property=\"og:title\" content=\"7 jeunes femmes, une vision du monde - MVT\" \/>\n<meta property=\"og:description\" content=\"En septembre 2020, 7 jeunes femmes de BTS, en formation \u00e0 la MFR de Fougerolles et de Mandeure, se sont rendues \u00e0 Grenade et \u00e0 l\u2019\u00e9co village de la Bolina.\" \/>\n<meta property=\"og:url\" content=\"https:\/\/mvt.mfr.fr\/index.php\/2020\/12\/21\/7-jeunes-femmes-une-vision-du-monde\/\" \/>\n<meta property=\"og:site_name\" content=\"MVT\" \/>\n<meta property=\"article:published_time\" content=\"2020-12-21T18:36:57+00:00\" \/>\n<meta property=\"article:modified_time\" content=\"2021-05-21T17:15:43+00:00\" \/>\n<meta property=\"og:image\" content=\"https:\/\/mvt.mfr.fr\/wp-content\/uploads\/2020\/12\/maxresdefault-17.jpg\" \/>\n\t<meta property=\"og:image:width\" content=\"1280\" \/>\n\t<meta property=\"og:image:height\" content=\"720\" \/>\n<meta name=\"twitter:card\" content=\"summary_large_image\" \/>\n<meta name=\"twitter:label1\" content=\"\u00c9crit par\" \/>\n\t<meta name=\"twitter:data1\" content=\"Olivier\" \/>\n\t<meta name=\"twitter:label2\" content=\"Dur\u00e9e de lecture est.\" \/>\n\t<meta name=\"twitter:data2\" content=\"1 minute\" \/>\n<script type=\"application\/ld+json\" class=\"yoast-schema-graph\">{\"@context\":\"https:\/\/schema.org\",\"@graph\":[{\"@type\":\"WebSite\",\"@id\":\"https:\/\/mvt.mfr.fr\/#website\",\"url\":\"https:\/\/mvt.mfr.fr\/\",\"name\":\"MVT\",\"description\":\"Le M\\u00e9dia Vraiment Tout terrain\",\"potentialAction\":[{\"@type\":\"SearchAction\",\"target\":{\"@type\":\"EntryPoint\",\"urlTemplate\":\"https:\/\/mvt.mfr.fr\/?s={search_term_string}\"},\"query-input\":\"required name=search_term_string\"}],\"inLanguage\":\"fr-FR\"},{\"@type\":\"ImageObject\",\"@id\":\"https:\/\/mvt.mfr.fr\/index.php\/2020\/12\/21\/7-jeunes-femmes-une-vision-du-monde\/#primaryimage\",\"inLanguage\":\"fr-FR\",\"url\":\"https:\/\/mvt.mfr.fr\/wp-content\/uploads\/2020\/12\/maxresdefault-17.jpg\",\"contentUrl\":\"https:\/\/mvt.mfr.fr\/wp-content\/uploads\/2020\/12\/maxresdefault-17.jpg\",\"width\":1280,\"height\":720},{\"@type\":\"WebPage\",\"@id\":\"https:\/\/mvt.mfr.fr\/index.php\/2020\/12\/21\/7-jeunes-femmes-une-vision-du-monde\/#webpage\",\"url\":\"https:\/\/mvt.mfr.fr\/index.php\/2020\/12\/21\/7-jeunes-femmes-une-vision-du-monde\/\",\"name\":\"7 jeunes femmes, une vision du monde - MVT\",\"isPartOf\":{\"@id\":\"https:\/\/mvt.mfr.fr\/#website\"},\"primaryImageOfPage\":{\"@id\":\"https:\/\/mvt.mfr.fr\/index.php\/2020\/12\/21\/7-jeunes-femmes-une-vision-du-monde\/#primaryimage\"},\"datePublished\":\"2020-12-21T18:36:57+00:00\",\"dateModified\":\"2021-05-21T17:15:43+00:00\",\"author\":{\"@id\":\"https:\/\/mvt.mfr.fr\/#\/schema\/person\/0bfea2d415254b1280fb448cbc6cc94f\"},\"description\":\"En septembre 2020, 7 jeunes femmes de BTS, en formation \\u00e0 la MFR de Fougerolles et de Mandeure, se sont rendues \\u00e0 Grenade et \\u00e0 l\\u2019\\u00e9co village de la Bolina.\",\"breadcrumb\":{\"@id\":\"https:\/\/mvt.mfr.fr\/index.php\/2020\/12\/21\/7-jeunes-femmes-une-vision-du-monde\/#breadcrumb\"},\"inLanguage\":\"fr-FR\",\"potentialAction\":[{\"@type\":\"ReadAction\",\"target\":[\"https:\/\/mvt.mfr.fr\/index.php\/2020\/12\/21\/7-jeunes-femmes-une-vision-du-monde\/\"]}]},{\"@type\":\"BreadcrumbList\",\"@id\":\"https:\/\/mvt.mfr.fr\/index.php\/2020\/12\/21\/7-jeunes-femmes-une-vision-du-monde\/#breadcrumb\",\"itemListElement\":[{\"@type\":\"ListItem\",\"position\":1,\"name\":\"Accueil\",\"item\":\"https:\/\/mvt.mfr.fr\/\"},{\"@type\":\"ListItem\",\"position\":2,\"name\":\"7 jeunes femmes, une vision du monde\"}]},{\"@type\":\"Person\",\"@id\":\"https:\/\/mvt.mfr.fr\/#\/schema\/person\/0bfea2d415254b1280fb448cbc6cc94f\",\"name\":\"Olivier\",\"image\":{\"@type\":\"ImageObject\",\"@id\":\"https:\/\/mvt.mfr.fr\/#personlogo\",\"inLanguage\":\"fr-FR\",\"url\":\"https:\/\/mvt.mfr.fr\/wp-content\/uploads\/2020\/12\/olivier-150x150.jpg\",\"contentUrl\":\"https:\/\/mvt.mfr.fr\/wp-content\/uploads\/2020\/12\/olivier-150x150.jpg\",\"caption\":\"Olivier\"},\"description\":\"Charg\\u00e9 de d\\u00e9veloppement europ\\u00e9en, Olivier a connu les MFR lorsqu'il travaillait au S\\u00e9n\\u00e9gal. Sa confiance dans le pouvoir d\\u2019agir des jeunes et dans la capacit\\u00e9 d\\u2019innovation des territoires ruraux, sous toutes les latitudes, est rest\\u00e9e intacte depuis cette \\u00e9poque.\",\"url\":\"https:\/\/mvt.mfr.fr\/index.php\/author\/olivier\/\"}]}<\/script>\n<!-- \/ Yoast SEO plugin. -->","yoast_head_json":{"description":"En septembre 2020, 7 jeunes femmes de BTS, en formation \u00e0 la MFR de Fougerolles et de Mandeure, se sont rendues \u00e0 Grenade et \u00e0 l\u2019\u00e9co village de la Bolina.","robots":{"index":"index","follow":"follow","max-snippet":"max-snippet:-1","max-image-preview":"max-image-preview:large","max-video-preview":"max-video-preview:-1"},"canonical":"https:\/\/mvt.mfr.fr\/index.php\/2020\/12\/21\/7-jeunes-femmes-une-vision-du-monde\/","og_locale":"fr_FR","og_type":"article","og_title":"7 jeunes femmes, une vision du monde - MVT","og_description":"En septembre 2020, 7 jeunes femmes de BTS, en formation \u00e0 la MFR de Fougerolles et de Mandeure, se sont rendues \u00e0 Grenade et \u00e0 l\u2019\u00e9co village de la Bolina.","og_url":"https:\/\/mvt.mfr.fr\/index.php\/2020\/12\/21\/7-jeunes-femmes-une-vision-du-monde\/","og_site_name":"MVT","article_published_time":"2020-12-21T18:36:57+00:00","article_modified_time":"2021-05-21T17:15:43+00:00","og_image":[{"width":1280,"height":720,"url":"https:\/\/mvt.mfr.fr\/wp-content\/uploads\/2020\/12\/maxresdefault-17.jpg","path":"\/var\/www\/clients\/client3\/web3\/web\/wp-content\/uploads\/2020\/12\/maxresdefault-17.jpg","size":"full","id":995,"alt":"","pixels":921600,"type":"image\/jpeg"}],"twitter_card":"summary_large_image","twitter_misc":{"\u00c9crit par":"Olivier","Dur\u00e9e de lecture est.":"1 minute"},"schema":{"@context":"https:\/\/schema.org","@graph":[{"@type":"WebSite","@id":"https:\/\/mvt.mfr.fr\/#website","url":"https:\/\/mvt.mfr.fr\/","name":"MVT","description":"Le M\u00e9dia Vraiment Tout terrain","potentialAction":[{"@type":"SearchAction","target":{"@type":"EntryPoint","urlTemplate":"https:\/\/mvt.mfr.fr\/?s={search_term_string}"},"query-input":"required name=search_term_string"}],"inLanguage":"fr-FR"},{"@type":"ImageObject","@id":"https:\/\/mvt.mfr.fr\/index.php\/2020\/12\/21\/7-jeunes-femmes-une-vision-du-monde\/#primaryimage","inLanguage":"fr-FR","url":"https:\/\/mvt.mfr.fr\/wp-content\/uploads\/2020\/12\/maxresdefault-17.jpg","contentUrl":"https:\/\/mvt.mfr.fr\/wp-content\/uploads\/2020\/12\/maxresdefault-17.jpg","width":1280,"height":720},{"@type":"WebPage","@id":"https:\/\/mvt.mfr.fr\/index.php\/2020\/12\/21\/7-jeunes-femmes-une-vision-du-monde\/#webpage","url":"https:\/\/mvt.mfr.fr\/index.php\/2020\/12\/21\/7-jeunes-femmes-une-vision-du-monde\/","name":"7 jeunes femmes, une vision du monde - MVT","isPartOf":{"@id":"https:\/\/mvt.mfr.fr\/#website"},"primaryImageOfPage":{"@id":"https:\/\/mvt.mfr.fr\/index.php\/2020\/12\/21\/7-jeunes-femmes-une-vision-du-monde\/#primaryimage"},"datePublished":"2020-12-21T18:36:57+00:00","dateModified":"2021-05-21T17:15:43+00:00","author":{"@id":"https:\/\/mvt.mfr.fr\/#\/schema\/person\/0bfea2d415254b1280fb448cbc6cc94f"},"description":"En septembre 2020, 7 jeunes femmes de BTS, en formation \u00e0 la MFR de Fougerolles et de Mandeure, se sont rendues \u00e0 Grenade et \u00e0 l\u2019\u00e9co village de la Bolina.","breadcrumb":{"@id":"https:\/\/mvt.mfr.fr\/index.php\/2020\/12\/21\/7-jeunes-femmes-une-vision-du-monde\/#breadcrumb"},"inLanguage":"fr-FR","potentialAction":[{"@type":"ReadAction","target":["https:\/\/mvt.mfr.fr\/index.php\/2020\/12\/21\/7-jeunes-femmes-une-vision-du-monde\/"]}]},{"@type":"BreadcrumbList","@id":"https:\/\/mvt.mfr.fr\/index.php\/2020\/12\/21\/7-jeunes-femmes-une-vision-du-monde\/#breadcrumb","itemListElement":[{"@type":"ListItem","position":1,"name":"Accueil","item":"https:\/\/mvt.mfr.fr\/"},{"@type":"ListItem","position":2,"name":"7 jeunes femmes, une vision du monde"}]},{"@type":"Person","@id":"https:\/\/mvt.mfr.fr\/#\/schema\/person\/0bfea2d415254b1280fb448cbc6cc94f","name":"Olivier","image":{"@type":"ImageObject","@id":"https:\/\/mvt.mfr.fr\/#personlogo","inLanguage":"fr-FR","url":"https:\/\/mvt.mfr.fr\/wp-content\/uploads\/2020\/12\/olivier-150x150.jpg","contentUrl":"https:\/\/mvt.mfr.fr\/wp-content\/uploads\/2020\/12\/olivier-150x150.jpg","caption":"Olivier"},"description":"Charg\u00e9 de d\u00e9veloppement europ\u00e9en, Olivier a connu les MFR lorsqu'il travaillait au S\u00e9n\u00e9gal. Sa confiance dans le pouvoir d\u2019agir des jeunes et dans la capacit\u00e9 d\u2019innovation des territoires ruraux, sous toutes les latitudes, est rest\u00e9e intacte depuis cette \u00e9poque.","url":"https:\/\/mvt.mfr.fr\/index.php\/author\/olivier\/"}]}},"jetpack_featured_media_url":"https:\/\/mvt.mfr.fr\/wp-content\/uploads\/2020\/12\/maxresdefault-17.jpg","_links":{"self":[{"href":"https:\/\/mvt.mfr.fr\/index.php\/wp-json\/wp\/v2\/posts\/934"}],"collection":[{"href":"https:\/\/mvt.mfr.fr\/index.php\/wp-json\/wp\/v2\/posts"}],"about":[{"href":"https:\/\/mvt.mfr.fr\/index.php\/wp-json\/wp\/v2\/types\/post"}],"author":[{"embeddable":true,"href":"https:\/\/mvt.mfr.fr\/index.php\/wp-json\/wp\/v2\/users\/5"}],"replies":[{"embeddable":true,"href":"https:\/\/mvt.mfr.fr\/index.php\/wp-json\/wp\/v2\/comments?post=934"}],"version-history":[{"count":1,"href":"https:\/\/mvt.mfr.fr\/index.php\/wp-json\/wp\/v2\/posts\/934\/revisions"}],"predecessor-version":[{"id":993,"href":"https:\/\/mvt.mfr.fr\/index.php\/wp-json\/wp\/v2\/posts\/934\/revisions\/993"}],"wp:featuredmedia":[{"embeddable":true,"href":"https:\/\/mvt.mfr.fr\/index.php\/wp-json\/wp\/v2\/media\/995"}],"wp:attachment":[{"href":"https:\/\/mvt.mfr.fr\/index.php\/wp-json\/wp\/v2\/media?parent=934"}],"wp:term":[{"taxonomy":"category","embeddable":true,"href":"https:\/\/mvt.mfr.fr\/index.php\/wp-json\/wp\/v2\/categories?post=934"},{"taxonomy":"post_tag","embeddable":true,"href":"https:\/\/mvt.mfr.fr\/index.php\/wp-json\/wp\/v2\/tags?post=934"}],"curies":[{"name":"wp","href":"https:\/\/api.w.org\/{rel}","templated":true}]}}