{"id":744,"date":"2020-12-12T17:29:58","date_gmt":"2020-12-12T16:29:58","guid":{"rendered":"https:\/\/www.mvt.media\/?p=744"},"modified":"2021-05-21T19:12:58","modified_gmt":"2021-05-21T17:12:58","slug":"solidaire","status":"publish","type":"post","link":"https:\/\/mvt.mfr.fr\/index.php\/2020\/12\/12\/solidaire\/","title":{"rendered":"Solidaire !"},"content":{"rendered":"\n<figure class=\"wp-block-image size-large\"><img loading=\"lazy\" width=\"850\" height=\"508\" src=\"data:image\/gif;base64,R0lGODlhAQABAAAAACH5BAEKAAEALAAAAAABAAEAAAICTAEAOw==\" alt=\"\" class=\"wp-image-746 lazyload\" sizes=\"(max-width: 850px) 100vw, 850px\" data-src=\"https:\/\/www.mvt.media\/wp-content\/uploads\/2020\/12\/citation-hugo-1.jpg\" data-srcset=\"https:\/\/mvt.mfr.fr\/wp-content\/uploads\/2020\/12\/citation-hugo-1.jpg 850w, https:\/\/mvt.mfr.fr\/wp-content\/uploads\/2020\/12\/citation-hugo-1-300x179.jpg 300w, https:\/\/mvt.mfr.fr\/wp-content\/uploads\/2020\/12\/citation-hugo-1-768x459.jpg 768w, https:\/\/mvt.mfr.fr\/wp-content\/uploads\/2020\/12\/citation-hugo-1-150x90.jpg 150w, https:\/\/mvt.mfr.fr\/wp-content\/uploads\/2020\/12\/citation-hugo-1-696x416.jpg 696w\"><\/figure>\n\n\n\n<p>Et pour \u00eatre encore plus pr\u00e9cis, voici comment se prolonge la citation : <em><strong>\u00ab\u00a0L\u2019homme est solidaire avec la plan\u00e8te, la plan\u00e8te est solidaire avec le soleil, le soleil est solidaire avec l\u2019\u00e9toile, l\u2019\u00e9toile est solidaire avec la n\u00e9buleuse, la n\u00e9buleuse, groupe stellaire, est solidaire avec l\u2019infini.\u00a0\u00bb<\/strong><\/em><\/p>\n","protected":false},"excerpt":{"rendered":"<p>Et pour \u00eatre encore plus pr\u00e9cis, voici comment se prolonge la citation : \u00ab\u00a0L\u2019homme est solidaire avec la plan\u00e8te, la plan\u00e8te est solidaire avec le soleil, le soleil est solidaire avec l\u2019\u00e9toile, l\u2019\u00e9toile est solidaire avec la n\u00e9buleuse, la n\u00e9buleuse, groupe stellaire, est solidaire avec l\u2019infini.\u00a0\u00bb<\/p>\n","protected":false},"author":9,"featured_media":745,"comment_status":"closed","ping_status":"closed","sticky":false,"template":"","format":"standard","meta":{"inline_featured_image":false,"spay_email":""},"categories":[945],"tags":[],"yoast_head":"<!-- This site is optimized with the Yoast SEO plugin v17.1 - https:\/\/yoast.com\/wordpress\/plugins\/seo\/ -->\n<meta name=\"robots\" content=\"index, follow, max-snippet:-1, max-image-preview:large, max-video-preview:-1\" \/>\n<link rel=\"canonical\" href=\"https:\/\/mvt.mfr.fr\/index.php\/2020\/12\/12\/solidaire\/\" \/>\n<meta property=\"og:locale\" content=\"fr_FR\" \/>\n<meta property=\"og:type\" content=\"article\" \/>\n<meta property=\"og:title\" content=\"Solidaire ! - MVT\" \/>\n<meta property=\"og:description\" content=\"Et pour \u00eatre encore plus pr\u00e9cis, voici comment se prolonge la citation : \u00ab\u00a0L\u2019homme est solidaire avec la plan\u00e8te, la plan\u00e8te est solidaire avec le soleil, le soleil est solidaire avec l\u2019\u00e9toile, l\u2019\u00e9toile est solidaire avec la n\u00e9buleuse, la n\u00e9buleuse, groupe stellaire, est solidaire avec l\u2019infini.\u00a0\u00bb\" \/>\n<meta property=\"og:url\" content=\"https:\/\/mvt.mfr.fr\/index.php\/2020\/12\/12\/solidaire\/\" \/>\n<meta property=\"og:site_name\" content=\"MVT\" \/>\n<meta property=\"article:published_time\" content=\"2020-12-12T16:29:58+00:00\" \/>\n<meta property=\"article:modified_time\" content=\"2021-05-21T17:12:58+00:00\" \/>\n<meta property=\"og:image\" content=\"https:\/\/mvt.mfr.fr\/wp-content\/uploads\/2020\/12\/citation-hugo.jpg\" \/>\n\t<meta property=\"og:image:width\" content=\"850\" \/>\n\t<meta property=\"og:image:height\" content=\"508\" \/>\n<meta name=\"twitter:card\" content=\"summary_large_image\" \/>\n<meta name=\"twitter:label1\" content=\"\u00c9crit par\" \/>\n\t<meta name=\"twitter:data1\" content=\"Alissone\" \/>\n\t<meta name=\"twitter:label2\" content=\"Dur\u00e9e de lecture est.\" \/>\n\t<meta name=\"twitter:data2\" content=\"1 minute\" \/>\n<script type=\"application\/ld+json\" class=\"yoast-schema-graph\">{\"@context\":\"https:\/\/schema.org\",\"@graph\":[{\"@type\":\"WebSite\",\"@id\":\"https:\/\/mvt.mfr.fr\/#website\",\"url\":\"https:\/\/mvt.mfr.fr\/\",\"name\":\"MVT\",\"description\":\"Le M\\u00e9dia Vraiment Tout terrain\",\"potentialAction\":[{\"@type\":\"SearchAction\",\"target\":{\"@type\":\"EntryPoint\",\"urlTemplate\":\"https:\/\/mvt.mfr.fr\/?s={search_term_string}\"},\"query-input\":\"required name=search_term_string\"}],\"inLanguage\":\"fr-FR\"},{\"@type\":\"ImageObject\",\"@id\":\"https:\/\/mvt.mfr.fr\/index.php\/2020\/12\/12\/solidaire\/#primaryimage\",\"inLanguage\":\"fr-FR\",\"url\":\"https:\/\/mvt.mfr.fr\/wp-content\/uploads\/2020\/12\/citation-hugo.jpg\",\"contentUrl\":\"https:\/\/mvt.mfr.fr\/wp-content\/uploads\/2020\/12\/citation-hugo.jpg\",\"width\":850,\"height\":508},{\"@type\":\"WebPage\",\"@id\":\"https:\/\/mvt.mfr.fr\/index.php\/2020\/12\/12\/solidaire\/#webpage\",\"url\":\"https:\/\/mvt.mfr.fr\/index.php\/2020\/12\/12\/solidaire\/\",\"name\":\"Solidaire ! - MVT\",\"isPartOf\":{\"@id\":\"https:\/\/mvt.mfr.fr\/#website\"},\"primaryImageOfPage\":{\"@id\":\"https:\/\/mvt.mfr.fr\/index.php\/2020\/12\/12\/solidaire\/#primaryimage\"},\"datePublished\":\"2020-12-12T16:29:58+00:00\",\"dateModified\":\"2021-05-21T17:12:58+00:00\",\"author\":{\"@id\":\"https:\/\/mvt.mfr.fr\/#\/schema\/person\/7270610a5f3c498002018e70d2835d50\"},\"breadcrumb\":{\"@id\":\"https:\/\/mvt.mfr.fr\/index.php\/2020\/12\/12\/solidaire\/#breadcrumb\"},\"inLanguage\":\"fr-FR\",\"potentialAction\":[{\"@type\":\"ReadAction\",\"target\":[\"https:\/\/mvt.mfr.fr\/index.php\/2020\/12\/12\/solidaire\/\"]}]},{\"@type\":\"BreadcrumbList\",\"@id\":\"https:\/\/mvt.mfr.fr\/index.php\/2020\/12\/12\/solidaire\/#breadcrumb\",\"itemListElement\":[{\"@type\":\"ListItem\",\"position\":1,\"name\":\"Accueil\",\"item\":\"https:\/\/mvt.mfr.fr\/\"},{\"@type\":\"ListItem\",\"position\":2,\"name\":\"Solidaire !\"}]},{\"@type\":\"Person\",\"@id\":\"https:\/\/mvt.mfr.fr\/#\/schema\/person\/7270610a5f3c498002018e70d2835d50\",\"name\":\"Alissone\",\"description\":\"A fraichement rejoint les \\u00e9quipes MFR en tant que charg\\u00e9e de mission Education aux Mondes et aux Autres \\u00e0 la F\\u00e9d\\u00e9ration R\\u00e9gionale de Bourgogne-Franche-Comt\\u00e9 et \\u00e0 l\\u2019Union Nationale.\",\"url\":\"https:\/\/mvt.mfr.fr\/index.php\/author\/alissone\/\"}]}<\/script>\n<!-- \/ Yoast SEO plugin. -->","yoast_head_json":{"robots":{"index":"index","follow":"follow","max-snippet":"max-snippet:-1","max-image-preview":"max-image-preview:large","max-video-preview":"max-video-preview:-1"},"canonical":"https:\/\/mvt.mfr.fr\/index.php\/2020\/12\/12\/solidaire\/","og_locale":"fr_FR","og_type":"article","og_title":"Solidaire ! - MVT","og_description":"Et pour \u00eatre encore plus pr\u00e9cis, voici comment se prolonge la citation : \u00ab\u00a0L\u2019homme est solidaire avec la plan\u00e8te, la plan\u00e8te est solidaire avec le soleil, le soleil est solidaire avec l\u2019\u00e9toile, l\u2019\u00e9toile est solidaire avec la n\u00e9buleuse, la n\u00e9buleuse, groupe stellaire, est solidaire avec l\u2019infini.\u00a0\u00bb","og_url":"https:\/\/mvt.mfr.fr\/index.php\/2020\/12\/12\/solidaire\/","og_site_name":"MVT","article_published_time":"2020-12-12T16:29:58+00:00","article_modified_time":"2021-05-21T17:12:58+00:00","og_image":[{"width":850,"height":508,"url":"https:\/\/mvt.mfr.fr\/wp-content\/uploads\/2020\/12\/citation-hugo.jpg","path":"\/var\/www\/clients\/client3\/web3\/web\/wp-content\/uploads\/2020\/12\/citation-hugo.jpg","size":"full","id":"745","alt":"","pixels":431800,"type":"image\/jpeg"}],"twitter_card":"summary_large_image","twitter_misc":{"\u00c9crit par":"Alissone","Dur\u00e9e de lecture est.":"1 minute"},"schema":{"@context":"https:\/\/schema.org","@graph":[{"@type":"WebSite","@id":"https:\/\/mvt.mfr.fr\/#website","url":"https:\/\/mvt.mfr.fr\/","name":"MVT","description":"Le M\u00e9dia Vraiment Tout terrain","potentialAction":[{"@type":"SearchAction","target":{"@type":"EntryPoint","urlTemplate":"https:\/\/mvt.mfr.fr\/?s={search_term_string}"},"query-input":"required name=search_term_string"}],"inLanguage":"fr-FR"},{"@type":"ImageObject","@id":"https:\/\/mvt.mfr.fr\/index.php\/2020\/12\/12\/solidaire\/#primaryimage","inLanguage":"fr-FR","url":"https:\/\/mvt.mfr.fr\/wp-content\/uploads\/2020\/12\/citation-hugo.jpg","contentUrl":"https:\/\/mvt.mfr.fr\/wp-content\/uploads\/2020\/12\/citation-hugo.jpg","width":850,"height":508},{"@type":"WebPage","@id":"https:\/\/mvt.mfr.fr\/index.php\/2020\/12\/12\/solidaire\/#webpage","url":"https:\/\/mvt.mfr.fr\/index.php\/2020\/12\/12\/solidaire\/","name":"Solidaire ! - MVT","isPartOf":{"@id":"https:\/\/mvt.mfr.fr\/#website"},"primaryImageOfPage":{"@id":"https:\/\/mvt.mfr.fr\/index.php\/2020\/12\/12\/solidaire\/#primaryimage"},"datePublished":"2020-12-12T16:29:58+00:00","dateModified":"2021-05-21T17:12:58+00:00","author":{"@id":"https:\/\/mvt.mfr.fr\/#\/schema\/person\/7270610a5f3c498002018e70d2835d50"},"breadcrumb":{"@id":"https:\/\/mvt.mfr.fr\/index.php\/2020\/12\/12\/solidaire\/#breadcrumb"},"inLanguage":"fr-FR","potentialAction":[{"@type":"ReadAction","target":["https:\/\/mvt.mfr.fr\/index.php\/2020\/12\/12\/solidaire\/"]}]},{"@type":"BreadcrumbList","@id":"https:\/\/mvt.mfr.fr\/index.php\/2020\/12\/12\/solidaire\/#breadcrumb","itemListElement":[{"@type":"ListItem","position":1,"name":"Accueil","item":"https:\/\/mvt.mfr.fr\/"},{"@type":"ListItem","position":2,"name":"Solidaire !"}]},{"@type":"Person","@id":"https:\/\/mvt.mfr.fr\/#\/schema\/person\/7270610a5f3c498002018e70d2835d50","name":"Alissone","description":"A fraichement rejoint les \u00e9quipes MFR en tant que charg\u00e9e de mission Education aux Mondes et aux Autres \u00e0 la F\u00e9d\u00e9ration R\u00e9gionale de Bourgogne-Franche-Comt\u00e9 et \u00e0 l\u2019Union Nationale.","url":"https:\/\/mvt.mfr.fr\/index.php\/author\/alissone\/"}]}},"jetpack_featured_media_url":"https:\/\/mvt.mfr.fr\/wp-content\/uploads\/2020\/12\/citation-hugo.jpg","_links":{"self":[{"href":"https:\/\/mvt.mfr.fr\/index.php\/wp-json\/wp\/v2\/posts\/744"}],"collection":[{"href":"https:\/\/mvt.mfr.fr\/index.php\/wp-json\/wp\/v2\/posts"}],"about":[{"href":"https:\/\/mvt.mfr.fr\/index.php\/wp-json\/wp\/v2\/types\/post"}],"author":[{"embeddable":true,"href":"https:\/\/mvt.mfr.fr\/index.php\/wp-json\/wp\/v2\/users\/9"}],"replies":[{"embeddable":true,"href":"https:\/\/mvt.mfr.fr\/index.php\/wp-json\/wp\/v2\/comments?post=744"}],"version-history":[{"count":1,"href":"https:\/\/mvt.mfr.fr\/index.php\/wp-json\/wp\/v2\/posts\/744\/revisions"}],"predecessor-version":[{"id":1554,"href":"https:\/\/mvt.mfr.fr\/index.php\/wp-json\/wp\/v2\/posts\/744\/revisions\/1554"}],"wp:featuredmedia":[{"embeddable":true,"href":"https:\/\/mvt.mfr.fr\/index.php\/wp-json\/wp\/v2\/media\/745"}],"wp:attachment":[{"href":"https:\/\/mvt.mfr.fr\/index.php\/wp-json\/wp\/v2\/media?parent=744"}],"wp:term":[{"taxonomy":"category","embeddable":true,"href":"https:\/\/mvt.mfr.fr\/index.php\/wp-json\/wp\/v2\/categories?post=744"},{"taxonomy":"post_tag","embeddable":true,"href":"https:\/\/mvt.mfr.fr\/index.php\/wp-json\/wp\/v2\/tags?post=744"}],"curies":[{"name":"wp","href":"https:\/\/api.w.org\/{rel}","templated":true}]}}