{"id":688,"date":"2020-12-10T15:52:44","date_gmt":"2020-12-10T14:52:44","guid":{"rendered":"https:\/\/www.mvt.media\/?p=688"},"modified":"2021-05-21T19:12:29","modified_gmt":"2021-05-21T17:12:29","slug":"proteger","status":"publish","type":"post","link":"https:\/\/mvt.mfr.fr\/index.php\/2020\/12\/10\/proteger\/","title":{"rendered":"Prot\u00e9ger"},"content":{"rendered":"\n<figure class=\"wp-block-image size-large\"><img loading=\"lazy\" width=\"850\" height=\"508\" src=\"data:image\/gif;base64,R0lGODlhAQABAAAAACH5BAEKAAEALAAAAAABAAEAAAICTAEAOw==\" alt=\"\" class=\"wp-image-689 lazyload\" sizes=\"(max-width: 850px) 100vw, 850px\" data-src=\"https:\/\/www.mvt.media\/wp-content\/uploads\/2020\/12\/citation-Raoni.jpg\" data-srcset=\"https:\/\/mvt.mfr.fr\/wp-content\/uploads\/2020\/12\/citation-Raoni.jpg 850w, https:\/\/mvt.mfr.fr\/wp-content\/uploads\/2020\/12\/citation-Raoni-300x179.jpg 300w, https:\/\/mvt.mfr.fr\/wp-content\/uploads\/2020\/12\/citation-Raoni-768x459.jpg 768w, https:\/\/mvt.mfr.fr\/wp-content\/uploads\/2020\/12\/citation-Raoni-150x90.jpg 150w, https:\/\/mvt.mfr.fr\/wp-content\/uploads\/2020\/12\/citation-Raoni-696x416.jpg 696w\"><\/figure>\n\n\n\n<p>Nous habitons toutes et tous sur une seule et m\u00eame plan\u00e8te. Et, comme le souligne le chef Raoni, il est de notre responsabilit\u00e9 de tout mettre en \u0153uvre d\u00e8s aujourd&rsquo;hui pour la pr\u00e9server.<\/p>\n","protected":false},"excerpt":{"rendered":"<p>Nous habitons toutes et tous sur une seule et m\u00eame plan\u00e8te. Et, comme le souligne le chef Raoni, il est de notre responsabilit\u00e9 de tout mettre en \u0153uvre d\u00e8s aujourd&rsquo;hui pour la pr\u00e9server.<\/p>\n","protected":false},"author":5,"featured_media":952,"comment_status":"closed","ping_status":"closed","sticky":false,"template":"","format":"standard","meta":{"inline_featured_image":false,"spay_email":""},"categories":[945,13],"tags":[],"yoast_head":"<!-- This site is optimized with the Yoast SEO plugin v17.1 - https:\/\/yoast.com\/wordpress\/plugins\/seo\/ -->\n<meta name=\"robots\" content=\"index, follow, max-snippet:-1, max-image-preview:large, max-video-preview:-1\" \/>\n<link rel=\"canonical\" href=\"https:\/\/mvt.mfr.fr\/index.php\/2020\/12\/10\/proteger\/\" \/>\n<meta property=\"og:locale\" content=\"fr_FR\" \/>\n<meta property=\"og:type\" content=\"article\" \/>\n<meta property=\"og:title\" content=\"Prot\u00e9ger - MVT\" \/>\n<meta property=\"og:description\" content=\"Nous habitons toutes et tous sur une seule et m\u00eame plan\u00e8te. Et, comme le souligne le chef Raoni, il est de notre responsabilit\u00e9 de tout mettre en \u0153uvre d\u00e8s aujourd&rsquo;hui pour la pr\u00e9server.\" \/>\n<meta property=\"og:url\" content=\"https:\/\/mvt.mfr.fr\/index.php\/2020\/12\/10\/proteger\/\" \/>\n<meta property=\"og:site_name\" content=\"MVT\" \/>\n<meta property=\"article:published_time\" content=\"2020-12-10T14:52:44+00:00\" \/>\n<meta property=\"article:modified_time\" content=\"2021-05-21T17:12:29+00:00\" \/>\n<meta property=\"og:image\" content=\"https:\/\/mvt.mfr.fr\/wp-content\/uploads\/2020\/12\/citation-Raoni.jpg\" \/>\n\t<meta property=\"og:image:width\" content=\"850\" \/>\n\t<meta property=\"og:image:height\" content=\"508\" \/>\n<meta name=\"twitter:card\" content=\"summary_large_image\" \/>\n<meta name=\"twitter:label1\" content=\"\u00c9crit par\" \/>\n\t<meta name=\"twitter:data1\" content=\"Olivier\" \/>\n\t<meta name=\"twitter:label2\" content=\"Dur\u00e9e de lecture est.\" \/>\n\t<meta name=\"twitter:data2\" content=\"1 minute\" \/>\n<script type=\"application\/ld+json\" class=\"yoast-schema-graph\">{\"@context\":\"https:\/\/schema.org\",\"@graph\":[{\"@type\":\"WebSite\",\"@id\":\"https:\/\/mvt.mfr.fr\/#website\",\"url\":\"https:\/\/mvt.mfr.fr\/\",\"name\":\"MVT\",\"description\":\"Le M\\u00e9dia Vraiment Tout terrain\",\"potentialAction\":[{\"@type\":\"SearchAction\",\"target\":{\"@type\":\"EntryPoint\",\"urlTemplate\":\"https:\/\/mvt.mfr.fr\/?s={search_term_string}\"},\"query-input\":\"required name=search_term_string\"}],\"inLanguage\":\"fr-FR\"},{\"@type\":\"ImageObject\",\"@id\":\"https:\/\/mvt.mfr.fr\/index.php\/2020\/12\/10\/proteger\/#primaryimage\",\"inLanguage\":\"fr-FR\",\"url\":\"https:\/\/mvt.mfr.fr\/wp-content\/uploads\/2020\/12\/citation-Raoni.jpg\",\"contentUrl\":\"https:\/\/mvt.mfr.fr\/wp-content\/uploads\/2020\/12\/citation-Raoni.jpg\",\"width\":850,\"height\":508},{\"@type\":\"WebPage\",\"@id\":\"https:\/\/mvt.mfr.fr\/index.php\/2020\/12\/10\/proteger\/#webpage\",\"url\":\"https:\/\/mvt.mfr.fr\/index.php\/2020\/12\/10\/proteger\/\",\"name\":\"Prot\\u00e9ger - MVT\",\"isPartOf\":{\"@id\":\"https:\/\/mvt.mfr.fr\/#website\"},\"primaryImageOfPage\":{\"@id\":\"https:\/\/mvt.mfr.fr\/index.php\/2020\/12\/10\/proteger\/#primaryimage\"},\"datePublished\":\"2020-12-10T14:52:44+00:00\",\"dateModified\":\"2021-05-21T17:12:29+00:00\",\"author\":{\"@id\":\"https:\/\/mvt.mfr.fr\/#\/schema\/person\/0bfea2d415254b1280fb448cbc6cc94f\"},\"breadcrumb\":{\"@id\":\"https:\/\/mvt.mfr.fr\/index.php\/2020\/12\/10\/proteger\/#breadcrumb\"},\"inLanguage\":\"fr-FR\",\"potentialAction\":[{\"@type\":\"ReadAction\",\"target\":[\"https:\/\/mvt.mfr.fr\/index.php\/2020\/12\/10\/proteger\/\"]}]},{\"@type\":\"BreadcrumbList\",\"@id\":\"https:\/\/mvt.mfr.fr\/index.php\/2020\/12\/10\/proteger\/#breadcrumb\",\"itemListElement\":[{\"@type\":\"ListItem\",\"position\":1,\"name\":\"Accueil\",\"item\":\"https:\/\/mvt.mfr.fr\/\"},{\"@type\":\"ListItem\",\"position\":2,\"name\":\"Prot\\u00e9ger\"}]},{\"@type\":\"Person\",\"@id\":\"https:\/\/mvt.mfr.fr\/#\/schema\/person\/0bfea2d415254b1280fb448cbc6cc94f\",\"name\":\"Olivier\",\"image\":{\"@type\":\"ImageObject\",\"@id\":\"https:\/\/mvt.mfr.fr\/#personlogo\",\"inLanguage\":\"fr-FR\",\"url\":\"https:\/\/mvt.mfr.fr\/wp-content\/uploads\/2020\/12\/olivier-150x150.jpg\",\"contentUrl\":\"https:\/\/mvt.mfr.fr\/wp-content\/uploads\/2020\/12\/olivier-150x150.jpg\",\"caption\":\"Olivier\"},\"description\":\"Charg\\u00e9 de d\\u00e9veloppement europ\\u00e9en, Olivier a connu les MFR lorsqu'il travaillait au S\\u00e9n\\u00e9gal. Sa confiance dans le pouvoir d\\u2019agir des jeunes et dans la capacit\\u00e9 d\\u2019innovation des territoires ruraux, sous toutes les latitudes, est rest\\u00e9e intacte depuis cette \\u00e9poque.\",\"url\":\"https:\/\/mvt.mfr.fr\/index.php\/author\/olivier\/\"}]}<\/script>\n<!-- \/ Yoast SEO plugin. -->","yoast_head_json":{"robots":{"index":"index","follow":"follow","max-snippet":"max-snippet:-1","max-image-preview":"max-image-preview:large","max-video-preview":"max-video-preview:-1"},"canonical":"https:\/\/mvt.mfr.fr\/index.php\/2020\/12\/10\/proteger\/","og_locale":"fr_FR","og_type":"article","og_title":"Prot\u00e9ger - MVT","og_description":"Nous habitons toutes et tous sur une seule et m\u00eame plan\u00e8te. Et, comme le souligne le chef Raoni, il est de notre responsabilit\u00e9 de tout mettre en \u0153uvre d\u00e8s aujourd&rsquo;hui pour la pr\u00e9server.","og_url":"https:\/\/mvt.mfr.fr\/index.php\/2020\/12\/10\/proteger\/","og_site_name":"MVT","article_published_time":"2020-12-10T14:52:44+00:00","article_modified_time":"2021-05-21T17:12:29+00:00","og_image":[{"width":850,"height":508,"url":"https:\/\/mvt.mfr.fr\/wp-content\/uploads\/2020\/12\/citation-Raoni.jpg","path":"\/var\/www\/clients\/client3\/web3\/web\/wp-content\/uploads\/2020\/12\/citation-Raoni.jpg","size":"full","id":"689","alt":"","pixels":431800,"type":"image\/jpeg"}],"twitter_card":"summary_large_image","twitter_misc":{"\u00c9crit par":"Olivier","Dur\u00e9e de lecture est.":"1 minute"},"schema":{"@context":"https:\/\/schema.org","@graph":[{"@type":"WebSite","@id":"https:\/\/mvt.mfr.fr\/#website","url":"https:\/\/mvt.mfr.fr\/","name":"MVT","description":"Le M\u00e9dia Vraiment Tout terrain","potentialAction":[{"@type":"SearchAction","target":{"@type":"EntryPoint","urlTemplate":"https:\/\/mvt.mfr.fr\/?s={search_term_string}"},"query-input":"required name=search_term_string"}],"inLanguage":"fr-FR"},{"@type":"ImageObject","@id":"https:\/\/mvt.mfr.fr\/index.php\/2020\/12\/10\/proteger\/#primaryimage","inLanguage":"fr-FR","url":"https:\/\/mvt.mfr.fr\/wp-content\/uploads\/2020\/12\/citation-Raoni.jpg","contentUrl":"https:\/\/mvt.mfr.fr\/wp-content\/uploads\/2020\/12\/citation-Raoni.jpg","width":850,"height":508},{"@type":"WebPage","@id":"https:\/\/mvt.mfr.fr\/index.php\/2020\/12\/10\/proteger\/#webpage","url":"https:\/\/mvt.mfr.fr\/index.php\/2020\/12\/10\/proteger\/","name":"Prot\u00e9ger - MVT","isPartOf":{"@id":"https:\/\/mvt.mfr.fr\/#website"},"primaryImageOfPage":{"@id":"https:\/\/mvt.mfr.fr\/index.php\/2020\/12\/10\/proteger\/#primaryimage"},"datePublished":"2020-12-10T14:52:44+00:00","dateModified":"2021-05-21T17:12:29+00:00","author":{"@id":"https:\/\/mvt.mfr.fr\/#\/schema\/person\/0bfea2d415254b1280fb448cbc6cc94f"},"breadcrumb":{"@id":"https:\/\/mvt.mfr.fr\/index.php\/2020\/12\/10\/proteger\/#breadcrumb"},"inLanguage":"fr-FR","potentialAction":[{"@type":"ReadAction","target":["https:\/\/mvt.mfr.fr\/index.php\/2020\/12\/10\/proteger\/"]}]},{"@type":"BreadcrumbList","@id":"https:\/\/mvt.mfr.fr\/index.php\/2020\/12\/10\/proteger\/#breadcrumb","itemListElement":[{"@type":"ListItem","position":1,"name":"Accueil","item":"https:\/\/mvt.mfr.fr\/"},{"@type":"ListItem","position":2,"name":"Prot\u00e9ger"}]},{"@type":"Person","@id":"https:\/\/mvt.mfr.fr\/#\/schema\/person\/0bfea2d415254b1280fb448cbc6cc94f","name":"Olivier","image":{"@type":"ImageObject","@id":"https:\/\/mvt.mfr.fr\/#personlogo","inLanguage":"fr-FR","url":"https:\/\/mvt.mfr.fr\/wp-content\/uploads\/2020\/12\/olivier-150x150.jpg","contentUrl":"https:\/\/mvt.mfr.fr\/wp-content\/uploads\/2020\/12\/olivier-150x150.jpg","caption":"Olivier"},"description":"Charg\u00e9 de d\u00e9veloppement europ\u00e9en, Olivier a connu les MFR lorsqu'il travaillait au S\u00e9n\u00e9gal. Sa confiance dans le pouvoir d\u2019agir des jeunes et dans la capacit\u00e9 d\u2019innovation des territoires ruraux, sous toutes les latitudes, est rest\u00e9e intacte depuis cette \u00e9poque.","url":"https:\/\/mvt.mfr.fr\/index.php\/author\/olivier\/"}]}},"jetpack_featured_media_url":"https:\/\/mvt.mfr.fr\/wp-content\/uploads\/2020\/12\/mvt-citation-respect.jpg","_links":{"self":[{"href":"https:\/\/mvt.mfr.fr\/index.php\/wp-json\/wp\/v2\/posts\/688"}],"collection":[{"href":"https:\/\/mvt.mfr.fr\/index.php\/wp-json\/wp\/v2\/posts"}],"about":[{"href":"https:\/\/mvt.mfr.fr\/index.php\/wp-json\/wp\/v2\/types\/post"}],"author":[{"embeddable":true,"href":"https:\/\/mvt.mfr.fr\/index.php\/wp-json\/wp\/v2\/users\/5"}],"replies":[{"embeddable":true,"href":"https:\/\/mvt.mfr.fr\/index.php\/wp-json\/wp\/v2\/comments?post=688"}],"version-history":[{"count":2,"href":"https:\/\/mvt.mfr.fr\/index.php\/wp-json\/wp\/v2\/posts\/688\/revisions"}],"predecessor-version":[{"id":2108,"href":"https:\/\/mvt.mfr.fr\/index.php\/wp-json\/wp\/v2\/posts\/688\/revisions\/2108"}],"wp:featuredmedia":[{"embeddable":true,"href":"https:\/\/mvt.mfr.fr\/index.php\/wp-json\/wp\/v2\/media\/952"}],"wp:attachment":[{"href":"https:\/\/mvt.mfr.fr\/index.php\/wp-json\/wp\/v2\/media?parent=688"}],"wp:term":[{"taxonomy":"category","embeddable":true,"href":"https:\/\/mvt.mfr.fr\/index.php\/wp-json\/wp\/v2\/categories?post=688"},{"taxonomy":"post_tag","embeddable":true,"href":"https:\/\/mvt.mfr.fr\/index.php\/wp-json\/wp\/v2\/tags?post=688"}],"curies":[{"name":"wp","href":"https:\/\/api.w.org\/{rel}","templated":true}]}}