{"id":657,"date":"2020-12-20T14:44:39","date_gmt":"2020-12-20T13:44:39","guid":{"rendered":"https:\/\/www.mvt.media\/?p=657"},"modified":"2021-05-21T19:15:40","modified_gmt":"2021-05-21T17:15:40","slug":"en-bref-lutter-contre-la-covid-au-senegal","status":"publish","type":"post","link":"https:\/\/mvt.mfr.fr\/index.php\/2020\/12\/20\/en-bref-lutter-contre-la-covid-au-senegal\/","title":{"rendered":"En bref : lutter contre la Covid au S\u00e9n\u00e9gal"},"content":{"rendered":"\n<p>\u00c0 l\u2019heure o\u00f9 la pand\u00e9mie n\u2019\u00e9pargne plus aucun continent, les initiatives et les actions solidaires se multiplient aux quatre coins du globe pour lutter contre la Covid 19.<\/p>\n\n\n\n<div class=\"wp-block-image\"><figure class=\"aligncenter size-large\"><img loading=\"lazy\" width=\"510\" height=\"383\" src=\"data:image\/gif;base64,R0lGODlhAQABAAAAACH5BAEKAAEALAAAAAABAAEAAAICTAEAOw==\" alt=\"\" class=\"wp-image-659 lazyload\" sizes=\"(max-width: 510px) 100vw, 510px\" data-src=\"https:\/\/www.mvt.media\/wp-content\/uploads\/2020\/12\/Sensi_Covid_Se\u0301ne\u0301gal.jpeg.png\" data-srcset=\"https:\/\/mvt.mfr.fr\/wp-content\/uploads\/2020\/12\/Sensi_Covid_Se\u0301ne\u0301gal.jpeg.png 510w, https:\/\/mvt.mfr.fr\/wp-content\/uploads\/2020\/12\/Sensi_Covid_Se\u0301ne\u0301gal.jpeg-300x225.png 300w, https:\/\/mvt.mfr.fr\/wp-content\/uploads\/2020\/12\/Sensi_Covid_Se\u0301ne\u0301gal.jpeg-150x113.png 150w\"><\/figure><\/div>\n\n\n\n<p>Au S\u00e9n\u00e9gal les cliniques locales et la Croix Rouge peuvent compter sur l\u2019appui et le soutien des MFR. Les directeurs des Maisons de Poton, Thionck Essyl, Diaoul\u00e9 et Mako ont \u00e9t\u00e9 form\u00e9s pour pouvoir \u00e0 leur tour sensibiliser les habitants aux gestes barri\u00e8res. Gr\u00e2ce aux radios communautaires, ils peuvent relayer l\u2019information et partager les bonnes pratiques.<\/p>\n\n\n\n<p>La premi\u00e8re promotion en couture de la MFR de Thionck Essyl participe \u00e9galement \u00e0 cet \u00e9lan solidaire en confectionnant des masques distribu\u00e9s gratuitement \u00e0 la population. Gr\u00e2ce \u00e0 la mobilisation et \u00e0 la g\u00e9n\u00e9rosit\u00e9 des uns et des autres, la lutte contre la Covid 19 se structure et se d\u00e9veloppe un peu plus chaque jour.<\/p>\n","protected":false},"excerpt":{"rendered":"<p>\u00c0 l\u2019heure o\u00f9 la pand\u00e9mie n\u2019\u00e9pargne plus aucun continent, les initiatives et les actions solidaires se multiplient aux quatre coins du globe pour lutter contre la Covid 19. Au S\u00e9n\u00e9gal les cliniques locales et la Croix Rouge peuvent compter sur l\u2019appui et le soutien des MFR. Les directeurs des Maisons de Poton, Thionck Essyl, Diaoul\u00e9 [&hellip;]<\/p>\n","protected":false},"author":8,"featured_media":661,"comment_status":"open","ping_status":"closed","sticky":false,"template":"","format":"standard","meta":{"inline_featured_image":false,"spay_email":""},"categories":[951,15],"tags":[949],"yoast_head":"<!-- This site is optimized with the Yoast SEO plugin v17.1 - https:\/\/yoast.com\/wordpress\/plugins\/seo\/ -->\n<meta name=\"robots\" content=\"index, follow, max-snippet:-1, max-image-preview:large, max-video-preview:-1\" \/>\n<link rel=\"canonical\" href=\"https:\/\/mvt.mfr.fr\/index.php\/2020\/12\/20\/en-bref-lutter-contre-la-covid-au-senegal\/\" \/>\n<meta property=\"og:locale\" content=\"fr_FR\" \/>\n<meta property=\"og:type\" content=\"article\" \/>\n<meta property=\"og:title\" content=\"En bref : lutter contre la Covid au S\u00e9n\u00e9gal - MVT\" \/>\n<meta property=\"og:description\" content=\"\u00c0 l\u2019heure o\u00f9 la pand\u00e9mie n\u2019\u00e9pargne plus aucun continent, les initiatives et les actions solidaires se multiplient aux quatre coins du globe pour lutter contre la Covid 19. Au S\u00e9n\u00e9gal les cliniques locales et la Croix Rouge peuvent compter sur l\u2019appui et le soutien des MFR. Les directeurs des Maisons de Poton, Thionck Essyl, Diaoul\u00e9 [&hellip;]\" \/>\n<meta property=\"og:url\" content=\"https:\/\/mvt.mfr.fr\/index.php\/2020\/12\/20\/en-bref-lutter-contre-la-covid-au-senegal\/\" \/>\n<meta property=\"og:site_name\" content=\"MVT\" \/>\n<meta property=\"article:published_time\" content=\"2020-12-20T13:44:39+00:00\" \/>\n<meta property=\"article:modified_time\" content=\"2021-05-21T17:15:40+00:00\" \/>\n<meta property=\"og:image\" content=\"https:\/\/mvt.mfr.fr\/wp-content\/uploads\/2020\/12\/iStock-1227272043p.jpg\" \/>\n\t<meta property=\"og:image:width\" content=\"376\" \/>\n\t<meta property=\"og:image:height\" content=\"251\" \/>\n<meta name=\"twitter:card\" content=\"summary_large_image\" \/>\n<meta name=\"twitter:label1\" content=\"\u00c9crit par\" \/>\n\t<meta name=\"twitter:data1\" content=\"Marion\" \/>\n\t<meta name=\"twitter:label2\" content=\"Dur\u00e9e de lecture est.\" \/>\n\t<meta name=\"twitter:data2\" content=\"1 minute\" \/>\n<script type=\"application\/ld+json\" class=\"yoast-schema-graph\">{\"@context\":\"https:\/\/schema.org\",\"@graph\":[{\"@type\":\"WebSite\",\"@id\":\"https:\/\/mvt.mfr.fr\/#website\",\"url\":\"https:\/\/mvt.mfr.fr\/\",\"name\":\"MVT\",\"description\":\"Le M\\u00e9dia Vraiment Tout terrain\",\"potentialAction\":[{\"@type\":\"SearchAction\",\"target\":{\"@type\":\"EntryPoint\",\"urlTemplate\":\"https:\/\/mvt.mfr.fr\/?s={search_term_string}\"},\"query-input\":\"required name=search_term_string\"}],\"inLanguage\":\"fr-FR\"},{\"@type\":\"ImageObject\",\"@id\":\"https:\/\/mvt.mfr.fr\/index.php\/2020\/12\/20\/en-bref-lutter-contre-la-covid-au-senegal\/#primaryimage\",\"inLanguage\":\"fr-FR\",\"url\":\"https:\/\/mvt.mfr.fr\/wp-content\/uploads\/2020\/12\/iStock-1227272043p.jpg\",\"contentUrl\":\"https:\/\/mvt.mfr.fr\/wp-content\/uploads\/2020\/12\/iStock-1227272043p.jpg\",\"width\":376,\"height\":251,\"caption\":\"Fabric face mask made from cloth or cotton. This mask can protect from covid-19 infection.\"},{\"@type\":\"WebPage\",\"@id\":\"https:\/\/mvt.mfr.fr\/index.php\/2020\/12\/20\/en-bref-lutter-contre-la-covid-au-senegal\/#webpage\",\"url\":\"https:\/\/mvt.mfr.fr\/index.php\/2020\/12\/20\/en-bref-lutter-contre-la-covid-au-senegal\/\",\"name\":\"En bref : lutter contre la Covid au S\\u00e9n\\u00e9gal - MVT\",\"isPartOf\":{\"@id\":\"https:\/\/mvt.mfr.fr\/#website\"},\"primaryImageOfPage\":{\"@id\":\"https:\/\/mvt.mfr.fr\/index.php\/2020\/12\/20\/en-bref-lutter-contre-la-covid-au-senegal\/#primaryimage\"},\"datePublished\":\"2020-12-20T13:44:39+00:00\",\"dateModified\":\"2021-05-21T17:15:40+00:00\",\"author\":{\"@id\":\"https:\/\/mvt.mfr.fr\/#\/schema\/person\/af264996c76b3a470e42fec53ce49a8d\"},\"breadcrumb\":{\"@id\":\"https:\/\/mvt.mfr.fr\/index.php\/2020\/12\/20\/en-bref-lutter-contre-la-covid-au-senegal\/#breadcrumb\"},\"inLanguage\":\"fr-FR\",\"potentialAction\":[{\"@type\":\"ReadAction\",\"target\":[\"https:\/\/mvt.mfr.fr\/index.php\/2020\/12\/20\/en-bref-lutter-contre-la-covid-au-senegal\/\"]}]},{\"@type\":\"BreadcrumbList\",\"@id\":\"https:\/\/mvt.mfr.fr\/index.php\/2020\/12\/20\/en-bref-lutter-contre-la-covid-au-senegal\/#breadcrumb\",\"itemListElement\":[{\"@type\":\"ListItem\",\"position\":1,\"name\":\"Accueil\",\"item\":\"https:\/\/mvt.mfr.fr\/\"},{\"@type\":\"ListItem\",\"position\":2,\"name\":\"En bref : lutter contre la Covid au S\\u00e9n\\u00e9gal\"}]},{\"@type\":\"Person\",\"@id\":\"https:\/\/mvt.mfr.fr\/#\/schema\/person\/af264996c76b3a470e42fec53ce49a8d\",\"name\":\"Marion\",\"description\":\"Charg\\u00e9e de partenariats au service international de l\\u2019Union Nationale des MFR, Marion est convaincue de la n\\u00e9cessit\\u00e9 de reconnaitre et valoriser les milieux ruraux et les jeunes et adultes qui les composent. La collaboration entre mouvements MFR de par le monde participe \\u00e0 cet effort, pour un avenir plus durable.\",\"url\":\"https:\/\/mvt.mfr.fr\/index.php\/author\/marion\/\"}]}<\/script>\n<!-- \/ Yoast SEO plugin. -->","yoast_head_json":{"robots":{"index":"index","follow":"follow","max-snippet":"max-snippet:-1","max-image-preview":"max-image-preview:large","max-video-preview":"max-video-preview:-1"},"canonical":"https:\/\/mvt.mfr.fr\/index.php\/2020\/12\/20\/en-bref-lutter-contre-la-covid-au-senegal\/","og_locale":"fr_FR","og_type":"article","og_title":"En bref : lutter contre la Covid au S\u00e9n\u00e9gal - MVT","og_description":"\u00c0 l\u2019heure o\u00f9 la pand\u00e9mie n\u2019\u00e9pargne plus aucun continent, les initiatives et les actions solidaires se multiplient aux quatre coins du globe pour lutter contre la Covid 19. Au S\u00e9n\u00e9gal les cliniques locales et la Croix Rouge peuvent compter sur l\u2019appui et le soutien des MFR. Les directeurs des Maisons de Poton, Thionck Essyl, Diaoul\u00e9 [&hellip;]","og_url":"https:\/\/mvt.mfr.fr\/index.php\/2020\/12\/20\/en-bref-lutter-contre-la-covid-au-senegal\/","og_site_name":"MVT","article_published_time":"2020-12-20T13:44:39+00:00","article_modified_time":"2021-05-21T17:15:40+00:00","og_image":[{"width":376,"height":251,"url":"https:\/\/mvt.mfr.fr\/wp-content\/uploads\/2020\/12\/iStock-1227272043p.jpg","path":"\/var\/www\/clients\/client3\/web3\/web\/wp-content\/uploads\/2020\/12\/iStock-1227272043p.jpg","size":"full","id":"661","alt":"","pixels":94376,"type":"image\/jpeg"}],"twitter_card":"summary_large_image","twitter_misc":{"\u00c9crit par":"Marion","Dur\u00e9e de lecture est.":"1 minute"},"schema":{"@context":"https:\/\/schema.org","@graph":[{"@type":"WebSite","@id":"https:\/\/mvt.mfr.fr\/#website","url":"https:\/\/mvt.mfr.fr\/","name":"MVT","description":"Le M\u00e9dia Vraiment Tout terrain","potentialAction":[{"@type":"SearchAction","target":{"@type":"EntryPoint","urlTemplate":"https:\/\/mvt.mfr.fr\/?s={search_term_string}"},"query-input":"required name=search_term_string"}],"inLanguage":"fr-FR"},{"@type":"ImageObject","@id":"https:\/\/mvt.mfr.fr\/index.php\/2020\/12\/20\/en-bref-lutter-contre-la-covid-au-senegal\/#primaryimage","inLanguage":"fr-FR","url":"https:\/\/mvt.mfr.fr\/wp-content\/uploads\/2020\/12\/iStock-1227272043p.jpg","contentUrl":"https:\/\/mvt.mfr.fr\/wp-content\/uploads\/2020\/12\/iStock-1227272043p.jpg","width":376,"height":251,"caption":"Fabric face mask made from cloth or cotton. This mask can protect from covid-19 infection."},{"@type":"WebPage","@id":"https:\/\/mvt.mfr.fr\/index.php\/2020\/12\/20\/en-bref-lutter-contre-la-covid-au-senegal\/#webpage","url":"https:\/\/mvt.mfr.fr\/index.php\/2020\/12\/20\/en-bref-lutter-contre-la-covid-au-senegal\/","name":"En bref : lutter contre la Covid au S\u00e9n\u00e9gal - MVT","isPartOf":{"@id":"https:\/\/mvt.mfr.fr\/#website"},"primaryImageOfPage":{"@id":"https:\/\/mvt.mfr.fr\/index.php\/2020\/12\/20\/en-bref-lutter-contre-la-covid-au-senegal\/#primaryimage"},"datePublished":"2020-12-20T13:44:39+00:00","dateModified":"2021-05-21T17:15:40+00:00","author":{"@id":"https:\/\/mvt.mfr.fr\/#\/schema\/person\/af264996c76b3a470e42fec53ce49a8d"},"breadcrumb":{"@id":"https:\/\/mvt.mfr.fr\/index.php\/2020\/12\/20\/en-bref-lutter-contre-la-covid-au-senegal\/#breadcrumb"},"inLanguage":"fr-FR","potentialAction":[{"@type":"ReadAction","target":["https:\/\/mvt.mfr.fr\/index.php\/2020\/12\/20\/en-bref-lutter-contre-la-covid-au-senegal\/"]}]},{"@type":"BreadcrumbList","@id":"https:\/\/mvt.mfr.fr\/index.php\/2020\/12\/20\/en-bref-lutter-contre-la-covid-au-senegal\/#breadcrumb","itemListElement":[{"@type":"ListItem","position":1,"name":"Accueil","item":"https:\/\/mvt.mfr.fr\/"},{"@type":"ListItem","position":2,"name":"En bref : lutter contre la Covid au S\u00e9n\u00e9gal"}]},{"@type":"Person","@id":"https:\/\/mvt.mfr.fr\/#\/schema\/person\/af264996c76b3a470e42fec53ce49a8d","name":"Marion","description":"Charg\u00e9e de partenariats au service international de l\u2019Union Nationale des MFR, Marion est convaincue de la n\u00e9cessit\u00e9 de reconnaitre et valoriser les milieux ruraux et les jeunes et adultes qui les composent. La collaboration entre mouvements MFR de par le monde participe \u00e0 cet effort, pour un avenir plus durable.","url":"https:\/\/mvt.mfr.fr\/index.php\/author\/marion\/"}]}},"jetpack_featured_media_url":"https:\/\/mvt.mfr.fr\/wp-content\/uploads\/2020\/12\/iStock-1227272043p.jpg","_links":{"self":[{"href":"https:\/\/mvt.mfr.fr\/index.php\/wp-json\/wp\/v2\/posts\/657"}],"collection":[{"href":"https:\/\/mvt.mfr.fr\/index.php\/wp-json\/wp\/v2\/posts"}],"about":[{"href":"https:\/\/mvt.mfr.fr\/index.php\/wp-json\/wp\/v2\/types\/post"}],"author":[{"embeddable":true,"href":"https:\/\/mvt.mfr.fr\/index.php\/wp-json\/wp\/v2\/users\/8"}],"replies":[{"embeddable":true,"href":"https:\/\/mvt.mfr.fr\/index.php\/wp-json\/wp\/v2\/comments?post=657"}],"version-history":[{"count":1,"href":"https:\/\/mvt.mfr.fr\/index.php\/wp-json\/wp\/v2\/posts\/657\/revisions"}],"predecessor-version":[{"id":1546,"href":"https:\/\/mvt.mfr.fr\/index.php\/wp-json\/wp\/v2\/posts\/657\/revisions\/1546"}],"wp:featuredmedia":[{"embeddable":true,"href":"https:\/\/mvt.mfr.fr\/index.php\/wp-json\/wp\/v2\/media\/661"}],"wp:attachment":[{"href":"https:\/\/mvt.mfr.fr\/index.php\/wp-json\/wp\/v2\/media?parent=657"}],"wp:term":[{"taxonomy":"category","embeddable":true,"href":"https:\/\/mvt.mfr.fr\/index.php\/wp-json\/wp\/v2\/categories?post=657"},{"taxonomy":"post_tag","embeddable":true,"href":"https:\/\/mvt.mfr.fr\/index.php\/wp-json\/wp\/v2\/tags?post=657"}],"curies":[{"name":"wp","href":"https:\/\/api.w.org\/{rel}","templated":true}]}}