{"id":2379,"date":"2024-07-19T15:38:33","date_gmt":"2024-07-19T13:38:33","guid":{"rendered":"https:\/\/mvt.mfr.fr\/?p=2379"},"modified":"2024-09-23T16:05:31","modified_gmt":"2024-09-23T14:05:31","slug":"agroecologie-portrait-de-ketteline-agricultrice-passionnee","status":"publish","type":"post","link":"https:\/\/mvt.mfr.fr\/index.php\/2024\/07\/19\/agroecologie-portrait-de-ketteline-agricultrice-passionnee\/","title":{"rendered":"Agro\u00e9cologie : portrait de Ketteline, agricultrice passionn\u00e9e"},"content":{"rendered":"\n<p><strong>Ketteline Louis est une agricultrice et m\u00e8re de famille ha\u00eftienne r\u00e9sidant dans le d\u00e9partement du Nord. Elle a r\u00e9cemment b\u00e9n\u00e9fici\u00e9 d\u2019une formation en agro\u00e9cologie dispens\u00e9e par la MFR de Limonade.<\/strong><\/p>\n\n\n\n<p>Cette formation s&rsquo;est d\u00e9roul\u00e9e dans le cadre du projet DEPARE (Droit de l\u2019Enfance via une Parentalit\u00e9 responsable) port\u00e9 par SOS Village d\u2019Enfants en partenariat avec la MFR de Limonade). Ketteline nous partage en vid\u00e9o sa passion pour l\u2019agriculture, ainsi que les b\u00e9n\u00e9fices tir\u00e9s de la formation et de l\u2019accompagnement de la MFR.<\/p>\n\n\n\n<p><\/p>\n\n\n\n<p>D\u00e9couvrez le t\u00e9moignage inspirant de Ketteline :<\/p>\n\n\n\n\n\n<iframe width=\"560\" height=\"315\" data-requires-vendor-consent=\"Youtube\" data-src=\"https:\/\/www.youtube.com\/embed\/kRiOumHE_bg?si=yIhvACGVHjcG-213\" title=\"YouTube video player\" frameborder=\"0\" allow=\"accelerometer; autoplay; clipboard-write; encrypted-media; gyroscope; picture-in-picture; web-share\" referrerpolicy=\"strict-origin-when-cross-origin\" allowfullscreen><\/iframe>\n\n\n<a id=\"btn-cookies-youtube\" class=\"btn btn-cookie-yt\">\n\t\t\t\t\tPour activer ce contenu et acc\u00e9der \u00e0 la vid\u00e9o, cliquez ici pour accepter le d\u00e9p\u00f4t de cookies\n\t\t\t\t<\/a><\/p>\n\n\n\n<p><\/p>\n\n\n\n<p><\/p>\n\n\n\n<p><\/p>\n\n\n\n<p>Dans cette vid\u00e9o, nous vous pr\u00e9sentons Ketteline Louis. Elle a suivi une formation en agro\u00e9cologie offerte par la <a href=\"https:\/\/www.facebook.com\/mfrlimonade.haiti.3\/?locale=fr_FR\">Maison Familiale Rurale de Limonade<\/a> (MFR-L), dans le cadre d&rsquo;un partenariat avec SOS Village d&rsquo;Enfants via le <a href=\"https:\/\/www.sosve.org\/les-actions-a-linternational\/depare\/\">projet DEPARE<\/a>. Ketteline partage son parcours, ses d\u00e9fis et ses succ\u00e8s en tant qu\u2019agricultrice passionn\u00e9e.<\/p>\n\n\n\n<h3>Rencontrez Ketteline Louis<\/h3>\n\n\n\n<p>Originaire de Pignon, Ketteline vit maintenant \u00e0 Desplantes. Elle a toujours aim\u00e9 l&rsquo;agriculture et pratique depuis son enfance.<\/p>\n\n\n\n<p>Elle est m\u00e8re de six enfants et grand-m\u00e8re de trois petits-fils. Sur son exploitation familiale, elle cultive des bananes, du ma\u00efs, de l\u2019amarante, du melon, des aubergines, du gombo, des pois n\u00e8gres, du taro, et bien plus encore.<\/p>\n\n\n\n<h3>Les d\u00e9fis et les solutions<\/h3>\n\n\n\n<p>Ketteline a rencontr\u00e9 des difficult\u00e9s comme des attaques de chenilles sur ses semences. Gr\u00e2ce \u00e0 sa patience et aux techniques apprises, elle a surmont\u00e9 ces obstacles.<\/p>\n\n\n\n<p>Elle utilise des pratiques agro\u00e9cologiques. Par exemple, elle pr\u00e9pare les semences sur un lit de semis et arrose r\u00e9guli\u00e8rement ses cultures.<\/p>\n\n\n\n<h3>Des conseils pour la communaut\u00e9<\/h3>\n\n\n\n<p>Ketteline encourage ses pairs \u00e0 jardiner, m\u00eame avec peu d\u2019espace. Elle propose des astuces comme utiliser des pneus usag\u00e9s ou des bacs pour planter. Elle recommande aussi de r\u00e9cup\u00e9rer la cendre de charbon pour am\u00e9liorer le sol.<\/p>\n\n\n\n<h3>L&rsquo;importance de la cultivation<\/h3>\n\n\n\n<p>Ketteline partage des anecdotes inspirantes. Ses r\u00e9coltes nourrissent sa famille avec des produits sains et naturels. Elles g\u00e9n\u00e8rent aussi des revenus suppl\u00e9mentaires. M\u00eame ceux qui h\u00e9sitent \u00e0 cultiver peuvent en tirer des b\u00e9n\u00e9fices consid\u00e9rables.<\/p>\n\n\n\n<p>Regardez la vid\u00e9o compl\u00e8te pour d\u00e9couvrir l&rsquo;histoire inspirante de Ketteline Louis. Apprenez comment elle transforme sa passion pour l&rsquo;agriculture en une source de subsistance et de fiert\u00e9 pour sa famille.<\/p>\n","protected":false},"excerpt":{"rendered":"<p>D\u00e9couvrez Ketteline Louis, agricultrice ha\u00eftienne, form\u00e9e en agro\u00e9cologie par la MFR de Limonade. Passion et r\u00e9silience au c\u0153ur de son parcours.<\/p>\n","protected":false},"author":8,"featured_media":2383,"comment_status":"closed","ping_status":"open","sticky":false,"template":"","format":"standard","meta":{"inline_featured_image":false,"spay_email":""},"categories":[10],"tags":[1281,1287,1282,1286,1288,1285,1045,1283,1284],"yoast_head":"<!-- This site is optimized with the Yoast SEO plugin v17.1 - https:\/\/yoast.com\/wordpress\/plugins\/seo\/ -->\n<meta name=\"description\" content=\"D\u00e9couvrez Ketteline Louis, agricultrice ha\u00eftienne, form\u00e9e en agro\u00e9cologie par la MFR de Limonade. Passion et r\u00e9silience au c\u0153ur de son parcours\" \/>\n<meta name=\"robots\" content=\"index, follow, max-snippet:-1, max-image-preview:large, max-video-preview:-1\" \/>\n<link rel=\"canonical\" href=\"https:\/\/mvt.mfr.fr\/index.php\/2024\/07\/19\/agroecologie-portrait-de-ketteline-agricultrice-passionnee\/\" \/>\n<meta property=\"og:locale\" content=\"fr_FR\" \/>\n<meta property=\"og:type\" content=\"article\" \/>\n<meta property=\"og:title\" content=\"Agro\u00e9cologie : portrait de Ketteline, agricultrice passionn\u00e9e\" \/>\n<meta property=\"og:description\" content=\"D\u00e9couvrez Ketteline Louis, agricultrice ha\u00eftienne, form\u00e9e en agro\u00e9cologie par la MFR de Limonade. Passion et r\u00e9silience au c\u0153ur de son parcours.\" \/>\n<meta property=\"og:url\" content=\"https:\/\/mvt.mfr.fr\/index.php\/2024\/07\/19\/agroecologie-portrait-de-ketteline-agricultrice-passionnee\/\" \/>\n<meta property=\"og:site_name\" content=\"MVT\" \/>\n<meta property=\"article:published_time\" content=\"2024-07-19T13:38:33+00:00\" \/>\n<meta property=\"article:modified_time\" content=\"2024-09-23T14:05:31+00:00\" \/>\n<meta property=\"og:image\" content=\"https:\/\/mvt.mfr.fr\/wp-content\/uploads\/2024\/07\/Capture-de\u0301cran-2024-07-19-a\u0300-15.16.58.png\" \/>\n\t<meta property=\"og:image:width\" content=\"2384\" \/>\n\t<meta property=\"og:image:height\" content=\"1310\" \/>\n<meta name=\"twitter:card\" content=\"summary_large_image\" \/>\n<meta name=\"twitter:title\" content=\"Agro\u00e9cologie : portrait de Ketteline, agricultrice passionn\u00e9e\" \/>\n<meta name=\"twitter:description\" content=\"D\u00e9couvrez Ketteline Louis, agricultrice ha\u00eftienne, form\u00e9e en agro\u00e9cologie par la MFR de Limonade. Passion et r\u00e9silience au c\u0153ur de son parcours.\" \/>\n<meta name=\"twitter:image\" content=\"https:\/\/mvt.mfr.fr\/wp-content\/uploads\/2024\/07\/Capture-de\u0301cran-2024-07-19-a\u0300-15.16.58.png\" \/>\n<meta name=\"twitter:label1\" content=\"\u00c9crit par\" \/>\n\t<meta name=\"twitter:data1\" content=\"Marion\" \/>\n\t<meta name=\"twitter:label2\" content=\"Dur\u00e9e de lecture est.\" \/>\n\t<meta name=\"twitter:data2\" content=\"2 minutes\" \/>\n<script type=\"application\/ld+json\" class=\"yoast-schema-graph\">{\"@context\":\"https:\/\/schema.org\",\"@graph\":[{\"@type\":\"WebSite\",\"@id\":\"https:\/\/mvt.mfr.fr\/#website\",\"url\":\"https:\/\/mvt.mfr.fr\/\",\"name\":\"MVT\",\"description\":\"Le M\\u00e9dia Vraiment Tout terrain\",\"potentialAction\":[{\"@type\":\"SearchAction\",\"target\":{\"@type\":\"EntryPoint\",\"urlTemplate\":\"https:\/\/mvt.mfr.fr\/?s={search_term_string}\"},\"query-input\":\"required name=search_term_string\"}],\"inLanguage\":\"fr-FR\"},{\"@type\":\"ImageObject\",\"@id\":\"https:\/\/mvt.mfr.fr\/index.php\/2024\/07\/19\/agroecologie-portrait-de-ketteline-agricultrice-passionnee\/#primaryimage\",\"inLanguage\":\"fr-FR\",\"url\":\"https:\/\/mvt.mfr.fr\/wp-content\/uploads\/2024\/07\/Capture-de\\u0301cran-2024-07-19-a\\u0300-15.16.58.png\",\"contentUrl\":\"https:\/\/mvt.mfr.fr\/wp-content\/uploads\/2024\/07\/Capture-de\\u0301cran-2024-07-19-a\\u0300-15.16.58.png\",\"width\":2384,\"height\":1310,\"caption\":\"Ketteline Louis, agricultrice passionn\\u00e9e en Ha\\u00efti, partage son amour pour le jardinage dans son exploitation familiale, cultivant diverses plantes pour nourrir sa famille.\"},{\"@type\":\"WebPage\",\"@id\":\"https:\/\/mvt.mfr.fr\/index.php\/2024\/07\/19\/agroecologie-portrait-de-ketteline-agricultrice-passionnee\/#webpage\",\"url\":\"https:\/\/mvt.mfr.fr\/index.php\/2024\/07\/19\/agroecologie-portrait-de-ketteline-agricultrice-passionnee\/\",\"name\":\"Agro\\u00e9cologie : portrait de Ketteline, agricultrice passionn\\u00e9e - MVT\",\"isPartOf\":{\"@id\":\"https:\/\/mvt.mfr.fr\/#website\"},\"primaryImageOfPage\":{\"@id\":\"https:\/\/mvt.mfr.fr\/index.php\/2024\/07\/19\/agroecologie-portrait-de-ketteline-agricultrice-passionnee\/#primaryimage\"},\"datePublished\":\"2024-07-19T13:38:33+00:00\",\"dateModified\":\"2024-09-23T14:05:31+00:00\",\"author\":{\"@id\":\"https:\/\/mvt.mfr.fr\/#\/schema\/person\/af264996c76b3a470e42fec53ce49a8d\"},\"description\":\"D\\u00e9couvrez Ketteline Louis, agricultrice ha\\u00eftienne, form\\u00e9e en agro\\u00e9cologie par la MFR de Limonade. Passion et r\\u00e9silience au c\\u0153ur de son parcours\",\"breadcrumb\":{\"@id\":\"https:\/\/mvt.mfr.fr\/index.php\/2024\/07\/19\/agroecologie-portrait-de-ketteline-agricultrice-passionnee\/#breadcrumb\"},\"inLanguage\":\"fr-FR\",\"potentialAction\":[{\"@type\":\"ReadAction\",\"target\":[\"https:\/\/mvt.mfr.fr\/index.php\/2024\/07\/19\/agroecologie-portrait-de-ketteline-agricultrice-passionnee\/\"]}]},{\"@type\":\"BreadcrumbList\",\"@id\":\"https:\/\/mvt.mfr.fr\/index.php\/2024\/07\/19\/agroecologie-portrait-de-ketteline-agricultrice-passionnee\/#breadcrumb\",\"itemListElement\":[{\"@type\":\"ListItem\",\"position\":1,\"name\":\"Accueil\",\"item\":\"https:\/\/mvt.mfr.fr\/\"},{\"@type\":\"ListItem\",\"position\":2,\"name\":\"Agro\\u00e9cologie : portrait de Ketteline, agricultrice passionn\\u00e9e\"}]},{\"@type\":\"Person\",\"@id\":\"https:\/\/mvt.mfr.fr\/#\/schema\/person\/af264996c76b3a470e42fec53ce49a8d\",\"name\":\"Marion\",\"description\":\"Charg\\u00e9e de partenariats au service international de l\\u2019Union Nationale des MFR, Marion est convaincue de la n\\u00e9cessit\\u00e9 de reconnaitre et valoriser les milieux ruraux et les jeunes et adultes qui les composent. La collaboration entre mouvements MFR de par le monde participe \\u00e0 cet effort, pour un avenir plus durable.\",\"url\":\"https:\/\/mvt.mfr.fr\/index.php\/author\/marion\/\"}]}<\/script>\n<!-- \/ Yoast SEO plugin. -->","yoast_head_json":{"description":"D\u00e9couvrez Ketteline Louis, agricultrice ha\u00eftienne, form\u00e9e en agro\u00e9cologie par la MFR de Limonade. Passion et r\u00e9silience au c\u0153ur de son parcours","robots":{"index":"index","follow":"follow","max-snippet":"max-snippet:-1","max-image-preview":"max-image-preview:large","max-video-preview":"max-video-preview:-1"},"canonical":"https:\/\/mvt.mfr.fr\/index.php\/2024\/07\/19\/agroecologie-portrait-de-ketteline-agricultrice-passionnee\/","og_locale":"fr_FR","og_type":"article","og_title":"Agro\u00e9cologie : portrait de Ketteline, agricultrice passionn\u00e9e","og_description":"D\u00e9couvrez Ketteline Louis, agricultrice ha\u00eftienne, form\u00e9e en agro\u00e9cologie par la MFR de Limonade. Passion et r\u00e9silience au c\u0153ur de son parcours.","og_url":"https:\/\/mvt.mfr.fr\/index.php\/2024\/07\/19\/agroecologie-portrait-de-ketteline-agricultrice-passionnee\/","og_site_name":"MVT","article_published_time":"2024-07-19T13:38:33+00:00","article_modified_time":"2024-09-23T14:05:31+00:00","og_image":[{"width":2384,"height":1310,"url":"https:\/\/mvt.mfr.fr\/wp-content\/uploads\/2024\/07\/Capture-de\u0301cran-2024-07-19-a\u0300-15.16.58.png","path":"\/var\/www\/clients\/client3\/web3\/web\/wp-content\/uploads\/2024\/07\/Capture-de\u0301cran-2024-07-19-a\u0300-15.16.58.png","size":"full","id":"2383","alt":"Ketteline Louis, agricultrice passionn\u00e9e en Ha\u00efti, partage son amour pour le jardinage dans son exploitation familiale, cultivant diverses plantes pour nourrir sa famille.","pixels":3123040,"type":"image\/png"}],"twitter_card":"summary_large_image","twitter_title":"Agro\u00e9cologie : portrait de Ketteline, agricultrice passionn\u00e9e","twitter_description":"D\u00e9couvrez Ketteline Louis, agricultrice ha\u00eftienne, form\u00e9e en agro\u00e9cologie par la MFR de Limonade. Passion et r\u00e9silience au c\u0153ur de son parcours.","twitter_image":"https:\/\/mvt.mfr.fr\/wp-content\/uploads\/2024\/07\/Capture-de\u0301cran-2024-07-19-a\u0300-15.16.58.png","twitter_misc":{"\u00c9crit par":"Marion","Dur\u00e9e de lecture est.":"2 minutes"},"schema":{"@context":"https:\/\/schema.org","@graph":[{"@type":"WebSite","@id":"https:\/\/mvt.mfr.fr\/#website","url":"https:\/\/mvt.mfr.fr\/","name":"MVT","description":"Le M\u00e9dia Vraiment Tout terrain","potentialAction":[{"@type":"SearchAction","target":{"@type":"EntryPoint","urlTemplate":"https:\/\/mvt.mfr.fr\/?s={search_term_string}"},"query-input":"required name=search_term_string"}],"inLanguage":"fr-FR"},{"@type":"ImageObject","@id":"https:\/\/mvt.mfr.fr\/index.php\/2024\/07\/19\/agroecologie-portrait-de-ketteline-agricultrice-passionnee\/#primaryimage","inLanguage":"fr-FR","url":"https:\/\/mvt.mfr.fr\/wp-content\/uploads\/2024\/07\/Capture-de\u0301cran-2024-07-19-a\u0300-15.16.58.png","contentUrl":"https:\/\/mvt.mfr.fr\/wp-content\/uploads\/2024\/07\/Capture-de\u0301cran-2024-07-19-a\u0300-15.16.58.png","width":2384,"height":1310,"caption":"Ketteline Louis, agricultrice passionn\u00e9e en Ha\u00efti, partage son amour pour le jardinage dans son exploitation familiale, cultivant diverses plantes pour nourrir sa famille."},{"@type":"WebPage","@id":"https:\/\/mvt.mfr.fr\/index.php\/2024\/07\/19\/agroecologie-portrait-de-ketteline-agricultrice-passionnee\/#webpage","url":"https:\/\/mvt.mfr.fr\/index.php\/2024\/07\/19\/agroecologie-portrait-de-ketteline-agricultrice-passionnee\/","name":"Agro\u00e9cologie : portrait de Ketteline, agricultrice passionn\u00e9e - MVT","isPartOf":{"@id":"https:\/\/mvt.mfr.fr\/#website"},"primaryImageOfPage":{"@id":"https:\/\/mvt.mfr.fr\/index.php\/2024\/07\/19\/agroecologie-portrait-de-ketteline-agricultrice-passionnee\/#primaryimage"},"datePublished":"2024-07-19T13:38:33+00:00","dateModified":"2024-09-23T14:05:31+00:00","author":{"@id":"https:\/\/mvt.mfr.fr\/#\/schema\/person\/af264996c76b3a470e42fec53ce49a8d"},"description":"D\u00e9couvrez Ketteline Louis, agricultrice ha\u00eftienne, form\u00e9e en agro\u00e9cologie par la MFR de Limonade. Passion et r\u00e9silience au c\u0153ur de son parcours","breadcrumb":{"@id":"https:\/\/mvt.mfr.fr\/index.php\/2024\/07\/19\/agroecologie-portrait-de-ketteline-agricultrice-passionnee\/#breadcrumb"},"inLanguage":"fr-FR","potentialAction":[{"@type":"ReadAction","target":["https:\/\/mvt.mfr.fr\/index.php\/2024\/07\/19\/agroecologie-portrait-de-ketteline-agricultrice-passionnee\/"]}]},{"@type":"BreadcrumbList","@id":"https:\/\/mvt.mfr.fr\/index.php\/2024\/07\/19\/agroecologie-portrait-de-ketteline-agricultrice-passionnee\/#breadcrumb","itemListElement":[{"@type":"ListItem","position":1,"name":"Accueil","item":"https:\/\/mvt.mfr.fr\/"},{"@type":"ListItem","position":2,"name":"Agro\u00e9cologie : portrait de Ketteline, agricultrice passionn\u00e9e"}]},{"@type":"Person","@id":"https:\/\/mvt.mfr.fr\/#\/schema\/person\/af264996c76b3a470e42fec53ce49a8d","name":"Marion","description":"Charg\u00e9e de partenariats au service international de l\u2019Union Nationale des MFR, Marion est convaincue de la n\u00e9cessit\u00e9 de reconnaitre et valoriser les milieux ruraux et les jeunes et adultes qui les composent. La collaboration entre mouvements MFR de par le monde participe \u00e0 cet effort, pour un avenir plus durable.","url":"https:\/\/mvt.mfr.fr\/index.php\/author\/marion\/"}]}},"jetpack_featured_media_url":"https:\/\/mvt.mfr.fr\/wp-content\/uploads\/2024\/07\/Capture-de\u0301cran-2024-07-19-a\u0300-15.16.58.png","_links":{"self":[{"href":"https:\/\/mvt.mfr.fr\/index.php\/wp-json\/wp\/v2\/posts\/2379"}],"collection":[{"href":"https:\/\/mvt.mfr.fr\/index.php\/wp-json\/wp\/v2\/posts"}],"about":[{"href":"https:\/\/mvt.mfr.fr\/index.php\/wp-json\/wp\/v2\/types\/post"}],"author":[{"embeddable":true,"href":"https:\/\/mvt.mfr.fr\/index.php\/wp-json\/wp\/v2\/users\/8"}],"replies":[{"embeddable":true,"href":"https:\/\/mvt.mfr.fr\/index.php\/wp-json\/wp\/v2\/comments?post=2379"}],"version-history":[{"count":9,"href":"https:\/\/mvt.mfr.fr\/index.php\/wp-json\/wp\/v2\/posts\/2379\/revisions"}],"predecessor-version":[{"id":2394,"href":"https:\/\/mvt.mfr.fr\/index.php\/wp-json\/wp\/v2\/posts\/2379\/revisions\/2394"}],"wp:featuredmedia":[{"embeddable":true,"href":"https:\/\/mvt.mfr.fr\/index.php\/wp-json\/wp\/v2\/media\/2383"}],"wp:attachment":[{"href":"https:\/\/mvt.mfr.fr\/index.php\/wp-json\/wp\/v2\/media?parent=2379"}],"wp:term":[{"taxonomy":"category","embeddable":true,"href":"https:\/\/mvt.mfr.fr\/index.php\/wp-json\/wp\/v2\/categories?post=2379"},{"taxonomy":"post_tag","embeddable":true,"href":"https:\/\/mvt.mfr.fr\/index.php\/wp-json\/wp\/v2\/tags?post=2379"}],"curies":[{"name":"wp","href":"https:\/\/api.w.org\/{rel}","templated":true}]}}