{"id":2348,"date":"2022-12-28T09:02:00","date_gmt":"2022-12-28T08:02:00","guid":{"rendered":"https:\/\/mvt.mfr.fr\/?p=2348"},"modified":"2022-12-22T19:55:06","modified_gmt":"2022-12-22T18:55:06","slug":"duo-de-choc-monique-et-maryse","status":"publish","type":"post","link":"https:\/\/mvt.mfr.fr\/index.php\/2022\/12\/28\/duo-de-choc-monique-et-maryse\/","title":{"rendered":"Duo de choc : Monique et Maryse"},"content":{"rendered":"\n<p>Monique et Maryse, m\u00e8res d&rsquo;anciens dipl\u00f4m\u00e9s en MFR, ont d\u00e9cid\u00e9 de continuer l&rsquo;aventure \u00e0 la pr\u00e9sidence d&rsquo;une Maison Familiale Rurale. Elles racontent leur exp\u00e9rience pour MVT :<\/p>\n\n\n\n<blockquote class=\"wp-block-quote\"><p>Je suis tr\u00e8s fi\u00e8re de mon fils, parce qu&rsquo;il y est arriv\u00e9, gr\u00e2ce en grande partie aux MFR. Et lui est parti, mais nous, nous sommes rest\u00e9es !<\/p><cite>Monique EVRARD<\/cite><\/blockquote>\n\n\n\n<p><\/p>\n\n\n\n<p><p><iframe width=\"100%\" height=\"100%\" data-requires-vendor-consent=\"Youtube\" data-src=\"https:\/\/www.youtube.com\/embed\/sxn-TBX32fc\" title=\"YouTube video player\" frameborder=\"0\" allow=\"accelerometer; autoplay; clipboard-write; encrypted-media; gyroscope; picture-in-picture\" allowfullscreen=\"\"><\/iframe><\/p>\n\n<a id=\"btn-cookies-youtube\" class=\"btn btn-cookie-yt\">\n\t\t\t\t\tPour activer ce contenu et acc\u00e9der \u00e0 la vid\u00e9o, cliquez ici pour accepter le d\u00e9p\u00f4t de cookies\n\t\t\t\t<\/a><\/p>\n","protected":false},"excerpt":{"rendered":"<p>Monique et Maryse, m\u00e8res d&rsquo;anciens dipl\u00f4m\u00e9s en MFR, ont d\u00e9cid\u00e9 de continuer l&rsquo;aventure \u00e0 la pr\u00e9sidence d&rsquo;une Maison Familiale Rurale. Elles racontent leur exp\u00e9rience pour MVT.<\/p>\n","protected":false},"author":6,"featured_media":2350,"comment_status":"closed","ping_status":"open","sticky":false,"template":"","format":"standard","meta":{"inline_featured_image":false,"spay_email":""},"categories":[10,9],"tags":[1071,1093],"yoast_head":"<!-- This site is optimized with the Yoast SEO plugin v17.1 - https:\/\/yoast.com\/wordpress\/plugins\/seo\/ -->\n<meta name=\"description\" content=\"Monique et Maryse, m\u00e8res d&#039;anciens dipl\u00f4m\u00e9s en MFR, ont d\u00e9cid\u00e9 de continuer l&#039;aventure \u00e0 la pr\u00e9sidence d&#039;une Maison Familiale Rurale. Elles racontent leur exp\u00e9rience pour MVT :\" \/>\n<meta name=\"robots\" content=\"index, follow, max-snippet:-1, max-image-preview:large, max-video-preview:-1\" \/>\n<link rel=\"canonical\" href=\"https:\/\/mvt.mfr.fr\/index.php\/2022\/12\/28\/duo-de-choc-monique-et-maryse\/\" \/>\n<meta property=\"og:locale\" content=\"fr_FR\" \/>\n<meta property=\"og:type\" content=\"article\" \/>\n<meta property=\"og:title\" content=\"Duo de choc : Monique et Maryse\" \/>\n<meta property=\"og:description\" content=\"Monique et Maryse, m\u00e8res d&#039;anciens dipl\u00f4m\u00e9s en MFR, ont d\u00e9cid\u00e9 de continuer l&#039;aventure \u00e0 la pr\u00e9sidence d&#039;une Maison Familiale Rurale. Elles racontent leur exp\u00e9rience pour MVT :\" \/>\n<meta property=\"og:url\" content=\"https:\/\/mvt.mfr.fr\/index.php\/2022\/12\/28\/duo-de-choc-monique-et-maryse\/\" \/>\n<meta property=\"og:site_name\" content=\"MVT\" \/>\n<meta property=\"article:published_time\" content=\"2022-12-28T08:02:00+00:00\" \/>\n<meta property=\"article:modified_time\" content=\"2022-12-22T18:55:06+00:00\" \/>\n<meta property=\"og:image\" content=\"https:\/\/mvt.mfr.fr\/wp-content\/uploads\/2022\/12\/Capture-de\u0301cran-2022-12-22-a\u0300-18.02.53-1024x826.png\" \/>\n\t<meta property=\"og:image:width\" content=\"1024\" \/>\n\t<meta property=\"og:image:height\" content=\"826\" \/>\n<meta name=\"twitter:card\" content=\"summary_large_image\" \/>\n<meta name=\"twitter:title\" content=\"Duo de choc : Monique et Maryse\" \/>\n<meta name=\"twitter:description\" content=\"Monique et Maryse, m\u00e8res d&#039;anciens dipl\u00f4m\u00e9s en MFR, ont d\u00e9cid\u00e9 de continuer l&#039;aventure \u00e0 la pr\u00e9sidence d&#039;une Maison Familiale Rurale. Elles racontent leur exp\u00e9rience pour MVT :\" \/>\n<meta name=\"twitter:image\" content=\"https:\/\/mvt.mfr.fr\/wp-content\/uploads\/2022\/12\/Capture-de\u0301cran-2022-12-22-a\u0300-18.02.53.png\" \/>\n<meta name=\"twitter:label1\" content=\"\u00c9crit par\" \/>\n\t<meta name=\"twitter:data1\" content=\"Christophe\" \/>\n\t<meta name=\"twitter:label2\" content=\"Dur\u00e9e de lecture est.\" \/>\n\t<meta name=\"twitter:data2\" content=\"1 minute\" \/>\n<script type=\"application\/ld+json\" class=\"yoast-schema-graph\">{\"@context\":\"https:\/\/schema.org\",\"@graph\":[{\"@type\":\"WebSite\",\"@id\":\"https:\/\/mvt.mfr.fr\/#website\",\"url\":\"https:\/\/mvt.mfr.fr\/\",\"name\":\"MVT\",\"description\":\"Le M\\u00e9dia Vraiment Tout terrain\",\"potentialAction\":[{\"@type\":\"SearchAction\",\"target\":{\"@type\":\"EntryPoint\",\"urlTemplate\":\"https:\/\/mvt.mfr.fr\/?s={search_term_string}\"},\"query-input\":\"required name=search_term_string\"}],\"inLanguage\":\"fr-FR\"},{\"@type\":\"ImageObject\",\"@id\":\"https:\/\/mvt.mfr.fr\/index.php\/2022\/12\/28\/duo-de-choc-monique-et-maryse\/#primaryimage\",\"inLanguage\":\"fr-FR\",\"url\":\"https:\/\/mvt.mfr.fr\/wp-content\/uploads\/2022\/12\/Capture-de\\u0301cran-2022-12-22-a\\u0300-18.02.53.png\",\"contentUrl\":\"https:\/\/mvt.mfr.fr\/wp-content\/uploads\/2022\/12\/Capture-de\\u0301cran-2022-12-22-a\\u0300-18.02.53.png\",\"width\":1792,\"height\":1446},{\"@type\":\"WebPage\",\"@id\":\"https:\/\/mvt.mfr.fr\/index.php\/2022\/12\/28\/duo-de-choc-monique-et-maryse\/#webpage\",\"url\":\"https:\/\/mvt.mfr.fr\/index.php\/2022\/12\/28\/duo-de-choc-monique-et-maryse\/\",\"name\":\"Duo de choc : Monique et Maryse - MVT\",\"isPartOf\":{\"@id\":\"https:\/\/mvt.mfr.fr\/#website\"},\"primaryImageOfPage\":{\"@id\":\"https:\/\/mvt.mfr.fr\/index.php\/2022\/12\/28\/duo-de-choc-monique-et-maryse\/#primaryimage\"},\"datePublished\":\"2022-12-28T08:02:00+00:00\",\"dateModified\":\"2022-12-22T18:55:06+00:00\",\"author\":{\"@id\":\"https:\/\/mvt.mfr.fr\/#\/schema\/person\/2d8ab4af2cc4e77bd470513f3fefc2dd\"},\"description\":\"Monique et Maryse, m\\u00e8res d'anciens dipl\\u00f4m\\u00e9s en MFR, ont d\\u00e9cid\\u00e9 de continuer l'aventure \\u00e0 la pr\\u00e9sidence d'une Maison Familiale Rurale. Elles racontent leur exp\\u00e9rience pour MVT :\",\"breadcrumb\":{\"@id\":\"https:\/\/mvt.mfr.fr\/index.php\/2022\/12\/28\/duo-de-choc-monique-et-maryse\/#breadcrumb\"},\"inLanguage\":\"fr-FR\",\"potentialAction\":[{\"@type\":\"ReadAction\",\"target\":[\"https:\/\/mvt.mfr.fr\/index.php\/2022\/12\/28\/duo-de-choc-monique-et-maryse\/\"]}]},{\"@type\":\"BreadcrumbList\",\"@id\":\"https:\/\/mvt.mfr.fr\/index.php\/2022\/12\/28\/duo-de-choc-monique-et-maryse\/#breadcrumb\",\"itemListElement\":[{\"@type\":\"ListItem\",\"position\":1,\"name\":\"Accueil\",\"item\":\"https:\/\/mvt.mfr.fr\/\"},{\"@type\":\"ListItem\",\"position\":2,\"name\":\"Duo de choc : Monique et Maryse\"}]},{\"@type\":\"Person\",\"@id\":\"https:\/\/mvt.mfr.fr\/#\/schema\/person\/2d8ab4af2cc4e77bd470513f3fefc2dd\",\"name\":\"Christophe\",\"description\":\"Responsable communication de l\\u2019Union Nationale des MFR, Christophe a d\\u2019abord \\u00e9t\\u00e9 moniteur au sein de plusieurs Maisons. De cette \\u00e9poque, il garde l\\u2019envie de se d\\u00e9passer, de progresser et d\\u2019avancer pour offrir aux jeunes un avenir radieux.\",\"url\":\"https:\/\/mvt.mfr.fr\/index.php\/author\/christophe\/\"}]}<\/script>\n<!-- \/ Yoast SEO plugin. -->","yoast_head_json":{"description":"Monique et Maryse, m\u00e8res d'anciens dipl\u00f4m\u00e9s en MFR, ont d\u00e9cid\u00e9 de continuer l'aventure \u00e0 la pr\u00e9sidence d'une Maison Familiale Rurale. Elles racontent leur exp\u00e9rience pour MVT :","robots":{"index":"index","follow":"follow","max-snippet":"max-snippet:-1","max-image-preview":"max-image-preview:large","max-video-preview":"max-video-preview:-1"},"canonical":"https:\/\/mvt.mfr.fr\/index.php\/2022\/12\/28\/duo-de-choc-monique-et-maryse\/","og_locale":"fr_FR","og_type":"article","og_title":"Duo de choc : Monique et Maryse","og_description":"Monique et Maryse, m\u00e8res d'anciens dipl\u00f4m\u00e9s en MFR, ont d\u00e9cid\u00e9 de continuer l'aventure \u00e0 la pr\u00e9sidence d'une Maison Familiale Rurale. Elles racontent leur exp\u00e9rience pour MVT :","og_url":"https:\/\/mvt.mfr.fr\/index.php\/2022\/12\/28\/duo-de-choc-monique-et-maryse\/","og_site_name":"MVT","article_published_time":"2022-12-28T08:02:00+00:00","article_modified_time":"2022-12-22T18:55:06+00:00","og_image":[{"width":1024,"height":826,"path":"2022\/12\/Capture-de\u0301cran-2022-12-22-a\u0300-18.02.53-1024x826.png","url":"https:\/\/mvt.mfr.fr\/wp-content\/uploads\/2022\/12\/Capture-de\u0301cran-2022-12-22-a\u0300-18.02.53-1024x826.png","size":"large","id":"2350","alt":"","pixels":845824,"type":"image\/png"}],"twitter_card":"summary_large_image","twitter_title":"Duo de choc : Monique et Maryse","twitter_description":"Monique et Maryse, m\u00e8res d'anciens dipl\u00f4m\u00e9s en MFR, ont d\u00e9cid\u00e9 de continuer l'aventure \u00e0 la pr\u00e9sidence d'une Maison Familiale Rurale. Elles racontent leur exp\u00e9rience pour MVT :","twitter_image":"https:\/\/mvt.mfr.fr\/wp-content\/uploads\/2022\/12\/Capture-de\u0301cran-2022-12-22-a\u0300-18.02.53.png","twitter_misc":{"\u00c9crit par":"Christophe","Dur\u00e9e de lecture est.":"1 minute"},"schema":{"@context":"https:\/\/schema.org","@graph":[{"@type":"WebSite","@id":"https:\/\/mvt.mfr.fr\/#website","url":"https:\/\/mvt.mfr.fr\/","name":"MVT","description":"Le M\u00e9dia Vraiment Tout terrain","potentialAction":[{"@type":"SearchAction","target":{"@type":"EntryPoint","urlTemplate":"https:\/\/mvt.mfr.fr\/?s={search_term_string}"},"query-input":"required name=search_term_string"}],"inLanguage":"fr-FR"},{"@type":"ImageObject","@id":"https:\/\/mvt.mfr.fr\/index.php\/2022\/12\/28\/duo-de-choc-monique-et-maryse\/#primaryimage","inLanguage":"fr-FR","url":"https:\/\/mvt.mfr.fr\/wp-content\/uploads\/2022\/12\/Capture-de\u0301cran-2022-12-22-a\u0300-18.02.53.png","contentUrl":"https:\/\/mvt.mfr.fr\/wp-content\/uploads\/2022\/12\/Capture-de\u0301cran-2022-12-22-a\u0300-18.02.53.png","width":1792,"height":1446},{"@type":"WebPage","@id":"https:\/\/mvt.mfr.fr\/index.php\/2022\/12\/28\/duo-de-choc-monique-et-maryse\/#webpage","url":"https:\/\/mvt.mfr.fr\/index.php\/2022\/12\/28\/duo-de-choc-monique-et-maryse\/","name":"Duo de choc : Monique et Maryse - MVT","isPartOf":{"@id":"https:\/\/mvt.mfr.fr\/#website"},"primaryImageOfPage":{"@id":"https:\/\/mvt.mfr.fr\/index.php\/2022\/12\/28\/duo-de-choc-monique-et-maryse\/#primaryimage"},"datePublished":"2022-12-28T08:02:00+00:00","dateModified":"2022-12-22T18:55:06+00:00","author":{"@id":"https:\/\/mvt.mfr.fr\/#\/schema\/person\/2d8ab4af2cc4e77bd470513f3fefc2dd"},"description":"Monique et Maryse, m\u00e8res d'anciens dipl\u00f4m\u00e9s en MFR, ont d\u00e9cid\u00e9 de continuer l'aventure \u00e0 la pr\u00e9sidence d'une Maison Familiale Rurale. Elles racontent leur exp\u00e9rience pour MVT :","breadcrumb":{"@id":"https:\/\/mvt.mfr.fr\/index.php\/2022\/12\/28\/duo-de-choc-monique-et-maryse\/#breadcrumb"},"inLanguage":"fr-FR","potentialAction":[{"@type":"ReadAction","target":["https:\/\/mvt.mfr.fr\/index.php\/2022\/12\/28\/duo-de-choc-monique-et-maryse\/"]}]},{"@type":"BreadcrumbList","@id":"https:\/\/mvt.mfr.fr\/index.php\/2022\/12\/28\/duo-de-choc-monique-et-maryse\/#breadcrumb","itemListElement":[{"@type":"ListItem","position":1,"name":"Accueil","item":"https:\/\/mvt.mfr.fr\/"},{"@type":"ListItem","position":2,"name":"Duo de choc : Monique et Maryse"}]},{"@type":"Person","@id":"https:\/\/mvt.mfr.fr\/#\/schema\/person\/2d8ab4af2cc4e77bd470513f3fefc2dd","name":"Christophe","description":"Responsable communication de l\u2019Union Nationale des MFR, Christophe a d\u2019abord \u00e9t\u00e9 moniteur au sein de plusieurs Maisons. De cette \u00e9poque, il garde l\u2019envie de se d\u00e9passer, de progresser et d\u2019avancer pour offrir aux jeunes un avenir radieux.","url":"https:\/\/mvt.mfr.fr\/index.php\/author\/christophe\/"}]}},"jetpack_featured_media_url":"https:\/\/mvt.mfr.fr\/wp-content\/uploads\/2022\/12\/Capture-de\u0301cran-2022-12-22-a\u0300-18.02.53.png","_links":{"self":[{"href":"https:\/\/mvt.mfr.fr\/index.php\/wp-json\/wp\/v2\/posts\/2348"}],"collection":[{"href":"https:\/\/mvt.mfr.fr\/index.php\/wp-json\/wp\/v2\/posts"}],"about":[{"href":"https:\/\/mvt.mfr.fr\/index.php\/wp-json\/wp\/v2\/types\/post"}],"author":[{"embeddable":true,"href":"https:\/\/mvt.mfr.fr\/index.php\/wp-json\/wp\/v2\/users\/6"}],"replies":[{"embeddable":true,"href":"https:\/\/mvt.mfr.fr\/index.php\/wp-json\/wp\/v2\/comments?post=2348"}],"version-history":[{"count":4,"href":"https:\/\/mvt.mfr.fr\/index.php\/wp-json\/wp\/v2\/posts\/2348\/revisions"}],"predecessor-version":[{"id":2355,"href":"https:\/\/mvt.mfr.fr\/index.php\/wp-json\/wp\/v2\/posts\/2348\/revisions\/2355"}],"wp:featuredmedia":[{"embeddable":true,"href":"https:\/\/mvt.mfr.fr\/index.php\/wp-json\/wp\/v2\/media\/2350"}],"wp:attachment":[{"href":"https:\/\/mvt.mfr.fr\/index.php\/wp-json\/wp\/v2\/media?parent=2348"}],"wp:term":[{"taxonomy":"category","embeddable":true,"href":"https:\/\/mvt.mfr.fr\/index.php\/wp-json\/wp\/v2\/categories?post=2348"},{"taxonomy":"post_tag","embeddable":true,"href":"https:\/\/mvt.mfr.fr\/index.php\/wp-json\/wp\/v2\/tags?post=2348"}],"curies":[{"name":"wp","href":"https:\/\/api.w.org\/{rel}","templated":true}]}}