{"id":2339,"date":"2022-12-22T12:29:53","date_gmt":"2022-12-22T11:29:53","guid":{"rendered":"https:\/\/mvt.mfr.fr\/?p=2339"},"modified":"2022-12-22T21:35:11","modified_gmt":"2022-12-22T20:35:11","slug":"killian-pour-son-livre-maman-a-dit-bande-de-nuls","status":"publish","type":"post","link":"https:\/\/mvt.mfr.fr\/index.php\/2022\/12\/22\/killian-pour-son-livre-maman-a-dit-bande-de-nuls\/","title":{"rendered":"Killian &#8211; Pour son livre \u00ab\u00a0Maman a dit, Bande de nuls\u00a0\u00bb"},"content":{"rendered":"\n<p>Les r\u00e9ussites sont faites de patience, de travail, jalonn\u00e9es d\u2019obstacles, stimul\u00e9es par la pers\u00e9v\u00e9rance. Killian Leutellier, ancien \u00e9l\u00e8ve de la MFR de Janz\u00e9 en fili\u00e8re commerce, a sorti un livre sur ses troubles autisitique et schizophr\u00e9nique. Il raconte son parcours et son alternance, une v\u00e9ritable r\u00e9ussite pour lui car il a su trouver sa voie dans le commerce.<\/p>\n\n\n\n<p><iframe width=\"100%\" height=\"100%\" data-requires-vendor-consent=\"Youtube\" data-src=\"https:\/\/www.youtube.com\/embed\/eWbXTL8yik0\" title=\"YouTube video player\" frameborder=\"0\" allow=\"accelerometer; autoplay; clipboard-write; encrypted-media; gyroscope; picture-in-picture\" allowfullscreen=\"\"><\/iframe><\/p>\n\n\n<p><a id=\"btn-cookies-youtube\" class=\"btn btn-cookie-yt\"><br>\n\t\t\t\t\tPour activer ce contenu et acc\u00e9der \u00e0 la vid\u00e9o, cliquez ici pour accepter le d\u00e9p\u00f4t de cookies<br>\n\t\t\t\t<\/a><\/p>","protected":false},"excerpt":{"rendered":"<p>Les r\u00e9ussites sont faites de patience, de travail, jalonn\u00e9es d\u2019obstacles, stimul\u00e9es par la pers\u00e9v\u00e9rance. Killian Leutellier, ancien \u00e9l\u00e8ve de la MFR de Janz\u00e9 en fili\u00e8re commerce, a sorti un livre sur ses troubles autisitique et schizophr\u00e9nique. Il raconte son parcours et son alternance, une v\u00e9ritable r\u00e9ussite pour lui car il a su trouver sa voie dans le commerce.<\/p>\n","protected":false},"author":6,"featured_media":2343,"comment_status":"closed","ping_status":"open","sticky":false,"template":"","format":"standard","meta":{"inline_featured_image":false,"spay_email":""},"categories":[12,9],"tags":[948,1273,1045,1093],"yoast_head":"<!-- This site is optimized with the Yoast SEO plugin v17.1 - https:\/\/yoast.com\/wordpress\/plugins\/seo\/ -->\n<meta name=\"description\" content=\"Les r\u00e9ussites sont faites de patience, de travail, jalonn\u00e9es d\u2019obstacles, stimul\u00e9es par la pers\u00e9v\u00e9rance. Killian Leutellier, ancien \u00e9l\u00e8ve de la MFR de Janz\u00e9 en fili\u00e8re commerce, a sorti un livre sur ses troubles autisitique et schizophr\u00e9nique. Il raconte son parcours et son alternance, une v\u00e9ritable r\u00e9ussite pour lui car il a su trouver sa voie dans le commerce.\" \/>\n<meta name=\"robots\" content=\"index, follow, max-snippet:-1, max-image-preview:large, max-video-preview:-1\" \/>\n<link rel=\"canonical\" href=\"https:\/\/mvt.mfr.fr\/index.php\/2022\/12\/22\/killian-pour-son-livre-maman-a-dit-bande-de-nuls\/\" \/>\n<meta property=\"og:locale\" content=\"fr_FR\" \/>\n<meta property=\"og:type\" content=\"article\" \/>\n<meta property=\"og:title\" content=\"Killian - Pour son livre &quot;Maman a dit, Bande de nuls&quot;\" \/>\n<meta property=\"og:description\" content=\"Les r\u00e9ussites sont faites de patience, de travail, jalonn\u00e9es d\u2019obstacles, stimul\u00e9es par la pers\u00e9v\u00e9rance. Killian Leutellier, ancien \u00e9l\u00e8ve de la MFR de Janz\u00e9 en fili\u00e8re commerce, a sorti un livre sur ses troubles autisitique et schizophr\u00e9nique. Il raconte son parcours et son alternance, une v\u00e9ritable r\u00e9ussite pour lui car il a su trouver sa voie dans le commerce.\" \/>\n<meta property=\"og:url\" content=\"https:\/\/mvt.mfr.fr\/index.php\/2022\/12\/22\/killian-pour-son-livre-maman-a-dit-bande-de-nuls\/\" \/>\n<meta property=\"og:site_name\" content=\"MVT\" \/>\n<meta property=\"article:published_time\" content=\"2022-12-22T11:29:53+00:00\" \/>\n<meta property=\"article:modified_time\" content=\"2022-12-22T20:35:11+00:00\" \/>\n<meta property=\"og:image\" content=\"https:\/\/mvt.mfr.fr\/wp-content\/uploads\/2022\/12\/Capture-de\u0301cran-2022-12-21-a\u0300-18.07.23.png\" \/>\n\t<meta property=\"og:image:width\" content=\"1776\" \/>\n\t<meta property=\"og:image:height\" content=\"1406\" \/>\n<meta name=\"twitter:card\" content=\"summary_large_image\" \/>\n<meta name=\"twitter:title\" content=\"Killian - Pour son livre &quot;Maman a dit, Bande de nuls&quot;\" \/>\n<meta name=\"twitter:description\" content=\"Les r\u00e9ussites sont faites de patience, de travail, jalonn\u00e9es d\u2019obstacles, stimul\u00e9es par la pers\u00e9v\u00e9rance. Killian Leutellier, ancien \u00e9l\u00e8ve de la MFR de Janz\u00e9 en fili\u00e8re commerce, a sorti un livre sur ses troubles autisitique et schizophr\u00e9nique. Il raconte son parcours et son alternance, une v\u00e9ritable r\u00e9ussite pour lui car il a su trouver sa voie dans le commerce.\" \/>\n<meta name=\"twitter:image\" content=\"https:\/\/mvt.mfr.fr\/wp-content\/uploads\/2022\/12\/Capture-de\u0301cran-2022-12-21-a\u0300-18.07.36.png\" \/>\n<meta name=\"twitter:label1\" content=\"\u00c9crit par\" \/>\n\t<meta name=\"twitter:data1\" content=\"Christophe\" \/>\n\t<meta name=\"twitter:label2\" content=\"Dur\u00e9e de lecture est.\" \/>\n\t<meta name=\"twitter:data2\" content=\"1 minute\" \/>\n<script type=\"application\/ld+json\" class=\"yoast-schema-graph\">{\"@context\":\"https:\/\/schema.org\",\"@graph\":[{\"@type\":\"WebSite\",\"@id\":\"https:\/\/mvt.mfr.fr\/#website\",\"url\":\"https:\/\/mvt.mfr.fr\/\",\"name\":\"MVT\",\"description\":\"Le M\\u00e9dia Vraiment Tout terrain\",\"potentialAction\":[{\"@type\":\"SearchAction\",\"target\":{\"@type\":\"EntryPoint\",\"urlTemplate\":\"https:\/\/mvt.mfr.fr\/?s={search_term_string}\"},\"query-input\":\"required name=search_term_string\"}],\"inLanguage\":\"fr-FR\"},{\"@type\":\"ImageObject\",\"@id\":\"https:\/\/mvt.mfr.fr\/index.php\/2022\/12\/22\/killian-pour-son-livre-maman-a-dit-bande-de-nuls\/#primaryimage\",\"inLanguage\":\"fr-FR\",\"url\":\"https:\/\/mvt.mfr.fr\/wp-content\/uploads\/2022\/12\/Capture-de\\u0301cran-2022-12-21-a\\u0300-18.07.23.png\",\"contentUrl\":\"https:\/\/mvt.mfr.fr\/wp-content\/uploads\/2022\/12\/Capture-de\\u0301cran-2022-12-21-a\\u0300-18.07.23.png\",\"width\":1776,\"height\":1406},{\"@type\":\"WebPage\",\"@id\":\"https:\/\/mvt.mfr.fr\/index.php\/2022\/12\/22\/killian-pour-son-livre-maman-a-dit-bande-de-nuls\/#webpage\",\"url\":\"https:\/\/mvt.mfr.fr\/index.php\/2022\/12\/22\/killian-pour-son-livre-maman-a-dit-bande-de-nuls\/\",\"name\":\"Killian - Pour son livre \\\"Maman a dit, Bande de nuls\\\" - MVT\",\"isPartOf\":{\"@id\":\"https:\/\/mvt.mfr.fr\/#website\"},\"primaryImageOfPage\":{\"@id\":\"https:\/\/mvt.mfr.fr\/index.php\/2022\/12\/22\/killian-pour-son-livre-maman-a-dit-bande-de-nuls\/#primaryimage\"},\"datePublished\":\"2022-12-22T11:29:53+00:00\",\"dateModified\":\"2022-12-22T20:35:11+00:00\",\"author\":{\"@id\":\"https:\/\/mvt.mfr.fr\/#\/schema\/person\/2d8ab4af2cc4e77bd470513f3fefc2dd\"},\"description\":\"Les r\\u00e9ussites sont faites de patience, de travail, jalonn\\u00e9es d\\u2019obstacles, stimul\\u00e9es par la pers\\u00e9v\\u00e9rance. Killian Leutellier, ancien \\u00e9l\\u00e8ve de la MFR de Janz\\u00e9 en fili\\u00e8re commerce, a sorti un livre sur ses troubles autisitique et schizophr\\u00e9nique. Il raconte son parcours et son alternance, une v\\u00e9ritable r\\u00e9ussite pour lui car il a su trouver sa voie dans le commerce.\",\"breadcrumb\":{\"@id\":\"https:\/\/mvt.mfr.fr\/index.php\/2022\/12\/22\/killian-pour-son-livre-maman-a-dit-bande-de-nuls\/#breadcrumb\"},\"inLanguage\":\"fr-FR\",\"potentialAction\":[{\"@type\":\"ReadAction\",\"target\":[\"https:\/\/mvt.mfr.fr\/index.php\/2022\/12\/22\/killian-pour-son-livre-maman-a-dit-bande-de-nuls\/\"]}]},{\"@type\":\"BreadcrumbList\",\"@id\":\"https:\/\/mvt.mfr.fr\/index.php\/2022\/12\/22\/killian-pour-son-livre-maman-a-dit-bande-de-nuls\/#breadcrumb\",\"itemListElement\":[{\"@type\":\"ListItem\",\"position\":1,\"name\":\"Accueil\",\"item\":\"https:\/\/mvt.mfr.fr\/\"},{\"@type\":\"ListItem\",\"position\":2,\"name\":\"Killian &#8211; Pour son livre &#8220;Maman a dit, Bande de nuls&#8221;\"}]},{\"@type\":\"Person\",\"@id\":\"https:\/\/mvt.mfr.fr\/#\/schema\/person\/2d8ab4af2cc4e77bd470513f3fefc2dd\",\"name\":\"Christophe\",\"description\":\"Responsable communication de l\\u2019Union Nationale des MFR, Christophe a d\\u2019abord \\u00e9t\\u00e9 moniteur au sein de plusieurs Maisons. De cette \\u00e9poque, il garde l\\u2019envie de se d\\u00e9passer, de progresser et d\\u2019avancer pour offrir aux jeunes un avenir radieux.\",\"url\":\"https:\/\/mvt.mfr.fr\/index.php\/author\/christophe\/\"}]}<\/script>\n<!-- \/ Yoast SEO plugin. -->","yoast_head_json":{"description":"Les r\u00e9ussites sont faites de patience, de travail, jalonn\u00e9es d\u2019obstacles, stimul\u00e9es par la pers\u00e9v\u00e9rance. Killian Leutellier, ancien \u00e9l\u00e8ve de la MFR de Janz\u00e9 en fili\u00e8re commerce, a sorti un livre sur ses troubles autisitique et schizophr\u00e9nique. Il raconte son parcours et son alternance, une v\u00e9ritable r\u00e9ussite pour lui car il a su trouver sa voie dans le commerce.","robots":{"index":"index","follow":"follow","max-snippet":"max-snippet:-1","max-image-preview":"max-image-preview:large","max-video-preview":"max-video-preview:-1"},"canonical":"https:\/\/mvt.mfr.fr\/index.php\/2022\/12\/22\/killian-pour-son-livre-maman-a-dit-bande-de-nuls\/","og_locale":"fr_FR","og_type":"article","og_title":"Killian - Pour son livre \"Maman a dit, Bande de nuls\"","og_description":"Les r\u00e9ussites sont faites de patience, de travail, jalonn\u00e9es d\u2019obstacles, stimul\u00e9es par la pers\u00e9v\u00e9rance. Killian Leutellier, ancien \u00e9l\u00e8ve de la MFR de Janz\u00e9 en fili\u00e8re commerce, a sorti un livre sur ses troubles autisitique et schizophr\u00e9nique. Il raconte son parcours et son alternance, une v\u00e9ritable r\u00e9ussite pour lui car il a su trouver sa voie dans le commerce.","og_url":"https:\/\/mvt.mfr.fr\/index.php\/2022\/12\/22\/killian-pour-son-livre-maman-a-dit-bande-de-nuls\/","og_site_name":"MVT","article_published_time":"2022-12-22T11:29:53+00:00","article_modified_time":"2022-12-22T20:35:11+00:00","og_image":[{"width":1776,"height":1406,"url":"https:\/\/mvt.mfr.fr\/wp-content\/uploads\/2022\/12\/Capture-de\u0301cran-2022-12-21-a\u0300-18.07.23.png","path":"\/var\/www\/clients\/client3\/web3\/web\/wp-content\/uploads\/2022\/12\/Capture-de\u0301cran-2022-12-21-a\u0300-18.07.23.png","size":"full","id":"2343","alt":"","pixels":2497056,"type":"image\/png"}],"twitter_card":"summary_large_image","twitter_title":"Killian - Pour son livre \"Maman a dit, Bande de nuls\"","twitter_description":"Les r\u00e9ussites sont faites de patience, de travail, jalonn\u00e9es d\u2019obstacles, stimul\u00e9es par la pers\u00e9v\u00e9rance. Killian Leutellier, ancien \u00e9l\u00e8ve de la MFR de Janz\u00e9 en fili\u00e8re commerce, a sorti un livre sur ses troubles autisitique et schizophr\u00e9nique. Il raconte son parcours et son alternance, une v\u00e9ritable r\u00e9ussite pour lui car il a su trouver sa voie dans le commerce.","twitter_image":"https:\/\/mvt.mfr.fr\/wp-content\/uploads\/2022\/12\/Capture-de\u0301cran-2022-12-21-a\u0300-18.07.36.png","twitter_misc":{"\u00c9crit par":"Christophe","Dur\u00e9e de lecture est.":"1 minute"},"schema":{"@context":"https:\/\/schema.org","@graph":[{"@type":"WebSite","@id":"https:\/\/mvt.mfr.fr\/#website","url":"https:\/\/mvt.mfr.fr\/","name":"MVT","description":"Le M\u00e9dia Vraiment Tout terrain","potentialAction":[{"@type":"SearchAction","target":{"@type":"EntryPoint","urlTemplate":"https:\/\/mvt.mfr.fr\/?s={search_term_string}"},"query-input":"required name=search_term_string"}],"inLanguage":"fr-FR"},{"@type":"ImageObject","@id":"https:\/\/mvt.mfr.fr\/index.php\/2022\/12\/22\/killian-pour-son-livre-maman-a-dit-bande-de-nuls\/#primaryimage","inLanguage":"fr-FR","url":"https:\/\/mvt.mfr.fr\/wp-content\/uploads\/2022\/12\/Capture-de\u0301cran-2022-12-21-a\u0300-18.07.23.png","contentUrl":"https:\/\/mvt.mfr.fr\/wp-content\/uploads\/2022\/12\/Capture-de\u0301cran-2022-12-21-a\u0300-18.07.23.png","width":1776,"height":1406},{"@type":"WebPage","@id":"https:\/\/mvt.mfr.fr\/index.php\/2022\/12\/22\/killian-pour-son-livre-maman-a-dit-bande-de-nuls\/#webpage","url":"https:\/\/mvt.mfr.fr\/index.php\/2022\/12\/22\/killian-pour-son-livre-maman-a-dit-bande-de-nuls\/","name":"Killian - Pour son livre \"Maman a dit, Bande de nuls\" - MVT","isPartOf":{"@id":"https:\/\/mvt.mfr.fr\/#website"},"primaryImageOfPage":{"@id":"https:\/\/mvt.mfr.fr\/index.php\/2022\/12\/22\/killian-pour-son-livre-maman-a-dit-bande-de-nuls\/#primaryimage"},"datePublished":"2022-12-22T11:29:53+00:00","dateModified":"2022-12-22T20:35:11+00:00","author":{"@id":"https:\/\/mvt.mfr.fr\/#\/schema\/person\/2d8ab4af2cc4e77bd470513f3fefc2dd"},"description":"Les r\u00e9ussites sont faites de patience, de travail, jalonn\u00e9es d\u2019obstacles, stimul\u00e9es par la pers\u00e9v\u00e9rance. Killian Leutellier, ancien \u00e9l\u00e8ve de la MFR de Janz\u00e9 en fili\u00e8re commerce, a sorti un livre sur ses troubles autisitique et schizophr\u00e9nique. Il raconte son parcours et son alternance, une v\u00e9ritable r\u00e9ussite pour lui car il a su trouver sa voie dans le commerce.","breadcrumb":{"@id":"https:\/\/mvt.mfr.fr\/index.php\/2022\/12\/22\/killian-pour-son-livre-maman-a-dit-bande-de-nuls\/#breadcrumb"},"inLanguage":"fr-FR","potentialAction":[{"@type":"ReadAction","target":["https:\/\/mvt.mfr.fr\/index.php\/2022\/12\/22\/killian-pour-son-livre-maman-a-dit-bande-de-nuls\/"]}]},{"@type":"BreadcrumbList","@id":"https:\/\/mvt.mfr.fr\/index.php\/2022\/12\/22\/killian-pour-son-livre-maman-a-dit-bande-de-nuls\/#breadcrumb","itemListElement":[{"@type":"ListItem","position":1,"name":"Accueil","item":"https:\/\/mvt.mfr.fr\/"},{"@type":"ListItem","position":2,"name":"Killian &#8211; Pour son livre &#8220;Maman a dit, Bande de nuls&#8221;"}]},{"@type":"Person","@id":"https:\/\/mvt.mfr.fr\/#\/schema\/person\/2d8ab4af2cc4e77bd470513f3fefc2dd","name":"Christophe","description":"Responsable communication de l\u2019Union Nationale des MFR, Christophe a d\u2019abord \u00e9t\u00e9 moniteur au sein de plusieurs Maisons. De cette \u00e9poque, il garde l\u2019envie de se d\u00e9passer, de progresser et d\u2019avancer pour offrir aux jeunes un avenir radieux.","url":"https:\/\/mvt.mfr.fr\/index.php\/author\/christophe\/"}]}},"jetpack_featured_media_url":"https:\/\/mvt.mfr.fr\/wp-content\/uploads\/2022\/12\/Capture-de\u0301cran-2022-12-21-a\u0300-18.07.23.png","_links":{"self":[{"href":"https:\/\/mvt.mfr.fr\/index.php\/wp-json\/wp\/v2\/posts\/2339"}],"collection":[{"href":"https:\/\/mvt.mfr.fr\/index.php\/wp-json\/wp\/v2\/posts"}],"about":[{"href":"https:\/\/mvt.mfr.fr\/index.php\/wp-json\/wp\/v2\/types\/post"}],"author":[{"embeddable":true,"href":"https:\/\/mvt.mfr.fr\/index.php\/wp-json\/wp\/v2\/users\/6"}],"replies":[{"embeddable":true,"href":"https:\/\/mvt.mfr.fr\/index.php\/wp-json\/wp\/v2\/comments?post=2339"}],"version-history":[{"count":6,"href":"https:\/\/mvt.mfr.fr\/index.php\/wp-json\/wp\/v2\/posts\/2339\/revisions"}],"predecessor-version":[{"id":2357,"href":"https:\/\/mvt.mfr.fr\/index.php\/wp-json\/wp\/v2\/posts\/2339\/revisions\/2357"}],"wp:featuredmedia":[{"embeddable":true,"href":"https:\/\/mvt.mfr.fr\/index.php\/wp-json\/wp\/v2\/media\/2343"}],"wp:attachment":[{"href":"https:\/\/mvt.mfr.fr\/index.php\/wp-json\/wp\/v2\/media?parent=2339"}],"wp:term":[{"taxonomy":"category","embeddable":true,"href":"https:\/\/mvt.mfr.fr\/index.php\/wp-json\/wp\/v2\/categories?post=2339"},{"taxonomy":"post_tag","embeddable":true,"href":"https:\/\/mvt.mfr.fr\/index.php\/wp-json\/wp\/v2\/tags?post=2339"}],"curies":[{"name":"wp","href":"https:\/\/api.w.org\/{rel}","templated":true}]}}