{"id":2161,"date":"2022-10-03T17:48:13","date_gmt":"2022-10-03T15:48:13","guid":{"rendered":"https:\/\/mvt.mfr.fr\/?p=2161"},"modified":"2022-10-04T17:01:41","modified_gmt":"2022-10-04T15:01:41","slug":"mediatrice-culturelle-le-metier-passionnant-et-creatif-de-karine","status":"publish","type":"post","link":"https:\/\/mvt.mfr.fr\/index.php\/2022\/10\/03\/mediatrice-culturelle-le-metier-passionnant-et-creatif-de-karine\/","title":{"rendered":"M\u00e9diatrice culturelle : le m\u00e9tier passionnant et cr\u00e9atif de Karine !"},"content":{"rendered":"\n<p><strong>\u00c0 l&rsquo;occasion des Journ\u00e9es europ\u00e9ennes du patrimoine le 17 et 18 septembre 2022, nous avons rencontr\u00e9 Karine, m\u00e9diatrice culturelle.<\/strong><\/p>\n\n\n\n<p><\/p>\n\n\n\n<p>Pr\u00e9cieux week-end pour le tourisme, elle nous raconte qu&rsquo;il n&#8217;emp\u00eache pas ses acteurs\u00b7rices de mettre des \u00e9toiles dans les yeux de leurs visiteurs toute l&rsquo;ann\u00e9e&#8230;<br><br>Apr\u00e8s une formation en tant que guide accompagnatrice touristique \u00e0 la <a href=\"https:\/\/www.valdesevreformation.fr\/\" target=\"_blank\" rel=\"noreferrer noopener\">MFR de Saint Laurent sur S\u00e8vre<\/a>, Karine travaille dans l\u2019Espace Gaston Chaissac \u00e0 Saint-Florence en Vend\u00e9e. Elle d\u00e9voile en vid\u00e9o son parcours, sa passion pour son m\u00e9tier, et partage quelques conseils pour s\u2019y plaire !<\/p>\n\n\n\n<p><\/p>\n\n\n<p><iframe width=\"560\" height=\"315\" data-requires-vendor-consent=\"Youtube\" data-src=\"https:\/\/www.youtube.com\/embed\/tHhwQUxWXlg\" title=\"YouTube video player\" frameborder=\"0\" allow=\"accelerometer; autoplay; clipboard-write; encrypted-media; gyroscope; picture-in-picture\" allowfullscreen=\"\"><\/iframe><\/p>\n<p><a id=\"btn-cookies-youtube\" class=\"btn btn-cookie-yt\"><br>\nPour activer ce contenu et acc\u00e9der \u00e0 la vid\u00e9o, cliquez ici pour accepter le d\u00e9p\u00f4t de cookies<br>\n\t\t\t\t<\/a><\/p>","protected":false},"excerpt":{"rendered":"<p>\u00c0 l&rsquo;occasion des Journ\u00e9es europ\u00e9ennes du patrimoine le 17 et 18 septembre 2022, nous avons rencontr\u00e9 Karine, m\u00e9diatrice culturelle. Pr\u00e9cieux week-end pour le tourisme, elle nous raconte qu&rsquo;il n&#8217;emp\u00eache pas ses acteurs\u00b7rices de mettre des \u00e9toiles dans les yeux de leurs visiteurs toute l&rsquo;ann\u00e9e&#8230; Apr\u00e8s une formation en tant que guide accompagnatrice touristique \u00e0 la [&hellip;]<\/p>\n","protected":false},"author":6,"featured_media":2164,"comment_status":"closed","ping_status":"open","sticky":true,"template":"","format":"standard","meta":{"inline_featured_image":false,"spay_email":""},"categories":[951,10],"tags":[1233,1191,1045,1231,1232,1230,1093,1229,1175],"yoast_head":"<!-- This site is optimized with the Yoast SEO plugin v17.1 - https:\/\/yoast.com\/wordpress\/plugins\/seo\/ -->\n<meta name=\"description\" content=\"\u00c0 l&#039;occasion des Journ\u00e9es europ\u00e9ennes du patrimoine le 17 et 18 septembre 2022, nous avons rencontr\u00e9 Karine, m\u00e9diatrice culturelle.\" \/>\n<meta name=\"robots\" content=\"index, follow, max-snippet:-1, max-image-preview:large, max-video-preview:-1\" \/>\n<link rel=\"canonical\" href=\"https:\/\/mvt.mfr.fr\/index.php\/2022\/10\/03\/mediatrice-culturelle-le-metier-passionnant-et-creatif-de-karine\/\" \/>\n<meta property=\"og:locale\" content=\"fr_FR\" \/>\n<meta property=\"og:type\" content=\"article\" \/>\n<meta property=\"og:title\" content=\"M\u00e9diatrice culturelle : le m\u00e9tier passionnant et cr\u00e9atif de Karine ! - MVT\" \/>\n<meta property=\"og:description\" content=\"\u00c0 l&#039;occasion des Journ\u00e9es europ\u00e9ennes du patrimoine le 17 et 18 septembre 2022, nous avons rencontr\u00e9 Karine, m\u00e9diatrice culturelle.\" \/>\n<meta property=\"og:url\" content=\"https:\/\/mvt.mfr.fr\/index.php\/2022\/10\/03\/mediatrice-culturelle-le-metier-passionnant-et-creatif-de-karine\/\" \/>\n<meta property=\"og:site_name\" content=\"MVT\" \/>\n<meta property=\"article:published_time\" content=\"2022-10-03T15:48:13+00:00\" \/>\n<meta property=\"article:modified_time\" content=\"2022-10-04T15:01:41+00:00\" \/>\n<meta property=\"og:image\" content=\"https:\/\/mvt.mfr.fr\/wp-content\/uploads\/2022\/10\/MVT-Bannie\u0300res-article.png\" \/>\n\t<meta property=\"og:image:width\" content=\"1920\" \/>\n\t<meta property=\"og:image:height\" content=\"1280\" \/>\n<meta name=\"twitter:card\" content=\"summary_large_image\" \/>\n<meta name=\"twitter:label1\" content=\"\u00c9crit par\" \/>\n\t<meta name=\"twitter:data1\" content=\"Christophe\" \/>\n\t<meta name=\"twitter:label2\" content=\"Dur\u00e9e de lecture est.\" \/>\n\t<meta name=\"twitter:data2\" content=\"1 minute\" \/>\n<script type=\"application\/ld+json\" class=\"yoast-schema-graph\">{\"@context\":\"https:\/\/schema.org\",\"@graph\":[{\"@type\":\"WebSite\",\"@id\":\"https:\/\/mvt.mfr.fr\/#website\",\"url\":\"https:\/\/mvt.mfr.fr\/\",\"name\":\"MVT\",\"description\":\"Le M\\u00e9dia Vraiment Tout terrain\",\"potentialAction\":[{\"@type\":\"SearchAction\",\"target\":{\"@type\":\"EntryPoint\",\"urlTemplate\":\"https:\/\/mvt.mfr.fr\/?s={search_term_string}\"},\"query-input\":\"required name=search_term_string\"}],\"inLanguage\":\"fr-FR\"},{\"@type\":\"ImageObject\",\"@id\":\"https:\/\/mvt.mfr.fr\/index.php\/2022\/10\/03\/mediatrice-culturelle-le-metier-passionnant-et-creatif-de-karine\/#primaryimage\",\"inLanguage\":\"fr-FR\",\"url\":\"https:\/\/mvt.mfr.fr\/wp-content\/uploads\/2022\/10\/MVT-Bannie\\u0300res-article.png\",\"contentUrl\":\"https:\/\/mvt.mfr.fr\/wp-content\/uploads\/2022\/10\/MVT-Bannie\\u0300res-article.png\",\"width\":1920,\"height\":1280},{\"@type\":\"WebPage\",\"@id\":\"https:\/\/mvt.mfr.fr\/index.php\/2022\/10\/03\/mediatrice-culturelle-le-metier-passionnant-et-creatif-de-karine\/#webpage\",\"url\":\"https:\/\/mvt.mfr.fr\/index.php\/2022\/10\/03\/mediatrice-culturelle-le-metier-passionnant-et-creatif-de-karine\/\",\"name\":\"M\\u00e9diatrice culturelle : le m\\u00e9tier passionnant et cr\\u00e9atif de Karine ! - MVT\",\"isPartOf\":{\"@id\":\"https:\/\/mvt.mfr.fr\/#website\"},\"primaryImageOfPage\":{\"@id\":\"https:\/\/mvt.mfr.fr\/index.php\/2022\/10\/03\/mediatrice-culturelle-le-metier-passionnant-et-creatif-de-karine\/#primaryimage\"},\"datePublished\":\"2022-10-03T15:48:13+00:00\",\"dateModified\":\"2022-10-04T15:01:41+00:00\",\"author\":{\"@id\":\"https:\/\/mvt.mfr.fr\/#\/schema\/person\/2d8ab4af2cc4e77bd470513f3fefc2dd\"},\"description\":\"\\u00c0 l'occasion des Journ\\u00e9es europ\\u00e9ennes du patrimoine le 17 et 18 septembre 2022, nous avons rencontr\\u00e9 Karine, m\\u00e9diatrice culturelle.\",\"breadcrumb\":{\"@id\":\"https:\/\/mvt.mfr.fr\/index.php\/2022\/10\/03\/mediatrice-culturelle-le-metier-passionnant-et-creatif-de-karine\/#breadcrumb\"},\"inLanguage\":\"fr-FR\",\"potentialAction\":[{\"@type\":\"ReadAction\",\"target\":[\"https:\/\/mvt.mfr.fr\/index.php\/2022\/10\/03\/mediatrice-culturelle-le-metier-passionnant-et-creatif-de-karine\/\"]}]},{\"@type\":\"BreadcrumbList\",\"@id\":\"https:\/\/mvt.mfr.fr\/index.php\/2022\/10\/03\/mediatrice-culturelle-le-metier-passionnant-et-creatif-de-karine\/#breadcrumb\",\"itemListElement\":[{\"@type\":\"ListItem\",\"position\":1,\"name\":\"Accueil\",\"item\":\"https:\/\/mvt.mfr.fr\/\"},{\"@type\":\"ListItem\",\"position\":2,\"name\":\"M\\u00e9diatrice culturelle : le m\\u00e9tier passionnant et cr\\u00e9atif de Karine !\"}]},{\"@type\":\"Person\",\"@id\":\"https:\/\/mvt.mfr.fr\/#\/schema\/person\/2d8ab4af2cc4e77bd470513f3fefc2dd\",\"name\":\"Christophe\",\"description\":\"Responsable communication de l\\u2019Union Nationale des MFR, Christophe a d\\u2019abord \\u00e9t\\u00e9 moniteur au sein de plusieurs Maisons. De cette \\u00e9poque, il garde l\\u2019envie de se d\\u00e9passer, de progresser et d\\u2019avancer pour offrir aux jeunes un avenir radieux.\",\"url\":\"https:\/\/mvt.mfr.fr\/index.php\/author\/christophe\/\"}]}<\/script>\n<!-- \/ Yoast SEO plugin. -->","yoast_head_json":{"description":"\u00c0 l'occasion des Journ\u00e9es europ\u00e9ennes du patrimoine le 17 et 18 septembre 2022, nous avons rencontr\u00e9 Karine, m\u00e9diatrice culturelle.","robots":{"index":"index","follow":"follow","max-snippet":"max-snippet:-1","max-image-preview":"max-image-preview:large","max-video-preview":"max-video-preview:-1"},"canonical":"https:\/\/mvt.mfr.fr\/index.php\/2022\/10\/03\/mediatrice-culturelle-le-metier-passionnant-et-creatif-de-karine\/","og_locale":"fr_FR","og_type":"article","og_title":"M\u00e9diatrice culturelle : le m\u00e9tier passionnant et cr\u00e9atif de Karine ! - MVT","og_description":"\u00c0 l'occasion des Journ\u00e9es europ\u00e9ennes du patrimoine le 17 et 18 septembre 2022, nous avons rencontr\u00e9 Karine, m\u00e9diatrice culturelle.","og_url":"https:\/\/mvt.mfr.fr\/index.php\/2022\/10\/03\/mediatrice-culturelle-le-metier-passionnant-et-creatif-de-karine\/","og_site_name":"MVT","article_published_time":"2022-10-03T15:48:13+00:00","article_modified_time":"2022-10-04T15:01:41+00:00","og_image":[{"width":1920,"height":1280,"url":"https:\/\/mvt.mfr.fr\/wp-content\/uploads\/2022\/10\/MVT-Bannie\u0300res-article.png","path":"\/var\/www\/clients\/client3\/web3\/web\/wp-content\/uploads\/2022\/10\/MVT-Bannie\u0300res-article.png","size":"full","id":2164,"alt":"","pixels":2457600,"type":"image\/png"}],"twitter_card":"summary_large_image","twitter_misc":{"\u00c9crit par":"Christophe","Dur\u00e9e de lecture est.":"1 minute"},"schema":{"@context":"https:\/\/schema.org","@graph":[{"@type":"WebSite","@id":"https:\/\/mvt.mfr.fr\/#website","url":"https:\/\/mvt.mfr.fr\/","name":"MVT","description":"Le M\u00e9dia Vraiment Tout terrain","potentialAction":[{"@type":"SearchAction","target":{"@type":"EntryPoint","urlTemplate":"https:\/\/mvt.mfr.fr\/?s={search_term_string}"},"query-input":"required name=search_term_string"}],"inLanguage":"fr-FR"},{"@type":"ImageObject","@id":"https:\/\/mvt.mfr.fr\/index.php\/2022\/10\/03\/mediatrice-culturelle-le-metier-passionnant-et-creatif-de-karine\/#primaryimage","inLanguage":"fr-FR","url":"https:\/\/mvt.mfr.fr\/wp-content\/uploads\/2022\/10\/MVT-Bannie\u0300res-article.png","contentUrl":"https:\/\/mvt.mfr.fr\/wp-content\/uploads\/2022\/10\/MVT-Bannie\u0300res-article.png","width":1920,"height":1280},{"@type":"WebPage","@id":"https:\/\/mvt.mfr.fr\/index.php\/2022\/10\/03\/mediatrice-culturelle-le-metier-passionnant-et-creatif-de-karine\/#webpage","url":"https:\/\/mvt.mfr.fr\/index.php\/2022\/10\/03\/mediatrice-culturelle-le-metier-passionnant-et-creatif-de-karine\/","name":"M\u00e9diatrice culturelle : le m\u00e9tier passionnant et cr\u00e9atif de Karine ! - MVT","isPartOf":{"@id":"https:\/\/mvt.mfr.fr\/#website"},"primaryImageOfPage":{"@id":"https:\/\/mvt.mfr.fr\/index.php\/2022\/10\/03\/mediatrice-culturelle-le-metier-passionnant-et-creatif-de-karine\/#primaryimage"},"datePublished":"2022-10-03T15:48:13+00:00","dateModified":"2022-10-04T15:01:41+00:00","author":{"@id":"https:\/\/mvt.mfr.fr\/#\/schema\/person\/2d8ab4af2cc4e77bd470513f3fefc2dd"},"description":"\u00c0 l'occasion des Journ\u00e9es europ\u00e9ennes du patrimoine le 17 et 18 septembre 2022, nous avons rencontr\u00e9 Karine, m\u00e9diatrice culturelle.","breadcrumb":{"@id":"https:\/\/mvt.mfr.fr\/index.php\/2022\/10\/03\/mediatrice-culturelle-le-metier-passionnant-et-creatif-de-karine\/#breadcrumb"},"inLanguage":"fr-FR","potentialAction":[{"@type":"ReadAction","target":["https:\/\/mvt.mfr.fr\/index.php\/2022\/10\/03\/mediatrice-culturelle-le-metier-passionnant-et-creatif-de-karine\/"]}]},{"@type":"BreadcrumbList","@id":"https:\/\/mvt.mfr.fr\/index.php\/2022\/10\/03\/mediatrice-culturelle-le-metier-passionnant-et-creatif-de-karine\/#breadcrumb","itemListElement":[{"@type":"ListItem","position":1,"name":"Accueil","item":"https:\/\/mvt.mfr.fr\/"},{"@type":"ListItem","position":2,"name":"M\u00e9diatrice culturelle : le m\u00e9tier passionnant et cr\u00e9atif de Karine !"}]},{"@type":"Person","@id":"https:\/\/mvt.mfr.fr\/#\/schema\/person\/2d8ab4af2cc4e77bd470513f3fefc2dd","name":"Christophe","description":"Responsable communication de l\u2019Union Nationale des MFR, Christophe a d\u2019abord \u00e9t\u00e9 moniteur au sein de plusieurs Maisons. De cette \u00e9poque, il garde l\u2019envie de se d\u00e9passer, de progresser et d\u2019avancer pour offrir aux jeunes un avenir radieux.","url":"https:\/\/mvt.mfr.fr\/index.php\/author\/christophe\/"}]}},"jetpack_featured_media_url":"https:\/\/mvt.mfr.fr\/wp-content\/uploads\/2022\/10\/MVT-Bannie\u0300res-article.png","_links":{"self":[{"href":"https:\/\/mvt.mfr.fr\/index.php\/wp-json\/wp\/v2\/posts\/2161"}],"collection":[{"href":"https:\/\/mvt.mfr.fr\/index.php\/wp-json\/wp\/v2\/posts"}],"about":[{"href":"https:\/\/mvt.mfr.fr\/index.php\/wp-json\/wp\/v2\/types\/post"}],"author":[{"embeddable":true,"href":"https:\/\/mvt.mfr.fr\/index.php\/wp-json\/wp\/v2\/users\/6"}],"replies":[{"embeddable":true,"href":"https:\/\/mvt.mfr.fr\/index.php\/wp-json\/wp\/v2\/comments?post=2161"}],"version-history":[{"count":4,"href":"https:\/\/mvt.mfr.fr\/index.php\/wp-json\/wp\/v2\/posts\/2161\/revisions"}],"predecessor-version":[{"id":2179,"href":"https:\/\/mvt.mfr.fr\/index.php\/wp-json\/wp\/v2\/posts\/2161\/revisions\/2179"}],"wp:featuredmedia":[{"embeddable":true,"href":"https:\/\/mvt.mfr.fr\/index.php\/wp-json\/wp\/v2\/media\/2164"}],"wp:attachment":[{"href":"https:\/\/mvt.mfr.fr\/index.php\/wp-json\/wp\/v2\/media?parent=2161"}],"wp:term":[{"taxonomy":"category","embeddable":true,"href":"https:\/\/mvt.mfr.fr\/index.php\/wp-json\/wp\/v2\/categories?post=2161"},{"taxonomy":"post_tag","embeddable":true,"href":"https:\/\/mvt.mfr.fr\/index.php\/wp-json\/wp\/v2\/tags?post=2161"}],"curies":[{"name":"wp","href":"https:\/\/api.w.org\/{rel}","templated":true}]}}