{"id":2153,"date":"2022-05-15T14:44:00","date_gmt":"2022-05-15T12:44:00","guid":{"rendered":"https:\/\/mvt.mfr.fr\/?p=2153"},"modified":"2022-09-05T14:50:48","modified_gmt":"2022-09-05T12:50:48","slug":"comment-bien-dormir-a-linternat","status":"publish","type":"post","link":"https:\/\/mvt.mfr.fr\/index.php\/2022\/05\/15\/comment-bien-dormir-a-linternat\/","title":{"rendered":"Comment bien dormir \u00e0 l&rsquo;internat ?"},"content":{"rendered":"\n<p><strong>Aider les jeunes \u00e0 \u00eatre bien dans leur peau passe aussi par des actions de pr\u00e9vention et de sensibilisation. La question du sommeil est centrale pour les jeunes. Lorsqu\u2019ils sont \u00e0 l\u2019internat, comment \u00e7a fonctionne ?<\/strong><\/p>\n\n\n\n<p>MVT est all\u00e9 \u00e0 la rencontre de Juliette, ancienne surveillante de nuit, aujourd\u2019hui formatrice\/monitrice \u00e0 la Maison Familiale Rurale Hadol, pour creuser cette question.<\/p>\n\n\n\n<p><\/p>\n\n\n\n<p><\/p>\n\n\n<p><iframe width=\"560\" height=\"315\" data-requires-vendor-consent=\"Youtube\" data-src=\"https:\/\/www.youtube.com\/embed\/Q0cAYAIMJbw\" title=\"YouTube video player\" frameborder=\"0\" allow=\"accelerometer; autoplay; clipboard-write; encrypted-media; gyroscope; picture-in-picture\" allowfullscreen=\"\"><\/iframe><\/p>\n<p><a id=\"btn-cookies-youtube\" class=\"btn btn-cookie-yt\"><br>\n\t\t\t\t\tPour activer ce contenu et acc\u00e9der \u00e0 la vid\u00e9o, cliquez ici pour accepter le d\u00e9p\u00f4t de cookies<br>\n\t\t\t\t<\/a><\/p>","protected":false},"excerpt":{"rendered":"<p>Aider les jeunes \u00e0 \u00eatre bien dans leur peau passe aussi par des actions de pr\u00e9vention et de sensibilisation. La question du sommeil est centrale pour les jeunes. Lorsqu\u2019ils sont \u00e0 l\u2019internat, comment \u00e7a fonctionne ?<\/p>\n","protected":false},"author":6,"featured_media":2156,"comment_status":"closed","ping_status":"open","sticky":false,"template":"","format":"standard","meta":{"inline_featured_image":false,"spay_email":""},"categories":[10],"tags":[1228,1124,1221,1226,1227],"yoast_head":"<!-- This site is optimized with the Yoast SEO plugin v17.1 - https:\/\/yoast.com\/wordpress\/plugins\/seo\/ -->\n<meta name=\"description\" content=\"Aider les jeunes \u00e0 \u00eatre bien dans leur peau passe aussi par des actions de pr\u00e9vention et de sensibilisation. La question du sommeil est centrale pour les jeunes. Lorsqu\u2019ils sont \u00e0 l\u2019internat, comment \u00e7a fonctionne ?\" \/>\n<meta name=\"robots\" content=\"index, follow, max-snippet:-1, max-image-preview:large, max-video-preview:-1\" \/>\n<link rel=\"canonical\" href=\"https:\/\/mvt.mfr.fr\/index.php\/2022\/05\/15\/comment-bien-dormir-a-linternat\/\" \/>\n<meta property=\"og:locale\" content=\"fr_FR\" \/>\n<meta property=\"og:type\" content=\"article\" \/>\n<meta property=\"og:title\" content=\"Comment bien dormir \u00e0 l&#039;internat ?\" \/>\n<meta property=\"og:description\" content=\"Aider les jeunes \u00e0 \u00eatre bien dans leur peau passe aussi par des actions de pr\u00e9vention et de sensibilisation. La question du sommeil est centrale pour les jeunes. Lorsqu\u2019ils sont \u00e0 l\u2019internat, comment \u00e7a fonctionne ?\" \/>\n<meta property=\"og:url\" content=\"https:\/\/mvt.mfr.fr\/index.php\/2022\/05\/15\/comment-bien-dormir-a-linternat\/\" \/>\n<meta property=\"og:site_name\" content=\"MVT\" \/>\n<meta property=\"article:published_time\" content=\"2022-05-15T12:44:00+00:00\" \/>\n<meta property=\"article:modified_time\" content=\"2022-09-05T12:50:48+00:00\" \/>\n<meta property=\"og:image\" content=\"https:\/\/mvt.mfr.fr\/wp-content\/uploads\/2022\/09\/Copie-de-banner_site_MVT.png\" \/>\n\t<meta property=\"og:image:width\" content=\"1920\" \/>\n\t<meta property=\"og:image:height\" content=\"1080\" \/>\n<meta name=\"twitter:card\" content=\"summary_large_image\" \/>\n<meta name=\"twitter:title\" content=\"Comment bien dormir \u00e0 l&#039;internat ?\" \/>\n<meta name=\"twitter:description\" content=\"Aider les jeunes \u00e0 \u00eatre bien dans leur peau passe aussi par des actions de pr\u00e9vention et de sensibilisation. La question du sommeil est centrale pour les jeunes. Lorsqu\u2019ils sont \u00e0 l\u2019internat, comment \u00e7a fonctionne ?\" \/>\n<meta name=\"twitter:image\" content=\"https:\/\/mvt.mfr.fr\/wp-content\/uploads\/2022\/09\/Copie-de-banner_site_MVT.png\" \/>\n<meta name=\"twitter:label1\" content=\"\u00c9crit par\" \/>\n\t<meta name=\"twitter:data1\" content=\"Christophe\" \/>\n\t<meta name=\"twitter:label2\" content=\"Dur\u00e9e de lecture est.\" \/>\n\t<meta name=\"twitter:data2\" content=\"1 minute\" \/>\n<script type=\"application\/ld+json\" class=\"yoast-schema-graph\">{\"@context\":\"https:\/\/schema.org\",\"@graph\":[{\"@type\":\"WebSite\",\"@id\":\"https:\/\/mvt.mfr.fr\/#website\",\"url\":\"https:\/\/mvt.mfr.fr\/\",\"name\":\"MVT\",\"description\":\"Le M\\u00e9dia Vraiment Tout terrain\",\"potentialAction\":[{\"@type\":\"SearchAction\",\"target\":{\"@type\":\"EntryPoint\",\"urlTemplate\":\"https:\/\/mvt.mfr.fr\/?s={search_term_string}\"},\"query-input\":\"required name=search_term_string\"}],\"inLanguage\":\"fr-FR\"},{\"@type\":\"ImageObject\",\"@id\":\"https:\/\/mvt.mfr.fr\/index.php\/2022\/05\/15\/comment-bien-dormir-a-linternat\/#primaryimage\",\"inLanguage\":\"fr-FR\",\"url\":\"https:\/\/mvt.mfr.fr\/wp-content\/uploads\/2022\/09\/Copie-de-banner_site_MVT.png\",\"contentUrl\":\"https:\/\/mvt.mfr.fr\/wp-content\/uploads\/2022\/09\/Copie-de-banner_site_MVT.png\",\"width\":1920,\"height\":1080},{\"@type\":\"WebPage\",\"@id\":\"https:\/\/mvt.mfr.fr\/index.php\/2022\/05\/15\/comment-bien-dormir-a-linternat\/#webpage\",\"url\":\"https:\/\/mvt.mfr.fr\/index.php\/2022\/05\/15\/comment-bien-dormir-a-linternat\/\",\"name\":\"Comment bien dormir \\u00e0 l'internat ? - MVT\",\"isPartOf\":{\"@id\":\"https:\/\/mvt.mfr.fr\/#website\"},\"primaryImageOfPage\":{\"@id\":\"https:\/\/mvt.mfr.fr\/index.php\/2022\/05\/15\/comment-bien-dormir-a-linternat\/#primaryimage\"},\"datePublished\":\"2022-05-15T12:44:00+00:00\",\"dateModified\":\"2022-09-05T12:50:48+00:00\",\"author\":{\"@id\":\"https:\/\/mvt.mfr.fr\/#\/schema\/person\/2d8ab4af2cc4e77bd470513f3fefc2dd\"},\"description\":\"Aider les jeunes \\u00e0 \\u00eatre bien dans leur peau passe aussi par des actions de pr\\u00e9vention et de sensibilisation. La question du sommeil est centrale pour les jeunes. Lorsqu\\u2019ils sont \\u00e0 l\\u2019internat, comment \\u00e7a fonctionne ?\",\"breadcrumb\":{\"@id\":\"https:\/\/mvt.mfr.fr\/index.php\/2022\/05\/15\/comment-bien-dormir-a-linternat\/#breadcrumb\"},\"inLanguage\":\"fr-FR\",\"potentialAction\":[{\"@type\":\"ReadAction\",\"target\":[\"https:\/\/mvt.mfr.fr\/index.php\/2022\/05\/15\/comment-bien-dormir-a-linternat\/\"]}]},{\"@type\":\"BreadcrumbList\",\"@id\":\"https:\/\/mvt.mfr.fr\/index.php\/2022\/05\/15\/comment-bien-dormir-a-linternat\/#breadcrumb\",\"itemListElement\":[{\"@type\":\"ListItem\",\"position\":1,\"name\":\"Accueil\",\"item\":\"https:\/\/mvt.mfr.fr\/\"},{\"@type\":\"ListItem\",\"position\":2,\"name\":\"Comment bien dormir \\u00e0 l&#8217;internat ?\"}]},{\"@type\":\"Person\",\"@id\":\"https:\/\/mvt.mfr.fr\/#\/schema\/person\/2d8ab4af2cc4e77bd470513f3fefc2dd\",\"name\":\"Christophe\",\"description\":\"Responsable communication de l\\u2019Union Nationale des MFR, Christophe a d\\u2019abord \\u00e9t\\u00e9 moniteur au sein de plusieurs Maisons. De cette \\u00e9poque, il garde l\\u2019envie de se d\\u00e9passer, de progresser et d\\u2019avancer pour offrir aux jeunes un avenir radieux.\",\"url\":\"https:\/\/mvt.mfr.fr\/index.php\/author\/christophe\/\"}]}<\/script>\n<!-- \/ Yoast SEO plugin. -->","yoast_head_json":{"description":"Aider les jeunes \u00e0 \u00eatre bien dans leur peau passe aussi par des actions de pr\u00e9vention et de sensibilisation. La question du sommeil est centrale pour les jeunes. Lorsqu\u2019ils sont \u00e0 l\u2019internat, comment \u00e7a fonctionne ?","robots":{"index":"index","follow":"follow","max-snippet":"max-snippet:-1","max-image-preview":"max-image-preview:large","max-video-preview":"max-video-preview:-1"},"canonical":"https:\/\/mvt.mfr.fr\/index.php\/2022\/05\/15\/comment-bien-dormir-a-linternat\/","og_locale":"fr_FR","og_type":"article","og_title":"Comment bien dormir \u00e0 l'internat ?","og_description":"Aider les jeunes \u00e0 \u00eatre bien dans leur peau passe aussi par des actions de pr\u00e9vention et de sensibilisation. La question du sommeil est centrale pour les jeunes. Lorsqu\u2019ils sont \u00e0 l\u2019internat, comment \u00e7a fonctionne ?","og_url":"https:\/\/mvt.mfr.fr\/index.php\/2022\/05\/15\/comment-bien-dormir-a-linternat\/","og_site_name":"MVT","article_published_time":"2022-05-15T12:44:00+00:00","article_modified_time":"2022-09-05T12:50:48+00:00","og_image":[{"width":1920,"height":1080,"url":"https:\/\/mvt.mfr.fr\/wp-content\/uploads\/2022\/09\/Copie-de-banner_site_MVT.png","path":"\/var\/www\/clients\/client3\/web3\/web\/wp-content\/uploads\/2022\/09\/Copie-de-banner_site_MVT.png","size":"full","id":"2156","alt":"","pixels":2073600,"type":"image\/png"}],"twitter_card":"summary_large_image","twitter_title":"Comment bien dormir \u00e0 l'internat ?","twitter_description":"Aider les jeunes \u00e0 \u00eatre bien dans leur peau passe aussi par des actions de pr\u00e9vention et de sensibilisation. La question du sommeil est centrale pour les jeunes. Lorsqu\u2019ils sont \u00e0 l\u2019internat, comment \u00e7a fonctionne ?","twitter_image":"https:\/\/mvt.mfr.fr\/wp-content\/uploads\/2022\/09\/Copie-de-banner_site_MVT.png","twitter_misc":{"\u00c9crit par":"Christophe","Dur\u00e9e de lecture est.":"1 minute"},"schema":{"@context":"https:\/\/schema.org","@graph":[{"@type":"WebSite","@id":"https:\/\/mvt.mfr.fr\/#website","url":"https:\/\/mvt.mfr.fr\/","name":"MVT","description":"Le M\u00e9dia Vraiment Tout terrain","potentialAction":[{"@type":"SearchAction","target":{"@type":"EntryPoint","urlTemplate":"https:\/\/mvt.mfr.fr\/?s={search_term_string}"},"query-input":"required name=search_term_string"}],"inLanguage":"fr-FR"},{"@type":"ImageObject","@id":"https:\/\/mvt.mfr.fr\/index.php\/2022\/05\/15\/comment-bien-dormir-a-linternat\/#primaryimage","inLanguage":"fr-FR","url":"https:\/\/mvt.mfr.fr\/wp-content\/uploads\/2022\/09\/Copie-de-banner_site_MVT.png","contentUrl":"https:\/\/mvt.mfr.fr\/wp-content\/uploads\/2022\/09\/Copie-de-banner_site_MVT.png","width":1920,"height":1080},{"@type":"WebPage","@id":"https:\/\/mvt.mfr.fr\/index.php\/2022\/05\/15\/comment-bien-dormir-a-linternat\/#webpage","url":"https:\/\/mvt.mfr.fr\/index.php\/2022\/05\/15\/comment-bien-dormir-a-linternat\/","name":"Comment bien dormir \u00e0 l'internat ? - MVT","isPartOf":{"@id":"https:\/\/mvt.mfr.fr\/#website"},"primaryImageOfPage":{"@id":"https:\/\/mvt.mfr.fr\/index.php\/2022\/05\/15\/comment-bien-dormir-a-linternat\/#primaryimage"},"datePublished":"2022-05-15T12:44:00+00:00","dateModified":"2022-09-05T12:50:48+00:00","author":{"@id":"https:\/\/mvt.mfr.fr\/#\/schema\/person\/2d8ab4af2cc4e77bd470513f3fefc2dd"},"description":"Aider les jeunes \u00e0 \u00eatre bien dans leur peau passe aussi par des actions de pr\u00e9vention et de sensibilisation. La question du sommeil est centrale pour les jeunes. Lorsqu\u2019ils sont \u00e0 l\u2019internat, comment \u00e7a fonctionne ?","breadcrumb":{"@id":"https:\/\/mvt.mfr.fr\/index.php\/2022\/05\/15\/comment-bien-dormir-a-linternat\/#breadcrumb"},"inLanguage":"fr-FR","potentialAction":[{"@type":"ReadAction","target":["https:\/\/mvt.mfr.fr\/index.php\/2022\/05\/15\/comment-bien-dormir-a-linternat\/"]}]},{"@type":"BreadcrumbList","@id":"https:\/\/mvt.mfr.fr\/index.php\/2022\/05\/15\/comment-bien-dormir-a-linternat\/#breadcrumb","itemListElement":[{"@type":"ListItem","position":1,"name":"Accueil","item":"https:\/\/mvt.mfr.fr\/"},{"@type":"ListItem","position":2,"name":"Comment bien dormir \u00e0 l&#8217;internat ?"}]},{"@type":"Person","@id":"https:\/\/mvt.mfr.fr\/#\/schema\/person\/2d8ab4af2cc4e77bd470513f3fefc2dd","name":"Christophe","description":"Responsable communication de l\u2019Union Nationale des MFR, Christophe a d\u2019abord \u00e9t\u00e9 moniteur au sein de plusieurs Maisons. De cette \u00e9poque, il garde l\u2019envie de se d\u00e9passer, de progresser et d\u2019avancer pour offrir aux jeunes un avenir radieux.","url":"https:\/\/mvt.mfr.fr\/index.php\/author\/christophe\/"}]}},"jetpack_featured_media_url":"https:\/\/mvt.mfr.fr\/wp-content\/uploads\/2022\/09\/Copie-de-banner_site_MVT.png","_links":{"self":[{"href":"https:\/\/mvt.mfr.fr\/index.php\/wp-json\/wp\/v2\/posts\/2153"}],"collection":[{"href":"https:\/\/mvt.mfr.fr\/index.php\/wp-json\/wp\/v2\/posts"}],"about":[{"href":"https:\/\/mvt.mfr.fr\/index.php\/wp-json\/wp\/v2\/types\/post"}],"author":[{"embeddable":true,"href":"https:\/\/mvt.mfr.fr\/index.php\/wp-json\/wp\/v2\/users\/6"}],"replies":[{"embeddable":true,"href":"https:\/\/mvt.mfr.fr\/index.php\/wp-json\/wp\/v2\/comments?post=2153"}],"version-history":[{"count":3,"href":"https:\/\/mvt.mfr.fr\/index.php\/wp-json\/wp\/v2\/posts\/2153\/revisions"}],"predecessor-version":[{"id":2157,"href":"https:\/\/mvt.mfr.fr\/index.php\/wp-json\/wp\/v2\/posts\/2153\/revisions\/2157"}],"wp:featuredmedia":[{"embeddable":true,"href":"https:\/\/mvt.mfr.fr\/index.php\/wp-json\/wp\/v2\/media\/2156"}],"wp:attachment":[{"href":"https:\/\/mvt.mfr.fr\/index.php\/wp-json\/wp\/v2\/media?parent=2153"}],"wp:term":[{"taxonomy":"category","embeddable":true,"href":"https:\/\/mvt.mfr.fr\/index.php\/wp-json\/wp\/v2\/categories?post=2153"},{"taxonomy":"post_tag","embeddable":true,"href":"https:\/\/mvt.mfr.fr\/index.php\/wp-json\/wp\/v2\/tags?post=2153"}],"curies":[{"name":"wp","href":"https:\/\/api.w.org\/{rel}","templated":true}]}}