{"id":2138,"date":"2022-05-14T14:05:33","date_gmt":"2022-05-14T12:05:33","guid":{"rendered":"https:\/\/mvt.mfr.fr\/?p=2138"},"modified":"2022-05-14T14:11:08","modified_gmt":"2022-05-14T12:11:08","slug":"erasmus-a-35-ans-echange-avec-jean-yves-metin-developpeur-erasmus-en-mfr","status":"publish","type":"post","link":"https:\/\/mvt.mfr.fr\/index.php\/2022\/05\/14\/erasmus-a-35-ans-echange-avec-jean-yves-metin-developpeur-erasmus-en-mfr\/","title":{"rendered":"Erasmus a 35 ans : \u00e9change avec Jean-Yves Metin, d\u00e9veloppeur Erasmus en MFR"},"content":{"rendered":"\n<p><strong>Jean-Yves Metin est chef de projet et d\u00e9veloppeur Erasmus+. \u00c0 l&rsquo;occasion de la journ\u00e9e de l&rsquo;Europe, il est revenu sur des chiffres marquants de la mobilit\u00e9 en MFR. <\/strong><\/p>\n\n\n\n<p>Fier de porter et garantir le lien des jeunes et adultes avec l\u2019Europe lors de mobilit\u00e9s, il partage ses connaissances et son parcours en vid\u00e9o.<\/p>\n\n\n\n<p>D\u00e9couvrez les actualit\u00e9s des #MFR en #Europe sur <a href=\"https:\/\/europe.mfr.fr\/\" target=\"_blank\" rel=\"noopener\">europe.mfr.fr<\/a> !<\/p>\n\n\n\n<p><\/p>\n\n\n<p><iframe width=\"560\" height=\"315\" data-requires-vendor-consent=\"Youtube\" data-src=\"https:\/\/www.youtube.com\/embed\/r3BtLbYVonw\" title=\"YouTube video player\" frameborder=\"0\" allow=\"accelerometer; autoplay; clipboard-write; encrypted-media; gyroscope; picture-in-picture\" allowfullscreen=\"\"><\/iframe><\/p>\n<p><a id=\"btn-cookies-youtube\" class=\"btn btn-cookie-yt\"><br>\n\t\t\t\t\tPour activer ce contenu et acc\u00e9der \u00e0 la vid\u00e9o, cliquez ici pour accepter le d\u00e9p\u00f4t de cookies<br>\n\t\t\t\t<\/a><\/p>\n\n\n<p><\/p>\n","protected":false},"excerpt":{"rendered":"<p>Jean-Yves Metin est chef de projet et d\u00e9veloppeur Erasmus+. \u00c0 l&rsquo;occasion de la journ\u00e9e de l&rsquo;Europe, il est revenu sur des chiffres marquants de la mobilit\u00e9 en MFR.<\/p>\n<p>Fier de porter et garantir le lien des jeunes et adultes avec l\u2019Europe lors de mobilit\u00e9s, il partage ses connaissances et son parcours en vid\u00e9o.<\/p>\n","protected":false},"author":6,"featured_media":2139,"comment_status":"closed","ping_status":"open","sticky":false,"template":"","format":"standard","meta":{"inline_featured_image":false,"spay_email":""},"categories":[1073,10,1],"tags":[1217,1218,977,960,1219,1221,1220],"yoast_head":"<!-- This site is optimized with the Yoast SEO plugin v17.1 - https:\/\/yoast.com\/wordpress\/plugins\/seo\/ -->\n<meta name=\"description\" content=\"Jean-Yves Metin est chef de projet et d\u00e9veloppeur Erasmus+. \u00c0 l&#039;occasion de la journ\u00e9e de l&#039;Europe, il est revenu sur des chiffres marquants de la mobilit\u00e9 en MFR. Fier de porter et garantir le lien des jeunes et adultes avec l\u2019Europe lors de mobilit\u00e9s, il partage ses connaissances et son parcours en vid\u00e9o.\" \/>\n<meta name=\"robots\" content=\"index, follow, max-snippet:-1, max-image-preview:large, max-video-preview:-1\" \/>\n<link rel=\"canonical\" href=\"https:\/\/mvt.mfr.fr\/index.php\/2022\/05\/14\/erasmus-a-35-ans-echange-avec-jean-yves-metin-developpeur-erasmus-en-mfr\/\" \/>\n<meta property=\"og:locale\" content=\"fr_FR\" \/>\n<meta property=\"og:type\" content=\"article\" \/>\n<meta property=\"og:title\" content=\"\ud83c\uddea\ud83c\uddfa Erasmus a 35 ans : \u00e9change avec Jean-Yves Metin, d\u00e9veloppeur Erasmus en MFR\" \/>\n<meta property=\"og:description\" content=\"Jean-Yves Metin est chef de projet et d\u00e9veloppeur Erasmus+. \u00c0 l&#039;occasion de la journ\u00e9e de l&#039;Europe, il est revenu sur des chiffres marquants de la mobilit\u00e9 en MFR. Fier de porter et garantir le lien des jeunes et adultes avec l\u2019Europe lors de mobilit\u00e9s, il partage ses connaissances et son parcours en vid\u00e9o.\" \/>\n<meta property=\"og:url\" content=\"https:\/\/mvt.mfr.fr\/index.php\/2022\/05\/14\/erasmus-a-35-ans-echange-avec-jean-yves-metin-developpeur-erasmus-en-mfr\/\" \/>\n<meta property=\"og:site_name\" content=\"MVT\" \/>\n<meta property=\"article:published_time\" content=\"2022-05-14T12:05:33+00:00\" \/>\n<meta property=\"article:modified_time\" content=\"2022-05-14T12:11:08+00:00\" \/>\n<meta property=\"og:image\" content=\"https:\/\/mvt.mfr.fr\/wp-content\/uploads\/2022\/05\/banner_site_MVT_Emilie-1.png\" \/>\n\t<meta property=\"og:image:width\" content=\"1920\" \/>\n\t<meta property=\"og:image:height\" content=\"1280\" \/>\n<meta name=\"twitter:card\" content=\"summary_large_image\" \/>\n<meta name=\"twitter:title\" content=\"\ud83c\uddea\ud83c\uddfa Erasmus a 35 ans : \u00e9change avec Jean-Yves Metin, d\u00e9veloppeur Erasmus en MFR\" \/>\n<meta name=\"twitter:description\" content=\"Jean-Yves Metin est chef de projet et d\u00e9veloppeur Erasmus+. \u00c0 l&#039;occasion de la journ\u00e9e de l&#039;Europe, il est revenu sur des chiffres marquants de la mobilit\u00e9 en MFR. Fier de porter et garantir le lien des jeunes et adultes avec l\u2019Europe lors de mobilit\u00e9s, il partage ses connaissances et son parcours en vid\u00e9o.\" \/>\n<meta name=\"twitter:image\" content=\"https:\/\/mvt.mfr.fr\/wp-content\/uploads\/2022\/05\/banner_site_MVT_Emilie-1.png\" \/>\n<meta name=\"twitter:label1\" content=\"\u00c9crit par\" \/>\n\t<meta name=\"twitter:data1\" content=\"Christophe\" \/>\n\t<meta name=\"twitter:label2\" content=\"Dur\u00e9e de lecture est.\" \/>\n\t<meta name=\"twitter:data2\" content=\"1 minute\" \/>\n<script type=\"application\/ld+json\" class=\"yoast-schema-graph\">{\"@context\":\"https:\/\/schema.org\",\"@graph\":[{\"@type\":\"WebSite\",\"@id\":\"https:\/\/mvt.mfr.fr\/#website\",\"url\":\"https:\/\/mvt.mfr.fr\/\",\"name\":\"MVT\",\"description\":\"Le M\\u00e9dia Vraiment Tout terrain\",\"potentialAction\":[{\"@type\":\"SearchAction\",\"target\":{\"@type\":\"EntryPoint\",\"urlTemplate\":\"https:\/\/mvt.mfr.fr\/?s={search_term_string}\"},\"query-input\":\"required name=search_term_string\"}],\"inLanguage\":\"fr-FR\"},{\"@type\":\"ImageObject\",\"@id\":\"https:\/\/mvt.mfr.fr\/index.php\/2022\/05\/14\/erasmus-a-35-ans-echange-avec-jean-yves-metin-developpeur-erasmus-en-mfr\/#primaryimage\",\"inLanguage\":\"fr-FR\",\"url\":\"https:\/\/mvt.mfr.fr\/wp-content\/uploads\/2022\/05\/banner_site_MVT_Emilie-1.png\",\"contentUrl\":\"https:\/\/mvt.mfr.fr\/wp-content\/uploads\/2022\/05\/banner_site_MVT_Emilie-1.png\",\"width\":1920,\"height\":1280},{\"@type\":\"WebPage\",\"@id\":\"https:\/\/mvt.mfr.fr\/index.php\/2022\/05\/14\/erasmus-a-35-ans-echange-avec-jean-yves-metin-developpeur-erasmus-en-mfr\/#webpage\",\"url\":\"https:\/\/mvt.mfr.fr\/index.php\/2022\/05\/14\/erasmus-a-35-ans-echange-avec-jean-yves-metin-developpeur-erasmus-en-mfr\/\",\"name\":\"Erasmus a 35 ans : \\u00e9change avec Jean-Yves Metin, d\\u00e9veloppeur Erasmus en MFR - MVT\",\"isPartOf\":{\"@id\":\"https:\/\/mvt.mfr.fr\/#website\"},\"primaryImageOfPage\":{\"@id\":\"https:\/\/mvt.mfr.fr\/index.php\/2022\/05\/14\/erasmus-a-35-ans-echange-avec-jean-yves-metin-developpeur-erasmus-en-mfr\/#primaryimage\"},\"datePublished\":\"2022-05-14T12:05:33+00:00\",\"dateModified\":\"2022-05-14T12:11:08+00:00\",\"author\":{\"@id\":\"https:\/\/mvt.mfr.fr\/#\/schema\/person\/2d8ab4af2cc4e77bd470513f3fefc2dd\"},\"description\":\"Jean-Yves Metin est chef de projet et d\\u00e9veloppeur Erasmus+. \\u00c0 l'occasion de la journ\\u00e9e de l'Europe, il est revenu sur des chiffres marquants de la mobilit\\u00e9 en MFR. Fier de porter et garantir le lien des jeunes et adultes avec l\\u2019Europe lors de mobilit\\u00e9s, il partage ses connaissances et son parcours en vid\\u00e9o.\",\"breadcrumb\":{\"@id\":\"https:\/\/mvt.mfr.fr\/index.php\/2022\/05\/14\/erasmus-a-35-ans-echange-avec-jean-yves-metin-developpeur-erasmus-en-mfr\/#breadcrumb\"},\"inLanguage\":\"fr-FR\",\"potentialAction\":[{\"@type\":\"ReadAction\",\"target\":[\"https:\/\/mvt.mfr.fr\/index.php\/2022\/05\/14\/erasmus-a-35-ans-echange-avec-jean-yves-metin-developpeur-erasmus-en-mfr\/\"]}]},{\"@type\":\"BreadcrumbList\",\"@id\":\"https:\/\/mvt.mfr.fr\/index.php\/2022\/05\/14\/erasmus-a-35-ans-echange-avec-jean-yves-metin-developpeur-erasmus-en-mfr\/#breadcrumb\",\"itemListElement\":[{\"@type\":\"ListItem\",\"position\":1,\"name\":\"Accueil\",\"item\":\"https:\/\/mvt.mfr.fr\/\"},{\"@type\":\"ListItem\",\"position\":2,\"name\":\"Erasmus a 35 ans : \\u00e9change avec Jean-Yves Metin, d\\u00e9veloppeur Erasmus en MFR\"}]},{\"@type\":\"Person\",\"@id\":\"https:\/\/mvt.mfr.fr\/#\/schema\/person\/2d8ab4af2cc4e77bd470513f3fefc2dd\",\"name\":\"Christophe\",\"description\":\"Responsable communication de l\\u2019Union Nationale des MFR, Christophe a d\\u2019abord \\u00e9t\\u00e9 moniteur au sein de plusieurs Maisons. De cette \\u00e9poque, il garde l\\u2019envie de se d\\u00e9passer, de progresser et d\\u2019avancer pour offrir aux jeunes un avenir radieux.\",\"url\":\"https:\/\/mvt.mfr.fr\/index.php\/author\/christophe\/\"}]}<\/script>\n<!-- \/ Yoast SEO plugin. -->","yoast_head_json":{"description":"Jean-Yves Metin est chef de projet et d\u00e9veloppeur Erasmus+. \u00c0 l'occasion de la journ\u00e9e de l'Europe, il est revenu sur des chiffres marquants de la mobilit\u00e9 en MFR. Fier de porter et garantir le lien des jeunes et adultes avec l\u2019Europe lors de mobilit\u00e9s, il partage ses connaissances et son parcours en vid\u00e9o.","robots":{"index":"index","follow":"follow","max-snippet":"max-snippet:-1","max-image-preview":"max-image-preview:large","max-video-preview":"max-video-preview:-1"},"canonical":"https:\/\/mvt.mfr.fr\/index.php\/2022\/05\/14\/erasmus-a-35-ans-echange-avec-jean-yves-metin-developpeur-erasmus-en-mfr\/","og_locale":"fr_FR","og_type":"article","og_title":"\ud83c\uddea\ud83c\uddfa Erasmus a 35 ans : \u00e9change avec Jean-Yves Metin, d\u00e9veloppeur Erasmus en MFR","og_description":"Jean-Yves Metin est chef de projet et d\u00e9veloppeur Erasmus+. \u00c0 l'occasion de la journ\u00e9e de l'Europe, il est revenu sur des chiffres marquants de la mobilit\u00e9 en MFR. Fier de porter et garantir le lien des jeunes et adultes avec l\u2019Europe lors de mobilit\u00e9s, il partage ses connaissances et son parcours en vid\u00e9o.","og_url":"https:\/\/mvt.mfr.fr\/index.php\/2022\/05\/14\/erasmus-a-35-ans-echange-avec-jean-yves-metin-developpeur-erasmus-en-mfr\/","og_site_name":"MVT","article_published_time":"2022-05-14T12:05:33+00:00","article_modified_time":"2022-05-14T12:11:08+00:00","og_image":[{"width":1920,"height":1280,"url":"https:\/\/mvt.mfr.fr\/wp-content\/uploads\/2022\/05\/banner_site_MVT_Emilie-1.png","path":"\/var\/www\/clients\/client3\/web3\/web\/wp-content\/uploads\/2022\/05\/banner_site_MVT_Emilie-1.png","size":"full","id":"2139","alt":"","pixels":2457600,"type":"image\/png"}],"twitter_card":"summary_large_image","twitter_title":"\ud83c\uddea\ud83c\uddfa Erasmus a 35 ans : \u00e9change avec Jean-Yves Metin, d\u00e9veloppeur Erasmus en MFR","twitter_description":"Jean-Yves Metin est chef de projet et d\u00e9veloppeur Erasmus+. \u00c0 l'occasion de la journ\u00e9e de l'Europe, il est revenu sur des chiffres marquants de la mobilit\u00e9 en MFR. Fier de porter et garantir le lien des jeunes et adultes avec l\u2019Europe lors de mobilit\u00e9s, il partage ses connaissances et son parcours en vid\u00e9o.","twitter_image":"https:\/\/mvt.mfr.fr\/wp-content\/uploads\/2022\/05\/banner_site_MVT_Emilie-1.png","twitter_misc":{"\u00c9crit par":"Christophe","Dur\u00e9e de lecture est.":"1 minute"},"schema":{"@context":"https:\/\/schema.org","@graph":[{"@type":"WebSite","@id":"https:\/\/mvt.mfr.fr\/#website","url":"https:\/\/mvt.mfr.fr\/","name":"MVT","description":"Le M\u00e9dia Vraiment Tout terrain","potentialAction":[{"@type":"SearchAction","target":{"@type":"EntryPoint","urlTemplate":"https:\/\/mvt.mfr.fr\/?s={search_term_string}"},"query-input":"required name=search_term_string"}],"inLanguage":"fr-FR"},{"@type":"ImageObject","@id":"https:\/\/mvt.mfr.fr\/index.php\/2022\/05\/14\/erasmus-a-35-ans-echange-avec-jean-yves-metin-developpeur-erasmus-en-mfr\/#primaryimage","inLanguage":"fr-FR","url":"https:\/\/mvt.mfr.fr\/wp-content\/uploads\/2022\/05\/banner_site_MVT_Emilie-1.png","contentUrl":"https:\/\/mvt.mfr.fr\/wp-content\/uploads\/2022\/05\/banner_site_MVT_Emilie-1.png","width":1920,"height":1280},{"@type":"WebPage","@id":"https:\/\/mvt.mfr.fr\/index.php\/2022\/05\/14\/erasmus-a-35-ans-echange-avec-jean-yves-metin-developpeur-erasmus-en-mfr\/#webpage","url":"https:\/\/mvt.mfr.fr\/index.php\/2022\/05\/14\/erasmus-a-35-ans-echange-avec-jean-yves-metin-developpeur-erasmus-en-mfr\/","name":"Erasmus a 35 ans : \u00e9change avec Jean-Yves Metin, d\u00e9veloppeur Erasmus en MFR - MVT","isPartOf":{"@id":"https:\/\/mvt.mfr.fr\/#website"},"primaryImageOfPage":{"@id":"https:\/\/mvt.mfr.fr\/index.php\/2022\/05\/14\/erasmus-a-35-ans-echange-avec-jean-yves-metin-developpeur-erasmus-en-mfr\/#primaryimage"},"datePublished":"2022-05-14T12:05:33+00:00","dateModified":"2022-05-14T12:11:08+00:00","author":{"@id":"https:\/\/mvt.mfr.fr\/#\/schema\/person\/2d8ab4af2cc4e77bd470513f3fefc2dd"},"description":"Jean-Yves Metin est chef de projet et d\u00e9veloppeur Erasmus+. \u00c0 l'occasion de la journ\u00e9e de l'Europe, il est revenu sur des chiffres marquants de la mobilit\u00e9 en MFR. Fier de porter et garantir le lien des jeunes et adultes avec l\u2019Europe lors de mobilit\u00e9s, il partage ses connaissances et son parcours en vid\u00e9o.","breadcrumb":{"@id":"https:\/\/mvt.mfr.fr\/index.php\/2022\/05\/14\/erasmus-a-35-ans-echange-avec-jean-yves-metin-developpeur-erasmus-en-mfr\/#breadcrumb"},"inLanguage":"fr-FR","potentialAction":[{"@type":"ReadAction","target":["https:\/\/mvt.mfr.fr\/index.php\/2022\/05\/14\/erasmus-a-35-ans-echange-avec-jean-yves-metin-developpeur-erasmus-en-mfr\/"]}]},{"@type":"BreadcrumbList","@id":"https:\/\/mvt.mfr.fr\/index.php\/2022\/05\/14\/erasmus-a-35-ans-echange-avec-jean-yves-metin-developpeur-erasmus-en-mfr\/#breadcrumb","itemListElement":[{"@type":"ListItem","position":1,"name":"Accueil","item":"https:\/\/mvt.mfr.fr\/"},{"@type":"ListItem","position":2,"name":"Erasmus a 35 ans : \u00e9change avec Jean-Yves Metin, d\u00e9veloppeur Erasmus en MFR"}]},{"@type":"Person","@id":"https:\/\/mvt.mfr.fr\/#\/schema\/person\/2d8ab4af2cc4e77bd470513f3fefc2dd","name":"Christophe","description":"Responsable communication de l\u2019Union Nationale des MFR, Christophe a d\u2019abord \u00e9t\u00e9 moniteur au sein de plusieurs Maisons. De cette \u00e9poque, il garde l\u2019envie de se d\u00e9passer, de progresser et d\u2019avancer pour offrir aux jeunes un avenir radieux.","url":"https:\/\/mvt.mfr.fr\/index.php\/author\/christophe\/"}]}},"jetpack_featured_media_url":"https:\/\/mvt.mfr.fr\/wp-content\/uploads\/2022\/05\/banner_site_MVT_Emilie-1.png","_links":{"self":[{"href":"https:\/\/mvt.mfr.fr\/index.php\/wp-json\/wp\/v2\/posts\/2138"}],"collection":[{"href":"https:\/\/mvt.mfr.fr\/index.php\/wp-json\/wp\/v2\/posts"}],"about":[{"href":"https:\/\/mvt.mfr.fr\/index.php\/wp-json\/wp\/v2\/types\/post"}],"author":[{"embeddable":true,"href":"https:\/\/mvt.mfr.fr\/index.php\/wp-json\/wp\/v2\/users\/6"}],"replies":[{"embeddable":true,"href":"https:\/\/mvt.mfr.fr\/index.php\/wp-json\/wp\/v2\/comments?post=2138"}],"version-history":[{"count":4,"href":"https:\/\/mvt.mfr.fr\/index.php\/wp-json\/wp\/v2\/posts\/2138\/revisions"}],"predecessor-version":[{"id":2144,"href":"https:\/\/mvt.mfr.fr\/index.php\/wp-json\/wp\/v2\/posts\/2138\/revisions\/2144"}],"wp:featuredmedia":[{"embeddable":true,"href":"https:\/\/mvt.mfr.fr\/index.php\/wp-json\/wp\/v2\/media\/2139"}],"wp:attachment":[{"href":"https:\/\/mvt.mfr.fr\/index.php\/wp-json\/wp\/v2\/media?parent=2138"}],"wp:term":[{"taxonomy":"category","embeddable":true,"href":"https:\/\/mvt.mfr.fr\/index.php\/wp-json\/wp\/v2\/categories?post=2138"},{"taxonomy":"post_tag","embeddable":true,"href":"https:\/\/mvt.mfr.fr\/index.php\/wp-json\/wp\/v2\/tags?post=2138"}],"curies":[{"name":"wp","href":"https:\/\/api.w.org\/{rel}","templated":true}]}}