{"id":2117,"date":"2022-04-12T13:34:27","date_gmt":"2022-04-12T11:34:27","guid":{"rendered":"https:\/\/mvt.mfr.fr\/?p=2117"},"modified":"2022-04-12T13:34:28","modified_gmt":"2022-04-12T11:34:28","slug":"emmanuel-en-reconversion-en-mecanique-agricole","status":"publish","type":"post","link":"https:\/\/mvt.mfr.fr\/index.php\/2022\/04\/12\/emmanuel-en-reconversion-en-mecanique-agricole\/","title":{"rendered":"Emmanuel, en reconversion en m\u00e9canique agricole"},"content":{"rendered":"\n<p><strong>Emmanuel Marie, 30 ans, est apprenti en reconversion \u00e0 la <a href=\"https:\/\/www.sevreurope.eu\/\">MFR S\u00e8vreurope<\/a> en classe de 1\u00e8re bac pro MMA (maintenance des mat\u00e9riels agricoles) : portrait.<\/strong><\/p>\n\n\n\n<h2>Que faisiez-vous avant votre reconversion professionnelle ?<\/h2>\n\n\n\n<p>J&rsquo;\u00e9tais boulanger-p\u00e2tissier pendant une quinzaine d\u2019ann\u00e9es. J&rsquo;ai eu mon entreprise, j&rsquo;ai \u00e9t\u00e9 responsable dans deux grandes entreprises diff\u00e9rentes. Je suis retourn\u00e9 dans l\u2019artisanat pour essayer de me ressourcer un petit peu du m\u00e9tier.<\/p>\n\n\n\n<h2>Comment s&rsquo;est d\u00e9roul\u00e9e votre d\u00e9marche de reconversion ?<\/h2>\n\n\n\n<p>J&rsquo;ai d\u00e9cid\u00e9 de faire une reconversion professionnelle, j\u2019ai fait appel \u00e0 l&rsquo;entreprise Rebond pour faire un bilan de comp\u00e9tences. C&rsquo;\u00e9tait avec une psychologue du travail. On a eu des rendez-vous toutes les semaines, \u00e0 peu pr\u00e8s pendant deux mois.<\/p>\n\n\n\n<p>Pendant ces rendez vous, on a cherch\u00e9 \u00e0 conna\u00eetre ma personnalit\u00e9, ce que j&rsquo;aimerais faire mes passions en g\u00e9n\u00e9ral des enqu\u00eates m\u00e9tiers, beaucoup de recherches sur diff\u00e9rents m\u00e9tiers pour en conclure que ce que je voulais faire en fait depuis le d\u00e9but et depuis quinze ans, c&rsquo;\u00e9tait de la m\u00e9canique.<\/p>\n\n\n\n<h2>Pourquoi la m\u00e9canique agricole ?<\/h2>\n\n\n\n<p>J&rsquo;ai choisi la m\u00e9canique agricole parce que le monde de l\u2019agriculture, c&rsquo;est un monde pour moi, passionnant, avec beaucoup de valeurs. C&rsquo;est assez compliqu\u00e9 dans le sens ou il y a du pneumatique, de l\u2019hydraulique, beaucoup de nouvelles technologies.<\/p>\n\n\n\n<p>Donc ce n&rsquo;est pas du tout un sous dipl\u00f4me, bien au contraire. Pour moi, c&rsquo;est quelque chose de tr\u00e8s valorisant. J&rsquo;ai choisi la MFR parce qu&rsquo;ils proposaient le bac pro maintenance des mat\u00e9riels agricoles.<\/p>\n\n\n\n<p>Du coup, j&rsquo;habite \u00e0 dix minutes de la MFR et mon entreprise est \u00e0 dix minutes de chez moi aussi, donc pour une reconversion j&rsquo;ai eu \u00e9norm\u00e9ment de chance de tout avoir \u00e0 c\u00f4t\u00e9 de chez moi.<\/p>\n\n\n\n<h2>Comment \u00e7a se passe avec vos camarades plus jeunes ?<\/h2>\n\n\n\n<p>Une moyenne d&rsquo;\u00e2ge de 16-17 ans en g\u00e9n\u00e9ral. Pas tous les jours facile, mais c&rsquo;est des jeunes qui ont quand m\u00eame des valeurs et des principes, parce qu&rsquo;il y en a quand m\u00eame pas mal qui sont issus du monde agricole. Je ne peux pas dire que j&rsquo;ai \u00e9t\u00e9 mieux \u00e0 leur \u00e2ge, donc je pense qu&rsquo;il faut laisser la maturit\u00e9 venir et tout ce que je peux faire pour les aider. Du coup, je le fais. Que ce soit pour les r\u00e9visions de leur faire comprendre une voie diff\u00e9rente de celle des professeurs aussi.<\/p>\n\n\n\n<h2>Comment s\u2019adapter en entreprise ?<\/h2>\n\n\n\n<p>\u00c7a s&rsquo;est tr\u00e8s bien fait, m\u00eame mon directeur m&rsquo;a f\u00e9licit\u00e9 de cette insertion assez rapide. J&rsquo;ai toujours fait de la m\u00e9canique \u00e0 titre de loisir. Le mat\u00e9riel est diff\u00e9rent. C&rsquo;\u00e9tait la plus grande adaptation \u00e0 avoir. Mais du coup, oui en entreprise, j&rsquo;ai une tr\u00e8s bonne \u00e9quipe d\u2019entreprise qui m&rsquo;\u00e9paule bien, qui me donne les moyens et qui m\u2019explique tout ce que j&rsquo;ai \u00e0 apprendre.<\/p>\n\n\n\n<h2>Comment la MFR vous a accompagn\u00e9 ?<\/h2>\n\n\n\n<p>Quand je les ai appel\u00e9s, j&rsquo;ai eu un contact assez rapide. J&rsquo;ai eu les dossiers, j&rsquo;ai eu la chance de visiter la MFR m\u00eame hors p\u00e9riode scolaire. Le dipl\u00f4me m&rsquo;a \u00e9t\u00e9 propos\u00e9. Il \u00e9tait tr\u00e8s adapt\u00e9 \u00e0 ce que je voulais faire. M\u00eame l&rsquo;organisation de la MFR va super bien.<\/p>\n\n\n\n<h2>Apr\u00e8s le Bac Pro MMA, fini les \u00e9tudes ?<\/h2>\n\n\n\n<p>Peut \u00eatre, peut \u00eatre pas. \u00c7a va d\u00e9pendre, \u00e7a se passe tr\u00e8s bien. Je suis tr\u00e8s content de mes r\u00e9sultats scolaires parce que retourne \u00e0 l\u2019\u00e9cole \u00e0 30 ans, on sait pas comment on va s&rsquo;y retrouver. J&rsquo;aimerais bien continuer, mais dans le sens, je veux dire, j&rsquo;ai une vie de famille et apr\u00e8s il faut que mon entreprise veuille bien aussi parce que du coup, je suis embauch\u00e9 normalement apr\u00e8s mon bac. Donc \u00e7a, ce sera \u00e0 voir.<\/p>\n\n\n\n<p>Et puis le probl\u00e8me du BTS, c&rsquo;est qu&rsquo;il n&rsquo;est pas \u00e0 la MFR. \u00c7a, c&rsquo;est dommage parce qu&rsquo;au final, \u00e7a aurait \u00e9t\u00e9 \u00e0 c\u00f4t\u00e9 de chez moi du coup. Le probl\u00e8me, c&rsquo;est qu&rsquo;il faut que j&rsquo;aille loin et partir \u00e0 la semaine c&rsquo;est pas ce qui peut m&rsquo;arranger.<\/p>\n\n\n\n<h2>Un conseil \u00e0 partager ?<\/h2>\n\n\n\n<p>Franchir le cap, c&rsquo;est le plus compliqu\u00e9 parce que moi, je me suis pos\u00e9 beaucoup de questions avant de le faire, parce que financi\u00e8rement, ce n&rsquo;est pas la m\u00eame chose d&rsquo;\u00eatre apprenti ou alors chef, chef de rayon ou chef d&rsquo;entreprise, tout simplement. Le temps aussi, \u00e7a prend beaucoup de temps, beaucoup d&rsquo;\u00e9nergie, mais il faut s&rsquo;entourer des bonnes personnes.<\/p>\n\n\n\n<p>Il ne faut surtout pas h\u00e9siter \u00e0 avancer vers les entreprises qui le proposent les bilans de comp\u00e9tences par exemple avancer, voir dans des MFR, par exemple se renseigner des parcours que l&rsquo;on veut faire dans ce qu\u2019on pourrait avoir envie de faire. Donc il ne faut pas h\u00e9siter, c&rsquo;est un cap \u00e0 passer, mais\u2026<\/p>\n\n\n\n<p>En fait, pour \u00eatre heureux, il faut \u00eatre heureux dans son travail, quitte \u00e0 changer de travail.<\/p>\n\n\n\n<p> <\/p>\n","protected":false},"excerpt":{"rendered":"<p>Emmanuel Marie, 30 ans, est apprenti en reconversion \u00e0 la MFR S\u00e8vreurope en classe de 1\u00e8re bac pro MMA (maintenance des mat\u00e9riels agricoles) : portrait.<\/p>\n","protected":false},"author":6,"featured_media":2119,"comment_status":"closed","ping_status":"open","sticky":false,"template":"","format":"standard","meta":{"inline_featured_image":false,"spay_email":""},"categories":[10,9],"tags":[1214,1215,1213,1211,1212],"yoast_head":"<!-- This site is optimized with the Yoast SEO plugin v17.1 - https:\/\/yoast.com\/wordpress\/plugins\/seo\/ -->\n<meta name=\"description\" content=\"Emmanuel Marie, 30 ans, est apprenti en reconversion \u00e0 la MFR S\u00e8vreurope en classe de 1\u00e8re bac pro MMA (maintenance des mat\u00e9riels agricoles) : portrait.\" \/>\n<meta name=\"robots\" content=\"index, follow, max-snippet:-1, max-image-preview:large, max-video-preview:-1\" \/>\n<link rel=\"canonical\" href=\"https:\/\/mvt.mfr.fr\/index.php\/2022\/04\/12\/emmanuel-en-reconversion-en-mecanique-agricole\/\" \/>\n<meta property=\"og:locale\" content=\"fr_FR\" \/>\n<meta property=\"og:type\" content=\"article\" \/>\n<meta property=\"og:title\" content=\"Emmanuel, en reconversion en m\u00e9canique agricole\" \/>\n<meta property=\"og:description\" content=\"Emmanuel Marie, 30 ans, est apprenti en reconversion \u00e0 la MFR S\u00e8vreurope en classe de 1\u00e8re bac pro MMA (maintenance des mat\u00e9riels agricoles) : portrait.\" \/>\n<meta property=\"og:url\" content=\"https:\/\/mvt.mfr.fr\/index.php\/2022\/04\/12\/emmanuel-en-reconversion-en-mecanique-agricole\/\" \/>\n<meta property=\"og:site_name\" content=\"MVT\" \/>\n<meta property=\"article:published_time\" content=\"2022-04-12T11:34:27+00:00\" \/>\n<meta property=\"article:modified_time\" content=\"2022-04-12T11:34:28+00:00\" \/>\n<meta property=\"og:image\" content=\"https:\/\/mvt.mfr.fr\/wp-content\/uploads\/2022\/03\/Comment-vont-les-metiers-de-la-restauration-1.png\" \/>\n\t<meta property=\"og:image:width\" content=\"1920\" \/>\n\t<meta property=\"og:image:height\" content=\"1536\" \/>\n<meta name=\"twitter:card\" content=\"summary_large_image\" \/>\n<meta name=\"twitter:title\" content=\"Emmanuel, en reconversion en m\u00e9canique agricole\" \/>\n<meta name=\"twitter:description\" content=\"Emmanuel Marie, 30 ans, est apprenti en reconversion \u00e0 la MFR S\u00e8vreurope en classe de 1\u00e8re bac pro MMA (maintenance des mat\u00e9riels agricoles) : portrait.\" \/>\n<meta name=\"twitter:image\" content=\"https:\/\/mvt.mfr.fr\/wp-content\/uploads\/2022\/03\/Comment-vont-les-metiers-de-la-restauration-1.png\" \/>\n<meta name=\"twitter:label1\" content=\"\u00c9crit par\" \/>\n\t<meta name=\"twitter:data1\" content=\"Christophe\" \/>\n\t<meta name=\"twitter:label2\" content=\"Dur\u00e9e de lecture est.\" \/>\n\t<meta name=\"twitter:data2\" content=\"4 minutes\" \/>\n<script type=\"application\/ld+json\" class=\"yoast-schema-graph\">{\"@context\":\"https:\/\/schema.org\",\"@graph\":[{\"@type\":\"WebSite\",\"@id\":\"https:\/\/mvt.mfr.fr\/#website\",\"url\":\"https:\/\/mvt.mfr.fr\/\",\"name\":\"MVT\",\"description\":\"Le M\\u00e9dia Vraiment Tout terrain\",\"potentialAction\":[{\"@type\":\"SearchAction\",\"target\":{\"@type\":\"EntryPoint\",\"urlTemplate\":\"https:\/\/mvt.mfr.fr\/?s={search_term_string}\"},\"query-input\":\"required name=search_term_string\"}],\"inLanguage\":\"fr-FR\"},{\"@type\":\"ImageObject\",\"@id\":\"https:\/\/mvt.mfr.fr\/index.php\/2022\/04\/12\/emmanuel-en-reconversion-en-mecanique-agricole\/#primaryimage\",\"inLanguage\":\"fr-FR\",\"url\":\"https:\/\/mvt.mfr.fr\/wp-content\/uploads\/2022\/03\/Comment-vont-les-metiers-de-la-restauration-1.png\",\"contentUrl\":\"https:\/\/mvt.mfr.fr\/wp-content\/uploads\/2022\/03\/Comment-vont-les-metiers-de-la-restauration-1.png\",\"width\":1920,\"height\":1536},{\"@type\":\"WebPage\",\"@id\":\"https:\/\/mvt.mfr.fr\/index.php\/2022\/04\/12\/emmanuel-en-reconversion-en-mecanique-agricole\/#webpage\",\"url\":\"https:\/\/mvt.mfr.fr\/index.php\/2022\/04\/12\/emmanuel-en-reconversion-en-mecanique-agricole\/\",\"name\":\"Emmanuel, en reconversion en m\\u00e9canique agricole - MVT\",\"isPartOf\":{\"@id\":\"https:\/\/mvt.mfr.fr\/#website\"},\"primaryImageOfPage\":{\"@id\":\"https:\/\/mvt.mfr.fr\/index.php\/2022\/04\/12\/emmanuel-en-reconversion-en-mecanique-agricole\/#primaryimage\"},\"datePublished\":\"2022-04-12T11:34:27+00:00\",\"dateModified\":\"2022-04-12T11:34:28+00:00\",\"author\":{\"@id\":\"https:\/\/mvt.mfr.fr\/#\/schema\/person\/2d8ab4af2cc4e77bd470513f3fefc2dd\"},\"description\":\"Emmanuel Marie, 30 ans, est apprenti en reconversion \\u00e0 la MFR S\\u00e8vreurope en classe de 1\\u00e8re bac pro MMA (maintenance des mat\\u00e9riels agricoles) : portrait.\",\"breadcrumb\":{\"@id\":\"https:\/\/mvt.mfr.fr\/index.php\/2022\/04\/12\/emmanuel-en-reconversion-en-mecanique-agricole\/#breadcrumb\"},\"inLanguage\":\"fr-FR\",\"potentialAction\":[{\"@type\":\"ReadAction\",\"target\":[\"https:\/\/mvt.mfr.fr\/index.php\/2022\/04\/12\/emmanuel-en-reconversion-en-mecanique-agricole\/\"]}]},{\"@type\":\"BreadcrumbList\",\"@id\":\"https:\/\/mvt.mfr.fr\/index.php\/2022\/04\/12\/emmanuel-en-reconversion-en-mecanique-agricole\/#breadcrumb\",\"itemListElement\":[{\"@type\":\"ListItem\",\"position\":1,\"name\":\"Accueil\",\"item\":\"https:\/\/mvt.mfr.fr\/\"},{\"@type\":\"ListItem\",\"position\":2,\"name\":\"Emmanuel, en reconversion en m\\u00e9canique agricole\"}]},{\"@type\":\"Person\",\"@id\":\"https:\/\/mvt.mfr.fr\/#\/schema\/person\/2d8ab4af2cc4e77bd470513f3fefc2dd\",\"name\":\"Christophe\",\"description\":\"Responsable communication de l\\u2019Union Nationale des MFR, Christophe a d\\u2019abord \\u00e9t\\u00e9 moniteur au sein de plusieurs Maisons. De cette \\u00e9poque, il garde l\\u2019envie de se d\\u00e9passer, de progresser et d\\u2019avancer pour offrir aux jeunes un avenir radieux.\",\"url\":\"https:\/\/mvt.mfr.fr\/index.php\/author\/christophe\/\"}]}<\/script>\n<!-- \/ Yoast SEO plugin. -->","yoast_head_json":{"description":"Emmanuel Marie, 30 ans, est apprenti en reconversion \u00e0 la MFR S\u00e8vreurope en classe de 1\u00e8re bac pro MMA (maintenance des mat\u00e9riels agricoles) : portrait.","robots":{"index":"index","follow":"follow","max-snippet":"max-snippet:-1","max-image-preview":"max-image-preview:large","max-video-preview":"max-video-preview:-1"},"canonical":"https:\/\/mvt.mfr.fr\/index.php\/2022\/04\/12\/emmanuel-en-reconversion-en-mecanique-agricole\/","og_locale":"fr_FR","og_type":"article","og_title":"Emmanuel, en reconversion en m\u00e9canique agricole","og_description":"Emmanuel Marie, 30 ans, est apprenti en reconversion \u00e0 la MFR S\u00e8vreurope en classe de 1\u00e8re bac pro MMA (maintenance des mat\u00e9riels agricoles) : portrait.","og_url":"https:\/\/mvt.mfr.fr\/index.php\/2022\/04\/12\/emmanuel-en-reconversion-en-mecanique-agricole\/","og_site_name":"MVT","article_published_time":"2022-04-12T11:34:27+00:00","article_modified_time":"2022-04-12T11:34:28+00:00","og_image":[{"width":1920,"height":1536,"url":"https:\/\/mvt.mfr.fr\/wp-content\/uploads\/2022\/03\/Comment-vont-les-metiers-de-la-restauration-1.png","path":"\/var\/www\/clients\/client3\/web3\/web\/wp-content\/uploads\/2022\/03\/Comment-vont-les-metiers-de-la-restauration-1.png","size":"full","id":"2119","alt":"","pixels":2949120,"type":"image\/png"}],"twitter_card":"summary_large_image","twitter_title":"Emmanuel, en reconversion en m\u00e9canique agricole","twitter_description":"Emmanuel Marie, 30 ans, est apprenti en reconversion \u00e0 la MFR S\u00e8vreurope en classe de 1\u00e8re bac pro MMA (maintenance des mat\u00e9riels agricoles) : portrait.","twitter_image":"https:\/\/mvt.mfr.fr\/wp-content\/uploads\/2022\/03\/Comment-vont-les-metiers-de-la-restauration-1.png","twitter_misc":{"\u00c9crit par":"Christophe","Dur\u00e9e de lecture est.":"4 minutes"},"schema":{"@context":"https:\/\/schema.org","@graph":[{"@type":"WebSite","@id":"https:\/\/mvt.mfr.fr\/#website","url":"https:\/\/mvt.mfr.fr\/","name":"MVT","description":"Le M\u00e9dia Vraiment Tout terrain","potentialAction":[{"@type":"SearchAction","target":{"@type":"EntryPoint","urlTemplate":"https:\/\/mvt.mfr.fr\/?s={search_term_string}"},"query-input":"required name=search_term_string"}],"inLanguage":"fr-FR"},{"@type":"ImageObject","@id":"https:\/\/mvt.mfr.fr\/index.php\/2022\/04\/12\/emmanuel-en-reconversion-en-mecanique-agricole\/#primaryimage","inLanguage":"fr-FR","url":"https:\/\/mvt.mfr.fr\/wp-content\/uploads\/2022\/03\/Comment-vont-les-metiers-de-la-restauration-1.png","contentUrl":"https:\/\/mvt.mfr.fr\/wp-content\/uploads\/2022\/03\/Comment-vont-les-metiers-de-la-restauration-1.png","width":1920,"height":1536},{"@type":"WebPage","@id":"https:\/\/mvt.mfr.fr\/index.php\/2022\/04\/12\/emmanuel-en-reconversion-en-mecanique-agricole\/#webpage","url":"https:\/\/mvt.mfr.fr\/index.php\/2022\/04\/12\/emmanuel-en-reconversion-en-mecanique-agricole\/","name":"Emmanuel, en reconversion en m\u00e9canique agricole - MVT","isPartOf":{"@id":"https:\/\/mvt.mfr.fr\/#website"},"primaryImageOfPage":{"@id":"https:\/\/mvt.mfr.fr\/index.php\/2022\/04\/12\/emmanuel-en-reconversion-en-mecanique-agricole\/#primaryimage"},"datePublished":"2022-04-12T11:34:27+00:00","dateModified":"2022-04-12T11:34:28+00:00","author":{"@id":"https:\/\/mvt.mfr.fr\/#\/schema\/person\/2d8ab4af2cc4e77bd470513f3fefc2dd"},"description":"Emmanuel Marie, 30 ans, est apprenti en reconversion \u00e0 la MFR S\u00e8vreurope en classe de 1\u00e8re bac pro MMA (maintenance des mat\u00e9riels agricoles) : portrait.","breadcrumb":{"@id":"https:\/\/mvt.mfr.fr\/index.php\/2022\/04\/12\/emmanuel-en-reconversion-en-mecanique-agricole\/#breadcrumb"},"inLanguage":"fr-FR","potentialAction":[{"@type":"ReadAction","target":["https:\/\/mvt.mfr.fr\/index.php\/2022\/04\/12\/emmanuel-en-reconversion-en-mecanique-agricole\/"]}]},{"@type":"BreadcrumbList","@id":"https:\/\/mvt.mfr.fr\/index.php\/2022\/04\/12\/emmanuel-en-reconversion-en-mecanique-agricole\/#breadcrumb","itemListElement":[{"@type":"ListItem","position":1,"name":"Accueil","item":"https:\/\/mvt.mfr.fr\/"},{"@type":"ListItem","position":2,"name":"Emmanuel, en reconversion en m\u00e9canique agricole"}]},{"@type":"Person","@id":"https:\/\/mvt.mfr.fr\/#\/schema\/person\/2d8ab4af2cc4e77bd470513f3fefc2dd","name":"Christophe","description":"Responsable communication de l\u2019Union Nationale des MFR, Christophe a d\u2019abord \u00e9t\u00e9 moniteur au sein de plusieurs Maisons. De cette \u00e9poque, il garde l\u2019envie de se d\u00e9passer, de progresser et d\u2019avancer pour offrir aux jeunes un avenir radieux.","url":"https:\/\/mvt.mfr.fr\/index.php\/author\/christophe\/"}]}},"jetpack_featured_media_url":"https:\/\/mvt.mfr.fr\/wp-content\/uploads\/2022\/03\/Comment-vont-les-metiers-de-la-restauration-1.png","_links":{"self":[{"href":"https:\/\/mvt.mfr.fr\/index.php\/wp-json\/wp\/v2\/posts\/2117"}],"collection":[{"href":"https:\/\/mvt.mfr.fr\/index.php\/wp-json\/wp\/v2\/posts"}],"about":[{"href":"https:\/\/mvt.mfr.fr\/index.php\/wp-json\/wp\/v2\/types\/post"}],"author":[{"embeddable":true,"href":"https:\/\/mvt.mfr.fr\/index.php\/wp-json\/wp\/v2\/users\/6"}],"replies":[{"embeddable":true,"href":"https:\/\/mvt.mfr.fr\/index.php\/wp-json\/wp\/v2\/comments?post=2117"}],"version-history":[{"count":3,"href":"https:\/\/mvt.mfr.fr\/index.php\/wp-json\/wp\/v2\/posts\/2117\/revisions"}],"predecessor-version":[{"id":2131,"href":"https:\/\/mvt.mfr.fr\/index.php\/wp-json\/wp\/v2\/posts\/2117\/revisions\/2131"}],"wp:featuredmedia":[{"embeddable":true,"href":"https:\/\/mvt.mfr.fr\/index.php\/wp-json\/wp\/v2\/media\/2119"}],"wp:attachment":[{"href":"https:\/\/mvt.mfr.fr\/index.php\/wp-json\/wp\/v2\/media?parent=2117"}],"wp:term":[{"taxonomy":"category","embeddable":true,"href":"https:\/\/mvt.mfr.fr\/index.php\/wp-json\/wp\/v2\/categories?post=2117"},{"taxonomy":"post_tag","embeddable":true,"href":"https:\/\/mvt.mfr.fr\/index.php\/wp-json\/wp\/v2\/tags?post=2117"}],"curies":[{"name":"wp","href":"https:\/\/api.w.org\/{rel}","templated":true}]}}