{"id":2011,"date":"2022-02-18T12:11:01","date_gmt":"2022-02-18T11:11:01","guid":{"rendered":"https:\/\/mvt.mfr.fr\/?p=2011"},"modified":"2022-02-21T18:59:46","modified_gmt":"2022-02-21T17:59:46","slug":"guide-accompagnateur-touristique-decouvrez-la-formation-avec-yannick","status":"publish","type":"post","link":"https:\/\/mvt.mfr.fr\/index.php\/2022\/02\/18\/guide-accompagnateur-touristique-decouvrez-la-formation-avec-yannick\/","title":{"rendered":"Guide accompagnateur touristique : d\u00e9couvrez la formation avec Yannick"},"content":{"rendered":"\n<p><\/p>\n\n\n\n<p><strong>Nous avons trop peu l&rsquo;occasion de mettre \u00e0 l&rsquo;honneur ces personnes qui donnent du sens aux voyages, \u00e0 la culture, \u00e0 la d\u00e9couverte. Ces personnes qui nous font d\u00e9couvrir des lieux riches, des endroits magnifiques, tout en nous contant leur histoire. Nous avons donc rencontr\u00e9 Yannick, moniteur et responsable de la formation \u00ab\u00a0Guide accompagnateur touristique\u00a0\u00bb \u00e0 la <a href=\"https:\/\/www.valdesevreformation.fr\/\" target=\"_blank\" rel=\"noreferrer noopener\">MFR de Saint Laurent sur S\u00e8vre<\/a>, pour d\u00e9couvrir ces m\u00e9tiers.<\/strong><\/p>\n\n\n\n<p><\/p>\n\n\n\n<p><strong>C\u2019est quoi un \u201cguide accompagnateur touristique\u201d ?<\/strong><\/p>\n\n\n\n<p>Le guide accompagnateur touristique est une personne qui va accueillir des visiteurs et leur faire des commentaires sur un lieu de visite en ext\u00e9rieur ou en int\u00e9rieur.<\/p>\n\n\n\n<p>Ils peuvent \u00eatre autocaristes, c\u2019est \u00e0 dire qu&rsquo;ils accompagnent des groupes en autocar, ils peuvent travailler pour un village de vacances ou un h\u00f4tel et guider un groupe lors d&rsquo;un circuit, ou encore faire les guides pour des territoires autour du d\u00e9veloppement local. Certains s\u2019installent m\u00eame \u00e0 leur compte comme \u00ab\u00a0guide accompagnateur touristique\u00a0\u00bb et proposent leurs programmes de visite.<\/p>\n\n\n\n<p>Pour r\u00e9sumer, \u00ab\u00a0accompagnateur\u00a0\u00bb c\u2019est la personne qui va veiller sur le groupe, sur son confort, sa s\u00e9curit\u00e9, des parties administratives, des d\u00e9placements, et qui va assurer quelques commentaires en cours d\u2019itin\u00e9raire.<\/p>\n\n\n\n<p>Le \u00ab\u00a0guide\u00a0\u00bb c\u2019est plut\u00f4t la personne qui va faire des commentaires beaucoup plus construits, fouill\u00e9s, document\u00e9s.&nbsp;<\/p>\n\n\n\n<p><\/p>\n\n\n\n<p><strong>Pouvez-vous pr\u00e9senter votre parcours professionnel ?&nbsp;<\/strong><\/p>\n\n\n\n<p><meta charset=\"utf-8\"><meta charset=\"utf-8\"><meta charset=\"utf-8\">Apr\u00e8s une formation de commercial et des d\u00e9buts dans l\u2019univers de la grande distribution, je me suis vite rendu compte que ce n&rsquo;\u00e9tait pas pour moi. J\u2019ai donc fait une courte formation de guide accompagnateur, et tr\u00e8s vite je suis rentr\u00e9 dans l\u2019activit\u00e9 professionnelle gr\u00e2ce \u00e0 une opportunit\u00e9.<\/p>\n\n\n\n<p>J\u2019ai ensuite longtemps <meta charset=\"utf-8\">travaill\u00e9 dans le domaine du tourisme. Principalement comme guide accompagnateur sur des voyages de type randonn\u00e9es, en France comme \u00e0 l\u2019\u00e9tranger, et parfois lors d&rsquo;accompagnement de cars.\u00a0J\u2019ai \u00e9galement \u00e9t\u00e9 responsable d\u2019animation dans une r\u00e9sidence h\u00f4teli\u00e8re, puis <meta charset=\"utf-8\">responsable du d\u00e9veloppement touristique pour un territoire rural, ce qui m\u2019a donn\u00e9 une exp\u00e9rience diversifi\u00e9e aussi bien dans le domaine de l\u2019agence de voyage, de guide accompagnateur, des m\u00e9tiers de l\u2019h\u00e9bergement, et des m\u00e9tiers du d\u00e9veloppement touristique local. <\/p>\n\n\n\n<p>Puis, j\u2019ai saisi l\u2019opportunit\u00e9 de travailler dans la formation professionnelle, ce que je fais depuis bient\u00f4t 19 ans.&nbsp;J\u2019interviens dans les maisons familiales rurales sur un BTS tourisme aux Sables d\u2019Olonne pour la formation de \u00ab\u00a0charg\u00e9 d\u2019accueil touristique\u00a0\u00bb. \u00c9galement \u00e0 St Laurent Sur S\u00e8vre sur la formation de \u00ab\u00a0guide accompagnateur touristique\u00a0\u00bb. <\/p>\n\n\n\n<p><\/p>\n\n\n\n<p><strong>Le secteur du tourisme vous passionne-t-il&nbsp; ?&nbsp;<\/strong><\/p>\n\n\n\n<p>Le voyage, le tourisme, oui bien s\u00fbr !&nbsp;<\/p>\n\n\n\n<p>Tout ce qui est en lien avec le rapport<strong> <\/strong>humain. Comme l\u2019histoire et la g\u00e9ographie, ce sont des choses qui m\u2019int\u00e9ressent beaucoup. Et je trouve que mon m\u00e9tier actuel de formateur n\u2019est pas si \u00e9loign\u00e9 que \u00e7a du m\u00e9tier de guide accompagnateur touristique, car ce sont des ficelles similaires qu\u2019il faut activer pour int\u00e9resser le public.<\/p>\n\n\n\n<p><\/p>\n\n\n\n<p><strong>Quelles sont les qualit\u00e9s recommand\u00e9es pour ce m\u00e9tier ?<\/strong><\/p>\n\n\n\n<p>D&rsquo;abord, \u00eatre curieux. Toujours vouloir en savoir plus. Avec ces m\u00e9tiers on apprend des choses tous les jours donc la curiosit\u00e9 culturelle est tr\u00e8s importante, il faut donc bien se documenter. \u00c0 chaque d\u00e9placement sur un nouveau lieu il faut pr\u00e9parer ce que nous allons raconter.<\/p>\n\n\n\n<p>C&rsquo;est aussi une certaine facilit\u00e9 d&rsquo;adaptation face au public re\u00e7u (passionn\u00e9s, scolaire, curieux&#8230;) \u00c0 cela s&rsquo;ajoutent des capacit\u00e9s relationnelles, un peu d\u2019humour (\u00e7a ne nuit jamais) et puis id\u00e9alement parler des langues \u00e9trang\u00e8res. <br><\/p>\n\n\n\n<blockquote class=\"wp-block-quote\"><p>Enfin, la principale qualit\u00e9 d\u2019un guide accompagnateur, qui est d\u2019ailleurs valable pour tous les m\u00e9tiers, c\u2019est l&rsquo;enthousiasme !<\/p><\/blockquote>\n\n\n\n<p><strong>Faut-il n\u00e9cessairement avoir une bonne condition physique ?<\/strong><\/p>\n\n\n\n<p><meta charset=\"utf-8\">Une bonne condition physique reste tout de m\u00eame non n\u00e9gligeable, car accompagner un groupe signifie \u00eatre souvent debout toute la journ\u00e9e, et le soir un travail de pr\u00e9paration si nous sommes en d\u00e9placement.<\/p>\n\n\n\n<p>D\u2019un point de vue familial il faut aussi \u00eatre pr\u00eat \u00e0 s\u2019\u00e9loigner de sa famille pour ceux qui veulent entrer dans l\u2019univers du voyage. Autrement, les lieux de visite s\u2019y pr\u00eatent bien.<\/p>\n\n\n\n<p><\/p>\n\n\n\n<p><strong><meta charset=\"utf-8\"><strong>Quels types de formations existent pour faire ce m\u00e9tier ?\u00a0<\/strong><\/strong><\/p>\n\n\n\n<p>Il existe le BTS tourisme en apprentissage. Pour les m\u00e9tiers li\u00e9s au guide accompagnateur nous proposons une formation \u00e0 la MFR de Saint Laurent sur S\u00e8vre. <meta charset=\"utf-8\"><meta charset=\"utf-8\">Cette formation a \u00e9t\u00e9 mis en place par les structures touristiques et par des guides accompagnateurs eux-m\u00eames. Ensemble ils ont d\u00e9termin\u00e9 le r\u00e9f\u00e9rentiel de cette formation.<\/p>\n\n\n\n<p>D&rsquo;ailleurs, \u00e0 p<meta charset=\"utf-8\">artir de la rentr\u00e9e prochaine nous allons proposer une double certification sur cette formation pour obtenir le titre \u00ab\u00a0animateur local de tourisme\u00a0\u00bb. Cette demande a \u00e9t\u00e9 faite par nos partenaires car il y a une forte demande dans le secteur. Cela cr\u00e9era ainsi une vraie ouverture compl\u00e9mentaire vers les villages de vacances, les campings&#8230; On pourra pr\u00e9parer soit un titre, soit l\u2019autre, soit les deux. <\/p>\n\n\n\n<p>En parall\u00e8le, ils peuvent se sp\u00e9cialiser dans une discipline qui n\u00e9cessite des brevets d\u2019Etat dans le domaine souhait\u00e9 (escalade, plong\u00e9e&#8230;)<\/p>\n\n\n\n<p>Il faut rappeler que nous sommes sur une formation modulable. C\u2019est-\u00e0-dire que si quelqu\u2019un est int\u00e9ress\u00e9 par la formation et en ma\u00eetrise d\u00e9j\u00e0 certains domaines, on lui cr\u00e9e un plan de formation sur mesure.<\/p>\n\n\n\n<p>\u00c0 cela, la formation peut-\u00eatre prise en charge par les organismes de formation (OPCO) dans le cas des personnes en reconversion professionnelle. Pour les demandeurs d\u2019emploi, elle est enti\u00e8rement prise en charge par la r\u00e9gion des Pays de la Loire.<\/p>\n\n\n\n<p><strong>Comment se compose la formation de \u00ab\u00a0guide accompagnateur touristique\u00a0\u00bb <meta charset=\"utf-8\"><strong>\u00e0 St Laurent Sur S\u00e8vre <\/strong>?<\/strong><\/p>\n\n\n\n<p>On y retrouve des cours g\u00e9n\u00e9raux : b\u00e2tir un commentaire, chercher ses sources de documentation, penser un s\u00e9jour pour qu\u2019il soit int\u00e9ressant, calculer son prix, bien doser la charge d\u2019activit\u00e9s et le temps de repos <meta charset=\"utf-8\">pour contenter tous les participants&#8230; On travaille aussi le discours \u00e0 travers des cours de th\u00e9\u00e2tre, et on fait intervenir des professionnels comme les guides accompagnateurs, des structures territoriales, offices de tourisme\u2026 <\/p>\n\n\n\n<p>Concernant les exercices pratiques, nous faisons beaucoup de mises en situation. Par exemple : reproduire une visite fictive dans une salle en recr\u00e9ant les d\u00e9cors, r\u00e9aliser une visite d\u2019environ une heure organis\u00e9e sur un site de leur choix, organiser une visite en car avec de vrais visiteurs, pr\u00e9senter une visite guid\u00e9e en anglais aupr\u00e8s d\u2019un vrai public anglophone, et animer une visite par petits groupes sur plusieurs journ\u00e9es. <\/p>\n\n\n\n<p>Enfin, les \u00e9l\u00e8ves ont des stages de deux semaines. Pour la recherche, nous avons un grand r\u00e9seau de partenaires que nous leur partageons. <meta charset=\"utf-8\">On les oriente, on leur donne des adresses vers des structures qu\u2019ils ne connaissent pas forc\u00e9ment, ou dont ils n\u2019ont pas les contacts. Autrement c&rsquo;est \u00e0 eux de choisir selon leurs aspirations.<\/p>\n\n\n\n<p><\/p>\n\n\n\n<p><strong>Quel est le profil des personnes qui suivent la formation ?<\/strong><\/p>\n\n\n\n<p>Dans notre formation \u00e0 Val de S\u00e8vre, il y a chaque ann\u00e9e un groupe d&rsquo;environ 10 \u00e0 15 personnes. On peut ainsi \u00e9voluer \u00e0 dimension humaine et les suivre individuellement dans leur projet.<\/p>\n\n\n\n<p>Ce sont principalement des adultes, dans la promotion actuelle ils sont par exemple \u00e2g\u00e9s de 20 ans \u00e0 58 ans. Les plus jeunes ont une premi\u00e8re exp\u00e9rience professionnelle et qui d\u00e9sirent la compl\u00e9ter. Pour les plus \u00e2g\u00e9s, il s&rsquo;agit de reconversion professionnelle.<\/p>\n\n\n\n<p>Majoritairement, les membres de la formation s&rsquo;int\u00e9ressent beaucoup \u00e0 l\u2019Histoire et aux relations humaines. Au d\u00e9but les personnes form\u00e9es \u00e9taient de la r\u00e9gion, et aujourd\u2019hui on commence \u00e0 attirer des personnes de plus loin. Poitiers, Blois, Calais\u2026<\/p>\n\n\n\n<p><\/p>\n\n\n\n<p><strong>Suite \u00e0 l&rsquo;obtention de leur titre, les dipl\u00f4m\u00e9s trouvent-ils facilement un poste ?<\/strong><\/p>\n\n\n\n<p><meta charset=\"utf-8\">On a r\u00e9guli\u00e8rement des stagiaires o\u00f9 il y a eu des besoins qui sont apparus dans leurs structures et ils y sont rest\u00e9s. Ou alors, les \u00e9l\u00e8ves y restent au moins pour une saison d\u2019\u00e9t\u00e9 puis \u00e7a se prolonge par un emploi d\u00e9finitif.<\/p>\n\n\n\n<p>M\u00eame s\u2019il peut y avoir une petite interruption pendant l\u2019hiver, au printemps voire au d\u00e9but de l\u2019ann\u00e9e suivante, ils trouvent du travail de mani\u00e8re saisonni\u00e8re ou d\u00e9finitive. <\/p>\n\n\n\n<p><\/p>\n\n\n\n<p><strong>La crise sanitaire a-t-elle eu un gros impact sur ces m\u00e9tiers ?<\/strong><\/p>\n\n\n\n<p>Il n\u2019y a aucun doute que le covid a eu un effet b\u00e9n\u00e9fique <meta charset=\"utf-8\">sur le tourisme local. Les structures touristiques, malgr\u00e9 ce que l\u2019on entend souvent, ne sont pas du tout \u00e0 la peine. Chez les touristes, des envies sont n\u00e9es de re-d\u00e9couvrir leur territoire plut\u00f4t que de partir plus loin. Ils y ont vu un r\u00e9el potentiel.<\/p>\n\n\n\n<p>L\u2019offre s\u2019est donc d\u00e9velopp\u00e9e dans ce domaine l\u00e0 et actuellement, sur notre d\u00e9partement par exemple, les structures recherchent du monde de mani\u00e8re intensive. Il y a des besoins de personnel un peu partout. <\/p>\n\n\n\n<p>\u00c0 l\u2019international il y a moins de demande car les agences de voyages vont plut\u00f4t faire appel \u00e0 des guides locaux. Ils sont originaires de la destination, ils parlent donc la langue locale et ont souvent l\u2019avantage de co\u00fbter moins cher (transports&#8230;).<\/p>\n\n\n\n<p><\/p>\n\n\n\n<p><strong>Que pensez-vous de l&rsquo;avenir de ces m\u00e9tiers ?<\/strong><\/p>\n\n\n\n<p>Pendant longtemps on a bas\u00e9 les visites sur des m\u00e9dias plut\u00f4t num\u00e9riques (visites sur t\u00e9l\u00e9phone, audioguides&#8230;) alors que le m\u00e9dia humain est en train de reprendre le dessus.<\/p>\n\n\n\n<p>C\u2019est beaucoup plus int\u00e9ressant de suivre une visite avec une vraie personne qu\u2019avec un audioguide qu\u2019on \u00e9coute pas forc\u00e9ment durant toute la visite. Le guide humain, lui, est passionn\u00e9, s\u2019adapte au groupe, r\u00e9pond aux questions et est capable de comprendre votre int\u00e9r\u00eat pour telle ou telle dimension du sujet.<\/p>\n\n\n\n<p>\u00c7a am\u00e8ne vraiment autre chose. Il y a de grandes perspectives de d\u00e9veloppement, les territoires sont d\u2019ailleurs tr\u00e8s \u00e0 l\u2019aff\u00fbt de cela. <\/p>\n\n\n\n<p><\/p>\n\n\n\n<figure class=\"wp-block-gallery columns-2 is-cropped\"><ul class=\"blocks-gallery-grid\"><li class=\"blocks-gallery-item\"><figure><img loading=\"lazy\" width=\"1024\" height=\"683\" src=\"data:image\/gif;base64,R0lGODlhAQABAAAAACH5BAEKAAEALAAAAAABAAEAAAICTAEAOw==\" alt=\"\" data-id=\"2074\" data-full-url=\"https:\/\/mvt.mfr.fr\/wp-content\/uploads\/2022\/02\/image-1-scaled.jpg\" data-link=\"https:\/\/mvt.mfr.fr\/index.php\/2022\/02\/18\/guide-accompagnateur-touristique-decouvrez-la-formation-avec-yannick\/image-1\/\" class=\"wp-image-2074 lazyload\" sizes=\"(max-width: 1024px) 100vw, 1024px\" data-src=\"https:\/\/mvt.mfr.fr\/wp-content\/uploads\/2022\/02\/image-1-1024x683.jpg\" data-srcset=\"https:\/\/mvt.mfr.fr\/wp-content\/uploads\/2022\/02\/image-1-1024x683.jpg 1024w, https:\/\/mvt.mfr.fr\/wp-content\/uploads\/2022\/02\/image-1-300x200.jpg 300w, https:\/\/mvt.mfr.fr\/wp-content\/uploads\/2022\/02\/image-1-768x512.jpg 768w, https:\/\/mvt.mfr.fr\/wp-content\/uploads\/2022\/02\/image-1-1536x1024.jpg 1536w, https:\/\/mvt.mfr.fr\/wp-content\/uploads\/2022\/02\/image-1-2048x1365.jpg 2048w, https:\/\/mvt.mfr.fr\/wp-content\/uploads\/2022\/02\/image-1-150x100.jpg 150w, https:\/\/mvt.mfr.fr\/wp-content\/uploads\/2022\/02\/image-1-696x464.jpg 696w, https:\/\/mvt.mfr.fr\/wp-content\/uploads\/2022\/02\/image-1-1068x712.jpg 1068w, https:\/\/mvt.mfr.fr\/wp-content\/uploads\/2022\/02\/image-1-1920x1280.jpg 1920w\"><\/figure><\/li><li class=\"blocks-gallery-item\"><figure><img loading=\"lazy\" width=\"744\" height=\"992\" src=\"data:image\/gif;base64,R0lGODlhAQABAAAAACH5BAEKAAEALAAAAAABAAEAAAICTAEAOw==\" alt=\"\" data-id=\"2075\" data-full-url=\"https:\/\/mvt.mfr.fr\/wp-content\/uploads\/2022\/02\/3car-GAT2-062020.jpg\" data-link=\"https:\/\/mvt.mfr.fr\/index.php\/2022\/02\/18\/guide-accompagnateur-touristique-decouvrez-la-formation-avec-yannick\/3car-gat2-062020\/\" class=\"wp-image-2075 lazyload\" sizes=\"(max-width: 744px) 100vw, 744px\" data-src=\"https:\/\/mvt.mfr.fr\/wp-content\/uploads\/2022\/02\/3car-GAT2-062020.jpg\" data-srcset=\"https:\/\/mvt.mfr.fr\/wp-content\/uploads\/2022\/02\/3car-GAT2-062020.jpg 744w, https:\/\/mvt.mfr.fr\/wp-content\/uploads\/2022\/02\/3car-GAT2-062020-225x300.jpg 225w, https:\/\/mvt.mfr.fr\/wp-content\/uploads\/2022\/02\/3car-GAT2-062020-150x200.jpg 150w, https:\/\/mvt.mfr.fr\/wp-content\/uploads\/2022\/02\/3car-GAT2-062020-300x400.jpg 300w, https:\/\/mvt.mfr.fr\/wp-content\/uploads\/2022\/02\/3car-GAT2-062020-696x928.jpg 696w\"><\/figure><\/li><\/ul><\/figure>\n","protected":false},"excerpt":{"rendered":"<p>Nous avons trop peu l&rsquo;occasion de mettre \u00e0 l&rsquo;honneur ces personnes qui donnent du sens aux voyages, \u00e0 la culture, \u00e0 la d\u00e9couverte. Ces personnes qui nous font d\u00e9couvrir des lieux riches, des endroits magnifiques, tout en nous contant leur histoire. Pour y rem\u00e9dier, nous avons rencontr\u00e9 Yannick, moniteur et responsable de la formation \u00ab\u00a0Guide accompagnateur touristique\u00a0\u00bb dans la MFR de Saint Laurent sur S\u00e8vre.<\/p>\n","protected":false},"author":6,"featured_media":2038,"comment_status":"closed","ping_status":"open","sticky":true,"template":"","format":"standard","meta":{"inline_featured_image":false,"spay_email":""},"categories":[951,10],"tags":[1075,955,1020,1191,1045,1093,1193,1192,1074,1196,1194,1195,974],"yoast_head":"<!-- This site is optimized with the Yoast SEO plugin v17.1 - https:\/\/yoast.com\/wordpress\/plugins\/seo\/ -->\n<meta name=\"description\" content=\"Nous avons trop peu l&#039;occasion de mettre \u00e0 l&#039;honneur ces personnes qui donnent du sens aux voyages, \u00e0 la culture, \u00e0 la d\u00e9couverte. Ces personnes qui nous font d\u00e9couvrir des lieux riches, des endroits magnifiques, tout en nous contant leur histoire. Pour y rem\u00e9dier, nous avons rencontr\u00e9 Yannick, moniteur et responsable de la formation &quot;Guide accompagnateur touristique&quot; dans la MFR de Saint Laurent sur S\u00e8vre.\" \/>\n<meta name=\"robots\" content=\"index, follow, max-snippet:-1, max-image-preview:large, max-video-preview:-1\" \/>\n<link rel=\"canonical\" href=\"https:\/\/mvt.mfr.fr\/index.php\/2022\/02\/18\/guide-accompagnateur-touristique-decouvrez-la-formation-avec-yannick\/\" \/>\n<meta property=\"og:locale\" content=\"fr_FR\" \/>\n<meta property=\"og:type\" content=\"article\" \/>\n<meta property=\"og:title\" content=\"Guide accompagnateur touristique : d\u00e9couvrez la formation avec Yannick - MVT\" \/>\n<meta property=\"og:description\" content=\"Nous avons trop peu l&#039;occasion de mettre \u00e0 l&#039;honneur ces personnes qui donnent du sens aux voyages, \u00e0 la culture, \u00e0 la d\u00e9couverte. Ces personnes qui nous font d\u00e9couvrir des lieux riches, des endroits magnifiques, tout en nous contant leur histoire. Pour y rem\u00e9dier, nous avons rencontr\u00e9 Yannick, moniteur et responsable de la formation &quot;Guide accompagnateur touristique&quot; dans la MFR de Saint Laurent sur S\u00e8vre.\" \/>\n<meta property=\"og:url\" content=\"https:\/\/mvt.mfr.fr\/index.php\/2022\/02\/18\/guide-accompagnateur-touristique-decouvrez-la-formation-avec-yannick\/\" \/>\n<meta property=\"og:site_name\" content=\"MVT\" \/>\n<meta property=\"article:published_time\" content=\"2022-02-18T11:11:01+00:00\" \/>\n<meta property=\"article:modified_time\" content=\"2022-02-21T17:59:46+00:00\" \/>\n<meta property=\"og:image\" content=\"https:\/\/mvt.mfr.fr\/wp-content\/uploads\/2022\/02\/Yannick-Chabot-guide-accompagnateur-touristique.png\" \/>\n\t<meta property=\"og:image:width\" content=\"1920\" \/>\n\t<meta property=\"og:image:height\" content=\"1280\" \/>\n<meta name=\"twitter:card\" content=\"summary_large_image\" \/>\n<meta name=\"twitter:label1\" content=\"\u00c9crit par\" \/>\n\t<meta name=\"twitter:data1\" content=\"Christophe\" \/>\n\t<meta name=\"twitter:label2\" content=\"Dur\u00e9e de lecture est.\" \/>\n\t<meta name=\"twitter:data2\" content=\"8 minutes\" \/>\n<script type=\"application\/ld+json\" class=\"yoast-schema-graph\">{\"@context\":\"https:\/\/schema.org\",\"@graph\":[{\"@type\":\"WebSite\",\"@id\":\"https:\/\/mvt.mfr.fr\/#website\",\"url\":\"https:\/\/mvt.mfr.fr\/\",\"name\":\"MVT\",\"description\":\"Le M\\u00e9dia Vraiment Tout terrain\",\"potentialAction\":[{\"@type\":\"SearchAction\",\"target\":{\"@type\":\"EntryPoint\",\"urlTemplate\":\"https:\/\/mvt.mfr.fr\/?s={search_term_string}\"},\"query-input\":\"required name=search_term_string\"}],\"inLanguage\":\"fr-FR\"},{\"@type\":\"ImageObject\",\"@id\":\"https:\/\/mvt.mfr.fr\/index.php\/2022\/02\/18\/guide-accompagnateur-touristique-decouvrez-la-formation-avec-yannick\/#primaryimage\",\"inLanguage\":\"fr-FR\",\"url\":\"https:\/\/mvt.mfr.fr\/wp-content\/uploads\/2022\/02\/Yannick-Chabot-guide-accompagnateur-touristique.png\",\"contentUrl\":\"https:\/\/mvt.mfr.fr\/wp-content\/uploads\/2022\/02\/Yannick-Chabot-guide-accompagnateur-touristique.png\",\"width\":1920,\"height\":1280},{\"@type\":\"WebPage\",\"@id\":\"https:\/\/mvt.mfr.fr\/index.php\/2022\/02\/18\/guide-accompagnateur-touristique-decouvrez-la-formation-avec-yannick\/#webpage\",\"url\":\"https:\/\/mvt.mfr.fr\/index.php\/2022\/02\/18\/guide-accompagnateur-touristique-decouvrez-la-formation-avec-yannick\/\",\"name\":\"Guide accompagnateur touristique : d\\u00e9couvrez la formation avec Yannick - MVT\",\"isPartOf\":{\"@id\":\"https:\/\/mvt.mfr.fr\/#website\"},\"primaryImageOfPage\":{\"@id\":\"https:\/\/mvt.mfr.fr\/index.php\/2022\/02\/18\/guide-accompagnateur-touristique-decouvrez-la-formation-avec-yannick\/#primaryimage\"},\"datePublished\":\"2022-02-18T11:11:01+00:00\",\"dateModified\":\"2022-02-21T17:59:46+00:00\",\"author\":{\"@id\":\"https:\/\/mvt.mfr.fr\/#\/schema\/person\/2d8ab4af2cc4e77bd470513f3fefc2dd\"},\"description\":\"Nous avons trop peu l'occasion de mettre \\u00e0 l'honneur ces personnes qui donnent du sens aux voyages, \\u00e0 la culture, \\u00e0 la d\\u00e9couverte. Ces personnes qui nous font d\\u00e9couvrir des lieux riches, des endroits magnifiques, tout en nous contant leur histoire. Pour y rem\\u00e9dier, nous avons rencontr\\u00e9 Yannick, moniteur et responsable de la formation \\\"Guide accompagnateur touristique\\\" dans la MFR de Saint Laurent sur S\\u00e8vre.\",\"breadcrumb\":{\"@id\":\"https:\/\/mvt.mfr.fr\/index.php\/2022\/02\/18\/guide-accompagnateur-touristique-decouvrez-la-formation-avec-yannick\/#breadcrumb\"},\"inLanguage\":\"fr-FR\",\"potentialAction\":[{\"@type\":\"ReadAction\",\"target\":[\"https:\/\/mvt.mfr.fr\/index.php\/2022\/02\/18\/guide-accompagnateur-touristique-decouvrez-la-formation-avec-yannick\/\"]}]},{\"@type\":\"BreadcrumbList\",\"@id\":\"https:\/\/mvt.mfr.fr\/index.php\/2022\/02\/18\/guide-accompagnateur-touristique-decouvrez-la-formation-avec-yannick\/#breadcrumb\",\"itemListElement\":[{\"@type\":\"ListItem\",\"position\":1,\"name\":\"Accueil\",\"item\":\"https:\/\/mvt.mfr.fr\/\"},{\"@type\":\"ListItem\",\"position\":2,\"name\":\"Guide accompagnateur touristique : d\\u00e9couvrez la formation avec Yannick\"}]},{\"@type\":\"Person\",\"@id\":\"https:\/\/mvt.mfr.fr\/#\/schema\/person\/2d8ab4af2cc4e77bd470513f3fefc2dd\",\"name\":\"Christophe\",\"description\":\"Responsable communication de l\\u2019Union Nationale des MFR, Christophe a d\\u2019abord \\u00e9t\\u00e9 moniteur au sein de plusieurs Maisons. De cette \\u00e9poque, il garde l\\u2019envie de se d\\u00e9passer, de progresser et d\\u2019avancer pour offrir aux jeunes un avenir radieux.\",\"url\":\"https:\/\/mvt.mfr.fr\/index.php\/author\/christophe\/\"}]}<\/script>\n<!-- \/ Yoast SEO plugin. -->","yoast_head_json":{"description":"Nous avons trop peu l'occasion de mettre \u00e0 l'honneur ces personnes qui donnent du sens aux voyages, \u00e0 la culture, \u00e0 la d\u00e9couverte. Ces personnes qui nous font d\u00e9couvrir des lieux riches, des endroits magnifiques, tout en nous contant leur histoire. Pour y rem\u00e9dier, nous avons rencontr\u00e9 Yannick, moniteur et responsable de la formation \"Guide accompagnateur touristique\" dans la MFR de Saint Laurent sur S\u00e8vre.","robots":{"index":"index","follow":"follow","max-snippet":"max-snippet:-1","max-image-preview":"max-image-preview:large","max-video-preview":"max-video-preview:-1"},"canonical":"https:\/\/mvt.mfr.fr\/index.php\/2022\/02\/18\/guide-accompagnateur-touristique-decouvrez-la-formation-avec-yannick\/","og_locale":"fr_FR","og_type":"article","og_title":"Guide accompagnateur touristique : d\u00e9couvrez la formation avec Yannick - MVT","og_description":"Nous avons trop peu l'occasion de mettre \u00e0 l'honneur ces personnes qui donnent du sens aux voyages, \u00e0 la culture, \u00e0 la d\u00e9couverte. Ces personnes qui nous font d\u00e9couvrir des lieux riches, des endroits magnifiques, tout en nous contant leur histoire. Pour y rem\u00e9dier, nous avons rencontr\u00e9 Yannick, moniteur et responsable de la formation \"Guide accompagnateur touristique\" dans la MFR de Saint Laurent sur S\u00e8vre.","og_url":"https:\/\/mvt.mfr.fr\/index.php\/2022\/02\/18\/guide-accompagnateur-touristique-decouvrez-la-formation-avec-yannick\/","og_site_name":"MVT","article_published_time":"2022-02-18T11:11:01+00:00","article_modified_time":"2022-02-21T17:59:46+00:00","og_image":[{"width":1920,"height":1280,"url":"https:\/\/mvt.mfr.fr\/wp-content\/uploads\/2022\/02\/Yannick-Chabot-guide-accompagnateur-touristique.png","path":"\/var\/www\/clients\/client3\/web3\/web\/wp-content\/uploads\/2022\/02\/Yannick-Chabot-guide-accompagnateur-touristique.png","size":"full","id":2038,"alt":"","pixels":2457600,"type":"image\/png"}],"twitter_card":"summary_large_image","twitter_misc":{"\u00c9crit par":"Christophe","Dur\u00e9e de lecture est.":"8 minutes"},"schema":{"@context":"https:\/\/schema.org","@graph":[{"@type":"WebSite","@id":"https:\/\/mvt.mfr.fr\/#website","url":"https:\/\/mvt.mfr.fr\/","name":"MVT","description":"Le M\u00e9dia Vraiment Tout terrain","potentialAction":[{"@type":"SearchAction","target":{"@type":"EntryPoint","urlTemplate":"https:\/\/mvt.mfr.fr\/?s={search_term_string}"},"query-input":"required name=search_term_string"}],"inLanguage":"fr-FR"},{"@type":"ImageObject","@id":"https:\/\/mvt.mfr.fr\/index.php\/2022\/02\/18\/guide-accompagnateur-touristique-decouvrez-la-formation-avec-yannick\/#primaryimage","inLanguage":"fr-FR","url":"https:\/\/mvt.mfr.fr\/wp-content\/uploads\/2022\/02\/Yannick-Chabot-guide-accompagnateur-touristique.png","contentUrl":"https:\/\/mvt.mfr.fr\/wp-content\/uploads\/2022\/02\/Yannick-Chabot-guide-accompagnateur-touristique.png","width":1920,"height":1280},{"@type":"WebPage","@id":"https:\/\/mvt.mfr.fr\/index.php\/2022\/02\/18\/guide-accompagnateur-touristique-decouvrez-la-formation-avec-yannick\/#webpage","url":"https:\/\/mvt.mfr.fr\/index.php\/2022\/02\/18\/guide-accompagnateur-touristique-decouvrez-la-formation-avec-yannick\/","name":"Guide accompagnateur touristique : d\u00e9couvrez la formation avec Yannick - MVT","isPartOf":{"@id":"https:\/\/mvt.mfr.fr\/#website"},"primaryImageOfPage":{"@id":"https:\/\/mvt.mfr.fr\/index.php\/2022\/02\/18\/guide-accompagnateur-touristique-decouvrez-la-formation-avec-yannick\/#primaryimage"},"datePublished":"2022-02-18T11:11:01+00:00","dateModified":"2022-02-21T17:59:46+00:00","author":{"@id":"https:\/\/mvt.mfr.fr\/#\/schema\/person\/2d8ab4af2cc4e77bd470513f3fefc2dd"},"description":"Nous avons trop peu l'occasion de mettre \u00e0 l'honneur ces personnes qui donnent du sens aux voyages, \u00e0 la culture, \u00e0 la d\u00e9couverte. Ces personnes qui nous font d\u00e9couvrir des lieux riches, des endroits magnifiques, tout en nous contant leur histoire. Pour y rem\u00e9dier, nous avons rencontr\u00e9 Yannick, moniteur et responsable de la formation \"Guide accompagnateur touristique\" dans la MFR de Saint Laurent sur S\u00e8vre.","breadcrumb":{"@id":"https:\/\/mvt.mfr.fr\/index.php\/2022\/02\/18\/guide-accompagnateur-touristique-decouvrez-la-formation-avec-yannick\/#breadcrumb"},"inLanguage":"fr-FR","potentialAction":[{"@type":"ReadAction","target":["https:\/\/mvt.mfr.fr\/index.php\/2022\/02\/18\/guide-accompagnateur-touristique-decouvrez-la-formation-avec-yannick\/"]}]},{"@type":"BreadcrumbList","@id":"https:\/\/mvt.mfr.fr\/index.php\/2022\/02\/18\/guide-accompagnateur-touristique-decouvrez-la-formation-avec-yannick\/#breadcrumb","itemListElement":[{"@type":"ListItem","position":1,"name":"Accueil","item":"https:\/\/mvt.mfr.fr\/"},{"@type":"ListItem","position":2,"name":"Guide accompagnateur touristique : d\u00e9couvrez la formation avec Yannick"}]},{"@type":"Person","@id":"https:\/\/mvt.mfr.fr\/#\/schema\/person\/2d8ab4af2cc4e77bd470513f3fefc2dd","name":"Christophe","description":"Responsable communication de l\u2019Union Nationale des MFR, Christophe a d\u2019abord \u00e9t\u00e9 moniteur au sein de plusieurs Maisons. De cette \u00e9poque, il garde l\u2019envie de se d\u00e9passer, de progresser et d\u2019avancer pour offrir aux jeunes un avenir radieux.","url":"https:\/\/mvt.mfr.fr\/index.php\/author\/christophe\/"}]}},"jetpack_featured_media_url":"https:\/\/mvt.mfr.fr\/wp-content\/uploads\/2022\/02\/Yannick-Chabot-guide-accompagnateur-touristique.png","_links":{"self":[{"href":"https:\/\/mvt.mfr.fr\/index.php\/wp-json\/wp\/v2\/posts\/2011"}],"collection":[{"href":"https:\/\/mvt.mfr.fr\/index.php\/wp-json\/wp\/v2\/posts"}],"about":[{"href":"https:\/\/mvt.mfr.fr\/index.php\/wp-json\/wp\/v2\/types\/post"}],"author":[{"embeddable":true,"href":"https:\/\/mvt.mfr.fr\/index.php\/wp-json\/wp\/v2\/users\/6"}],"replies":[{"embeddable":true,"href":"https:\/\/mvt.mfr.fr\/index.php\/wp-json\/wp\/v2\/comments?post=2011"}],"version-history":[{"count":35,"href":"https:\/\/mvt.mfr.fr\/index.php\/wp-json\/wp\/v2\/posts\/2011\/revisions"}],"predecessor-version":[{"id":2081,"href":"https:\/\/mvt.mfr.fr\/index.php\/wp-json\/wp\/v2\/posts\/2011\/revisions\/2081"}],"wp:featuredmedia":[{"embeddable":true,"href":"https:\/\/mvt.mfr.fr\/index.php\/wp-json\/wp\/v2\/media\/2038"}],"wp:attachment":[{"href":"https:\/\/mvt.mfr.fr\/index.php\/wp-json\/wp\/v2\/media?parent=2011"}],"wp:term":[{"taxonomy":"category","embeddable":true,"href":"https:\/\/mvt.mfr.fr\/index.php\/wp-json\/wp\/v2\/categories?post=2011"},{"taxonomy":"post_tag","embeddable":true,"href":"https:\/\/mvt.mfr.fr\/index.php\/wp-json\/wp\/v2\/tags?post=2011"}],"curies":[{"name":"wp","href":"https:\/\/api.w.org\/{rel}","templated":true}]}}