{"id":1783,"date":"2021-10-06T16:05:18","date_gmt":"2021-10-06T14:05:18","guid":{"rendered":"https:\/\/mvt.mfr.fr\/?p=1783"},"modified":"2021-11-19T16:29:41","modified_gmt":"2021-11-19T15:29:41","slug":"une-mobilisation-des-jeunes-sur-un-projet-deducation-alimentaire","status":"publish","type":"post","link":"https:\/\/mvt.mfr.fr\/index.php\/2021\/10\/06\/une-mobilisation-des-jeunes-sur-un-projet-deducation-alimentaire\/","title":{"rendered":"Une mobilisation des jeunes sur  un projet d\u2019\u00e9ducation alimentaire"},"content":{"rendered":"\n<p>Sur quelles conditions peut-on se baser pour affirmer que nous mangeons \u00ab\u00a0bien\u00a0\u00bb ? \u00ab\u00a0Bien manger\u00a0\u00bb dispose de plusieurs significations, subjectives mais pas que ! Equilibr\u00e9, go\u00fbtu, \u00e9co responsable&#8230; La MFR de Ch\u00e2teauneuf-sur-Is\u00e8re a r\u00e9cemment men\u00e9 une s\u00e9rie d\u2019actions de sensibilisation autour de l\u2019alimentation aupr\u00e8s des jeunes.<\/p>\n\n\n\n<p><\/p>\n\n\n\n<h2>Une br\u00e8ve histoire du projet<\/h2>\n\n\n\n<p>Tout a d\u00e9marr\u00e9 \u00e0 partir d\u2019une enqu\u00eate men\u00e9e, en f\u00e9vrier 2020, pendant 2 semaines, par les \u00e9tudiants en BTS di\u00e9t\u00e9tique \u00e0 la MFR de Moirans sur \u00ab&nbsp;les pratiques et les coutumes alimentaires des adolescents en formation altern\u00e9e&nbsp;\u00bb, \u00e0 destination des jeunes des 3 MFR de Mondy, Anneyron et Ch\u00e2teauneuf-sur-Is\u00e8re. Elle avait pour but de comprendre les freins psychologiques des jeunes \u00e0 se nourrir sainement et de fa\u00e7on \u00e9quilibr\u00e9e. Ce diagnostic a g\u00e9n\u00e9r\u00e9 529 r\u00e9ponses.<br>Ce travail a permis d\u2019\u00e9laborer en lien avec la f\u00e9d\u00e9ration d\u00e9partementale MFR Dr\u00f4me Ard\u00e8che, un projet d\u2019\u00e9ducation alimentaire. Des ateliers en \u00e9ducation sant\u00e9 environnement ont \u00e9t\u00e9 mis sur pied pour comprendre les raisons qui fondent la r\u00e9sistance au comportement de changement alimentaire des jeunes. A la MFR de Ch\u00e2teauneuf-sur-Is\u00e8re, les BTS en 1 \u00e8re et 2 e ann\u00e9e ont b\u00e9n\u00e9fici\u00e9 d\u2019une intervenante pour penser une \u00e9thique alimentaire.<\/p>\n\n\n\n<p><strong>Une journ\u00e9e consacr\u00e9e \u00e0 des d\u00e9fis<\/strong><\/p>\n\n\n\n<p>De leur c\u00f4t\u00e9, les 3 e d\u2019orientation, en lien avec les formateurs ont travaill\u00e9 sur la mise en place d&rsquo;un questionnaire sur leur rapport \u00e0 l&rsquo;alimentation, leurs connaissances sur les fruits et l\u00e9gumes, leurs crit\u00e8res de choix des courses alimentaires. La classe de BTS a \u00e9galement organis\u00e9 une journ\u00e9e le 18 mai 2021 autour de d\u00e9fis un atelier cuisine, un atelier d\u00e9gustation \u00e0 l\u2019aveugle et des jeux autour de la saisonnalit\u00e9 des fruits et l\u00e9gumes. Les \u00e9quipes d\u2019\u00e9l\u00e8ves ont \u00e9t\u00e9 \u00e9valu\u00e9es donnant droit \u00e0 des paniers garnis de produits locaux en associant un agriculteur producteur bio local (La Ferme Clos Foug\u00e8res \u00e0 Ch\u00e2teauneuf-sur-Is\u00e8re).<\/p>\n\n\n\n<p><\/p>\n\n\n\n<figure class=\"wp-block-gallery columns-2 is-cropped\"><ul class=\"blocks-gallery-grid\"><li class=\"blocks-gallery-item\"><figure><img loading=\"lazy\" width=\"1024\" height=\"768\" src=\"data:image\/gif;base64,R0lGODlhAQABAAAAACH5BAEKAAEALAAAAAABAAEAAAICTAEAOw==\" alt=\"\" data-id=\"1785\" data-full-url=\"https:\/\/mvt.mfr.fr\/wp-content\/uploads\/2021\/10\/leader-20201201_165937-scaled.jpg\" data-link=\"https:\/\/mvt.mfr.fr\/?attachment_id=1785\" class=\"wp-image-1785 lazyload\" sizes=\"(max-width: 1024px) 100vw, 1024px\" data-src=\"https:\/\/mvt.mfr.fr\/wp-content\/uploads\/2021\/10\/leader-20201201_165937-1024x768.jpg\" data-srcset=\"https:\/\/mvt.mfr.fr\/wp-content\/uploads\/2021\/10\/leader-20201201_165937-1024x768.jpg 1024w, https:\/\/mvt.mfr.fr\/wp-content\/uploads\/2021\/10\/leader-20201201_165937-300x225.jpg 300w, https:\/\/mvt.mfr.fr\/wp-content\/uploads\/2021\/10\/leader-20201201_165937-768x576.jpg 768w, https:\/\/mvt.mfr.fr\/wp-content\/uploads\/2021\/10\/leader-20201201_165937-1536x1152.jpg 1536w, https:\/\/mvt.mfr.fr\/wp-content\/uploads\/2021\/10\/leader-20201201_165937-2048x1536.jpg 2048w, https:\/\/mvt.mfr.fr\/wp-content\/uploads\/2021\/10\/leader-20201201_165937-150x113.jpg 150w, https:\/\/mvt.mfr.fr\/wp-content\/uploads\/2021\/10\/leader-20201201_165937-696x522.jpg 696w, https:\/\/mvt.mfr.fr\/wp-content\/uploads\/2021\/10\/leader-20201201_165937-1068x801.jpg 1068w, https:\/\/mvt.mfr.fr\/wp-content\/uploads\/2021\/10\/leader-20201201_165937-1920x1440.jpg 1920w\"><\/figure><\/li><li class=\"blocks-gallery-item\"><figure><img loading=\"lazy\" width=\"587\" height=\"440\" src=\"data:image\/gif;base64,R0lGODlhAQABAAAAACH5BAEKAAEALAAAAAABAAEAAAICTAEAOw==\" alt=\"\" data-id=\"1786\" data-full-url=\"https:\/\/mvt.mfr.fr\/wp-content\/uploads\/2021\/10\/leader-1-3e\u0300me.jpg\" data-link=\"https:\/\/mvt.mfr.fr\/?attachment_id=1786\" class=\"wp-image-1786 lazyload\" sizes=\"(max-width: 587px) 100vw, 587px\" data-src=\"https:\/\/mvt.mfr.fr\/wp-content\/uploads\/2021\/10\/leader-1-3e\u0300me.jpg\" data-srcset=\"https:\/\/mvt.mfr.fr\/wp-content\/uploads\/2021\/10\/leader-1-3e\u0300me.jpg 587w, https:\/\/mvt.mfr.fr\/wp-content\/uploads\/2021\/10\/leader-1-3e\u0300me-300x225.jpg 300w, https:\/\/mvt.mfr.fr\/wp-content\/uploads\/2021\/10\/leader-1-3e\u0300me-150x112.jpg 150w\"><\/figure><\/li><\/ul><\/figure>\n\n\n\n<p><\/p>\n\n\n\n<p><\/p>\n\n\n\n<h2>Une volont\u00e9 de repenser les consommations :<\/h2>\n\n\n\n<blockquote class=\"wp-block-quote\"><p>\u00ab\u00a0il y a une \u00e9volution et prise de conscience de la part des cuisiniers de la mfr dans la fabrication des repas au quotidien\u00a0\u00bb<\/p><cite>St\u00e9phane Boisdron, directeur de la MFR de Ch\u00e2teauneuf-sur-Is\u00e8re<\/cite><\/blockquote>\n\n\n\n<p><strong>Comment la MFR de Ch\u00e2teauneuf-sur-Is\u00e8re en est venue \u00e0 s\u2019int\u00e9resser au sujet de l\u2019alimentation&nbsp;?<\/strong><\/p>\n\n\n\n<p>Depuis quelques ann\u00e9es le th\u00e8me de l\u2019alimentation est au c\u0153ur de nos actions. La F\u00e9d\u00e9ration interd\u00e9partementale des MFR Dr\u00f4me Ard\u00e8che est porteuse, depuis septembre 2020, d\u2019un projet LEADER b\u00e9n\u00e9ficiant de fonds europ\u00e9ens qui s\u2019intitule \u00ab pour une alimentation \u00e9coresponsable chez moi, dans ma cantine et dans le Monde \u00bb. Les MFR de Mondy, Anneyron et Ch\u00e2teauneuf-sur-Is\u00e8re sont engag\u00e9es pour un an dans ce projet depuis septembre 2020 avec 27 classes participantes (jeunes de 4eme \u00e0 BTS) ainsi que les \u00e9quipes en cuisine des 3 MFR.&nbsp;Ce projet ambitieux porte sur des actions de sensibilisation autour de l\u2019alimentation aupr\u00e8s des jeunes des MFR ainsi qu\u2019un accompagnement des cuisiniers pour une \u00e9volution des pratiques culinaires<br>vers une cuisine \u00e9volutive et alternative.<\/p>\n\n\n\n<p><strong>Ce projet a-t-il \u00e9t\u00e9 b\u00e9n\u00e9fique pour les jeunes ?<\/strong><\/p>\n\n\n\n<p>Il y a la fois des jeunes qui ont pris conscience de l\u2019alimentation, et de leur mani\u00e8re de consommer, ils avaient le d\u00e9sir de sensibiliser leur famille et d\u2019autres qui ne souhaitaient pas se remettre en question. C\u2019est une bonne chose si ces initiatives ont fait bouger les habitudes de quelques uns. Depuis ce projet, la commission restauration de la MFR s\u2019est renforc\u00e9e avec une participation plus importante des jeunes. Ca permet aux cuisiniers de la cantine d\u2019\u00e9changer avec les \u00e9l\u00e8ves et d\u2019\u00e9couter leurs envies, et voir si on peut les concr\u00e9tiser.<\/p>\n\n\n\n<p><strong>Y-a-t-il eu des changements au niveau de la MFR&nbsp;?<\/strong><\/p>\n\n\n\n<p>Le projet Leader et les actions men\u00e9es par les BTS ont mobilis\u00e9 l\u2019ensemble des \u00e9quipes p\u00e9dagogiques de la MFR de Ch\u00e2teauneuf-sur-Is\u00e8re qui ont adapt\u00e9 leur cours en cons\u00e9quence.<br>Il y a une \u00e9volution et une prise de conscience de la part des cuisiniers de la MFR dans la fabrication des repas au quotidien. Ils sont plus vigilants sur les cuissons, la provenance des produits. D\u00e9sormais, la cantine ne sert plus de viande ou de poissons reconstitu\u00e9s sans go\u00fbt. Nous indiquons sur les menus les produits achet\u00e9s localement. Il y a aussi une volont\u00e9 de proposer des plats v\u00e9g\u00e9tariens plus vari\u00e9s et cr\u00e9atifs. Les cuisiniers vont \u00e9galement recevoir une formation sp\u00e9cifique d\u2019octobre \u00e0 d\u00e9cembre. Plus globalement, ce projet a fait \u00e9galement \u00e9volu\u00e9 nos habitudes sur le tri des d\u00e9chets, mais aussi le compostage qui vont se mettre en place dans les MFR Dr\u00f4me Ard\u00e8che.<\/p>\n\n\n\n<p><\/p>\n\n\n\n<h2>Qu&rsquo;en pensent les jeunes ? <\/h2>\n\n\n\n<p><\/p>\n\n\n\n<p><strong>Quentin Fayard, 29 ans, BTS en \u00e9conomie sociale et familiale&nbsp;:<\/strong><\/p>\n\n\n\n<p><em>\u00ab&nbsp;J\u2019ai trouv\u00e9 ce projet utile et constructif, en parfaite ad\u00e9quation avec notre BTS en \u00e9conomie sociale et familiale qui porte sur le d\u00e9veloppement durable, la sant\u00e9, les politiques sociales. Ca reste une exp\u00e9rience positive pour des jeunes qui sont peu concern\u00e9s par ces probl\u00e9matiques. Ce type d\u2019actions permet de sensibiliser les jeunes directement, ils ont \u00e9t\u00e9 r\u00e9ceptifs. Il y a eu des prises de conscience qui seront utiles pour notre vie professionnelle.&nbsp;Ca donne de l\u2019espoir, ca prouve, lorsqu\u2019on se rassemble autour d\u2019un projet, on trouve des solutions, et les mentalit\u00e9s \u00e9voluent. \u00bb<\/em><\/p>\n","protected":false},"excerpt":{"rendered":"<p>Sur quelles conditions peut-on se baser pour affirmer que nous mangeons \u00ab\u00a0bien\u00a0\u00bb ?<br \/>\n\u00ab\u00a0Bien manger\u00a0\u00bb dispose de plusieurs significations, subjectives mais pas que ! Equilibr\u00e9, go\u00fbtu, \u00e9co responsable&#8230; La MFR de Ch\u00e2teauneuf-sur-Is\u00e8re a r\u00e9cemment men\u00e9 une s\u00e9rie d\u2019actions de sensibilisation autour de l\u2019alimentation aupr\u00e8s des jeunes.<\/p>\n","protected":false},"author":3,"featured_media":1797,"comment_status":"closed","ping_status":"open","sticky":false,"template":"","format":"standard","meta":{"inline_featured_image":false,"spay_email":""},"categories":[12,10,13],"tags":[1114,991,1117,1115,1037,1116],"yoast_head":"<!-- This site is optimized with the Yoast SEO plugin v17.1 - https:\/\/yoast.com\/wordpress\/plugins\/seo\/ -->\n<meta name=\"robots\" content=\"index, follow, max-snippet:-1, max-image-preview:large, max-video-preview:-1\" \/>\n<link rel=\"canonical\" href=\"https:\/\/mvt.mfr.fr\/index.php\/2021\/10\/06\/une-mobilisation-des-jeunes-sur-un-projet-deducation-alimentaire\/\" \/>\n<meta property=\"og:locale\" content=\"fr_FR\" \/>\n<meta property=\"og:type\" content=\"article\" \/>\n<meta property=\"og:title\" content=\"Une mobilisation des jeunes sur un projet d\u2019\u00e9ducation alimentaire - MVT\" \/>\n<meta property=\"og:description\" content=\"Sur quelles conditions peut-on se baser pour affirmer que nous mangeons &quot;bien&quot; ? &quot;Bien manger&quot; dispose de plusieurs significations, subjectives mais pas que ! Equilibr\u00e9, go\u00fbtu, \u00e9co responsable... La MFR de Ch\u00e2teauneuf-sur-Is\u00e8re a r\u00e9cemment men\u00e9 une s\u00e9rie d\u2019actions de sensibilisation autour de l\u2019alimentation aupr\u00e8s des jeunes.\" \/>\n<meta property=\"og:url\" content=\"https:\/\/mvt.mfr.fr\/index.php\/2021\/10\/06\/une-mobilisation-des-jeunes-sur-un-projet-deducation-alimentaire\/\" \/>\n<meta property=\"og:site_name\" content=\"MVT\" \/>\n<meta property=\"article:published_time\" content=\"2021-10-06T14:05:18+00:00\" \/>\n<meta property=\"article:modified_time\" content=\"2021-11-19T15:29:41+00:00\" \/>\n<meta property=\"og:image\" content=\"https:\/\/mvt.mfr.fr\/wp-content\/uploads\/2021\/10\/dan-gold-4_jhDO54BYg-unsplash-scaled.jpg\" \/>\n\t<meta property=\"og:image:width\" content=\"2560\" \/>\n\t<meta property=\"og:image:height\" content=\"1707\" \/>\n<meta name=\"twitter:card\" content=\"summary_large_image\" \/>\n<meta name=\"twitter:label1\" content=\"\u00c9crit par\" \/>\n\t<meta name=\"twitter:data1\" content=\"B\u00e9atrice\" \/>\n\t<meta name=\"twitter:label2\" content=\"Dur\u00e9e de lecture est.\" \/>\n\t<meta name=\"twitter:data2\" content=\"5 minutes\" \/>\n<script type=\"application\/ld+json\" class=\"yoast-schema-graph\">{\"@context\":\"https:\/\/schema.org\",\"@graph\":[{\"@type\":\"WebSite\",\"@id\":\"https:\/\/mvt.mfr.fr\/#website\",\"url\":\"https:\/\/mvt.mfr.fr\/\",\"name\":\"MVT\",\"description\":\"Le M\\u00e9dia Vraiment Tout terrain\",\"potentialAction\":[{\"@type\":\"SearchAction\",\"target\":{\"@type\":\"EntryPoint\",\"urlTemplate\":\"https:\/\/mvt.mfr.fr\/?s={search_term_string}\"},\"query-input\":\"required name=search_term_string\"}],\"inLanguage\":\"fr-FR\"},{\"@type\":\"ImageObject\",\"@id\":\"https:\/\/mvt.mfr.fr\/index.php\/2021\/10\/06\/une-mobilisation-des-jeunes-sur-un-projet-deducation-alimentaire\/#primaryimage\",\"inLanguage\":\"fr-FR\",\"url\":\"https:\/\/mvt.mfr.fr\/wp-content\/uploads\/2021\/10\/dan-gold-4_jhDO54BYg-unsplash-scaled.jpg\",\"contentUrl\":\"https:\/\/mvt.mfr.fr\/wp-content\/uploads\/2021\/10\/dan-gold-4_jhDO54BYg-unsplash-scaled.jpg\",\"width\":2560,\"height\":1707},{\"@type\":\"WebPage\",\"@id\":\"https:\/\/mvt.mfr.fr\/index.php\/2021\/10\/06\/une-mobilisation-des-jeunes-sur-un-projet-deducation-alimentaire\/#webpage\",\"url\":\"https:\/\/mvt.mfr.fr\/index.php\/2021\/10\/06\/une-mobilisation-des-jeunes-sur-un-projet-deducation-alimentaire\/\",\"name\":\"Une mobilisation des jeunes sur un projet d\\u2019\\u00e9ducation alimentaire - MVT\",\"isPartOf\":{\"@id\":\"https:\/\/mvt.mfr.fr\/#website\"},\"primaryImageOfPage\":{\"@id\":\"https:\/\/mvt.mfr.fr\/index.php\/2021\/10\/06\/une-mobilisation-des-jeunes-sur-un-projet-deducation-alimentaire\/#primaryimage\"},\"datePublished\":\"2021-10-06T14:05:18+00:00\",\"dateModified\":\"2021-11-19T15:29:41+00:00\",\"author\":{\"@id\":\"https:\/\/mvt.mfr.fr\/#\/schema\/person\/b269d29d0f14aa4ce8ee06173c9d52f1\"},\"breadcrumb\":{\"@id\":\"https:\/\/mvt.mfr.fr\/index.php\/2021\/10\/06\/une-mobilisation-des-jeunes-sur-un-projet-deducation-alimentaire\/#breadcrumb\"},\"inLanguage\":\"fr-FR\",\"potentialAction\":[{\"@type\":\"ReadAction\",\"target\":[\"https:\/\/mvt.mfr.fr\/index.php\/2021\/10\/06\/une-mobilisation-des-jeunes-sur-un-projet-deducation-alimentaire\/\"]}]},{\"@type\":\"BreadcrumbList\",\"@id\":\"https:\/\/mvt.mfr.fr\/index.php\/2021\/10\/06\/une-mobilisation-des-jeunes-sur-un-projet-deducation-alimentaire\/#breadcrumb\",\"itemListElement\":[{\"@type\":\"ListItem\",\"position\":1,\"name\":\"Accueil\",\"item\":\"https:\/\/mvt.mfr.fr\/\"},{\"@type\":\"ListItem\",\"position\":2,\"name\":\"Une mobilisation des jeunes sur un projet d\\u2019\\u00e9ducation alimentaire\"}]},{\"@type\":\"Person\",\"@id\":\"https:\/\/mvt.mfr.fr\/#\/schema\/person\/b269d29d0f14aa4ce8ee06173c9d52f1\",\"name\":\"B\\u00e9atrice\",\"description\":\"Charg\\u00e9e de d\\u00e9veloppement \\u00e9ducatif, B\\u00e9atrice a \\u00e9t\\u00e9 monitrice puis directrice d\\u2019une MFR. Croyant en l\\u2019\\u00e9ducabilit\\u00e9 de chacun, \\u00e0 tous les \\u00e2ges, elle a \\u00e0 c\\u0153ur d\\u2019accompagner les \\u00e9quipes et les administrateurs dans l\\u2019objectif que chaque jeune accueilli en MFR puisse s\\u2019\\u00e9panouir et participer \\u00e0 la construction du monde de demain.\",\"url\":\"https:\/\/mvt.mfr.fr\/index.php\/author\/beatrice\/\"}]}<\/script>\n<!-- \/ Yoast SEO plugin. -->","yoast_head_json":{"robots":{"index":"index","follow":"follow","max-snippet":"max-snippet:-1","max-image-preview":"max-image-preview:large","max-video-preview":"max-video-preview:-1"},"canonical":"https:\/\/mvt.mfr.fr\/index.php\/2021\/10\/06\/une-mobilisation-des-jeunes-sur-un-projet-deducation-alimentaire\/","og_locale":"fr_FR","og_type":"article","og_title":"Une mobilisation des jeunes sur un projet d\u2019\u00e9ducation alimentaire - MVT","og_description":"Sur quelles conditions peut-on se baser pour affirmer que nous mangeons \"bien\" ? \"Bien manger\" dispose de plusieurs significations, subjectives mais pas que ! Equilibr\u00e9, go\u00fbtu, \u00e9co responsable... La MFR de Ch\u00e2teauneuf-sur-Is\u00e8re a r\u00e9cemment men\u00e9 une s\u00e9rie d\u2019actions de sensibilisation autour de l\u2019alimentation aupr\u00e8s des jeunes.","og_url":"https:\/\/mvt.mfr.fr\/index.php\/2021\/10\/06\/une-mobilisation-des-jeunes-sur-un-projet-deducation-alimentaire\/","og_site_name":"MVT","article_published_time":"2021-10-06T14:05:18+00:00","article_modified_time":"2021-11-19T15:29:41+00:00","og_image":[{"width":2560,"height":1707,"url":"https:\/\/mvt.mfr.fr\/wp-content\/uploads\/2021\/10\/dan-gold-4_jhDO54BYg-unsplash-scaled.jpg","path":"\/var\/www\/clients\/client3\/web3\/web\/wp-content\/uploads\/2021\/10\/dan-gold-4_jhDO54BYg-unsplash-scaled.jpg","size":"full","id":1797,"alt":"","pixels":4369920,"type":"image\/jpeg"}],"twitter_card":"summary_large_image","twitter_misc":{"\u00c9crit par":"B\u00e9atrice","Dur\u00e9e de lecture est.":"5 minutes"},"schema":{"@context":"https:\/\/schema.org","@graph":[{"@type":"WebSite","@id":"https:\/\/mvt.mfr.fr\/#website","url":"https:\/\/mvt.mfr.fr\/","name":"MVT","description":"Le M\u00e9dia Vraiment Tout terrain","potentialAction":[{"@type":"SearchAction","target":{"@type":"EntryPoint","urlTemplate":"https:\/\/mvt.mfr.fr\/?s={search_term_string}"},"query-input":"required name=search_term_string"}],"inLanguage":"fr-FR"},{"@type":"ImageObject","@id":"https:\/\/mvt.mfr.fr\/index.php\/2021\/10\/06\/une-mobilisation-des-jeunes-sur-un-projet-deducation-alimentaire\/#primaryimage","inLanguage":"fr-FR","url":"https:\/\/mvt.mfr.fr\/wp-content\/uploads\/2021\/10\/dan-gold-4_jhDO54BYg-unsplash-scaled.jpg","contentUrl":"https:\/\/mvt.mfr.fr\/wp-content\/uploads\/2021\/10\/dan-gold-4_jhDO54BYg-unsplash-scaled.jpg","width":2560,"height":1707},{"@type":"WebPage","@id":"https:\/\/mvt.mfr.fr\/index.php\/2021\/10\/06\/une-mobilisation-des-jeunes-sur-un-projet-deducation-alimentaire\/#webpage","url":"https:\/\/mvt.mfr.fr\/index.php\/2021\/10\/06\/une-mobilisation-des-jeunes-sur-un-projet-deducation-alimentaire\/","name":"Une mobilisation des jeunes sur un projet d\u2019\u00e9ducation alimentaire - MVT","isPartOf":{"@id":"https:\/\/mvt.mfr.fr\/#website"},"primaryImageOfPage":{"@id":"https:\/\/mvt.mfr.fr\/index.php\/2021\/10\/06\/une-mobilisation-des-jeunes-sur-un-projet-deducation-alimentaire\/#primaryimage"},"datePublished":"2021-10-06T14:05:18+00:00","dateModified":"2021-11-19T15:29:41+00:00","author":{"@id":"https:\/\/mvt.mfr.fr\/#\/schema\/person\/b269d29d0f14aa4ce8ee06173c9d52f1"},"breadcrumb":{"@id":"https:\/\/mvt.mfr.fr\/index.php\/2021\/10\/06\/une-mobilisation-des-jeunes-sur-un-projet-deducation-alimentaire\/#breadcrumb"},"inLanguage":"fr-FR","potentialAction":[{"@type":"ReadAction","target":["https:\/\/mvt.mfr.fr\/index.php\/2021\/10\/06\/une-mobilisation-des-jeunes-sur-un-projet-deducation-alimentaire\/"]}]},{"@type":"BreadcrumbList","@id":"https:\/\/mvt.mfr.fr\/index.php\/2021\/10\/06\/une-mobilisation-des-jeunes-sur-un-projet-deducation-alimentaire\/#breadcrumb","itemListElement":[{"@type":"ListItem","position":1,"name":"Accueil","item":"https:\/\/mvt.mfr.fr\/"},{"@type":"ListItem","position":2,"name":"Une mobilisation des jeunes sur un projet d\u2019\u00e9ducation alimentaire"}]},{"@type":"Person","@id":"https:\/\/mvt.mfr.fr\/#\/schema\/person\/b269d29d0f14aa4ce8ee06173c9d52f1","name":"B\u00e9atrice","description":"Charg\u00e9e de d\u00e9veloppement \u00e9ducatif, B\u00e9atrice a \u00e9t\u00e9 monitrice puis directrice d\u2019une MFR. Croyant en l\u2019\u00e9ducabilit\u00e9 de chacun, \u00e0 tous les \u00e2ges, elle a \u00e0 c\u0153ur d\u2019accompagner les \u00e9quipes et les administrateurs dans l\u2019objectif que chaque jeune accueilli en MFR puisse s\u2019\u00e9panouir et participer \u00e0 la construction du monde de demain.","url":"https:\/\/mvt.mfr.fr\/index.php\/author\/beatrice\/"}]}},"jetpack_featured_media_url":"https:\/\/mvt.mfr.fr\/wp-content\/uploads\/2021\/10\/dan-gold-4_jhDO54BYg-unsplash-scaled.jpg","_links":{"self":[{"href":"https:\/\/mvt.mfr.fr\/index.php\/wp-json\/wp\/v2\/posts\/1783"}],"collection":[{"href":"https:\/\/mvt.mfr.fr\/index.php\/wp-json\/wp\/v2\/posts"}],"about":[{"href":"https:\/\/mvt.mfr.fr\/index.php\/wp-json\/wp\/v2\/types\/post"}],"author":[{"embeddable":true,"href":"https:\/\/mvt.mfr.fr\/index.php\/wp-json\/wp\/v2\/users\/3"}],"replies":[{"embeddable":true,"href":"https:\/\/mvt.mfr.fr\/index.php\/wp-json\/wp\/v2\/comments?post=1783"}],"version-history":[{"count":5,"href":"https:\/\/mvt.mfr.fr\/index.php\/wp-json\/wp\/v2\/posts\/1783\/revisions"}],"predecessor-version":[{"id":1902,"href":"https:\/\/mvt.mfr.fr\/index.php\/wp-json\/wp\/v2\/posts\/1783\/revisions\/1902"}],"wp:featuredmedia":[{"embeddable":true,"href":"https:\/\/mvt.mfr.fr\/index.php\/wp-json\/wp\/v2\/media\/1797"}],"wp:attachment":[{"href":"https:\/\/mvt.mfr.fr\/index.php\/wp-json\/wp\/v2\/media?parent=1783"}],"wp:term":[{"taxonomy":"category","embeddable":true,"href":"https:\/\/mvt.mfr.fr\/index.php\/wp-json\/wp\/v2\/categories?post=1783"},{"taxonomy":"post_tag","embeddable":true,"href":"https:\/\/mvt.mfr.fr\/index.php\/wp-json\/wp\/v2\/tags?post=1783"}],"curies":[{"name":"wp","href":"https:\/\/api.w.org\/{rel}","templated":true}]}}