{"id":1751,"date":"2021-09-24T18:33:18","date_gmt":"2021-09-24T16:33:18","guid":{"rendered":"https:\/\/mvt.mfr.fr\/?p=1751"},"modified":"2021-11-19T11:37:51","modified_gmt":"2021-11-19T10:37:51","slug":"des-projets-artistiques-pour-celebrer-les-femmes-libres-et-engagees","status":"publish","type":"post","link":"https:\/\/mvt.mfr.fr\/index.php\/2021\/09\/24\/des-projets-artistiques-pour-celebrer-les-femmes-libres-et-engagees\/","title":{"rendered":"Des projets artistiques pour c\u00e9l\u00e9brer les femmes libres et engag\u00e9es"},"content":{"rendered":"\n<p><strong>Un Chant tahitien, un clip vid\u00e9o, une pi\u00e8ce de th\u00e9\u00e2tre\u2026 Les MFR de Vairao, de Beynac et de P\u00e9rigueux se sont engag\u00e9es dans des cr\u00e9ations artistiques sur l&rsquo;\u00e9mancipation et la d\u00e9fense des droits des femmes.<\/strong><\/p>\n\n\n\n<h2><strong>Une br\u00e8ve histoire du projet<\/strong><\/h2>\n\n\n\n<p>Les classes de 4<sup>\u00e8me<\/sup>\/3\u00e8me CAPa SAPVER (MFR de Vairao Filles), 2\u00e8me ann\u00e9e CAPa SAPVER (MFR de Beynac) et les classes de premi\u00e8res Bac Pro SAPAT (MFR de P\u00e9rigueux), 43 jeunes impliqu\u00e9s au total, ont particip\u00e9 \u00e0 des ateliers de sensibilisation et de cr\u00e9ation artistique \u00e9voquant le droit des femmes, la femme et le milieu professionnel, l\u2019histoire de la condition f\u00e9minine, les violences conjugales, l\u2019\u00e9ducation genr\u00e9e.<\/p>\n\n\n\n<p>A la MFR de P\u00e9rigueux, il y a eu plusieurs ateliers d\u2019\u00e9changes des interventions du CIDFF Dordogne (Centre d\u2019Information sur les Droits des Femmes et des Familles), et de Femmes Solidaires, mouvement f\u00e9ministe, la\u00efque et d&rsquo;\u00e9ducation populaire. Puis les \u00e9l\u00e8ves se sont &nbsp;consacr\u00e9s \u00e0 la r\u00e9alisation d\u2019une pi\u00e8ce de th\u00e9\u00e2tre film\u00e9e en 7 actes, d\u2019une dur\u00e9e de 15 minutes. Elle abordait la lecture de contes machistes, comme bon nombre de contes de f\u00e9es, avec en contrepoint des contes modernes f\u00e9ministes, le chant de l\u2019hymne des femmes \u00e9crit par le MLF, l\u2019histoire du droit des femmes, la vacuit\u00e9 des magazines f\u00e9minins\u2026 Une bande son originale a \u00e9t\u00e9 cr\u00e9e sp\u00e9cifiquement pour cette pi\u00e8ce.<\/p>\n\n\n\n<p>A La MFR de Beynac, les jeunes ont \u00e9galement particip\u00e9 \u00e0 des activit\u00e9s sur l&rsquo;\u00e9mancipation et le droit des femmes avec les jeunes. Une monitrice a notamment travaill\u00e9 sp\u00e9cifiquement sur l\u2019album de Grand Corps Malade d\u00e9di\u00e9 aux femmes intitul\u00e9 \u00ab&nbsp;Mesdames&nbsp;\u00bb.<\/p>\n\n\n\n<p>Une professeure de th\u00e9\u00e2tre (Manuella Eon) est intervenue pour animer des ateliers d&rsquo;\u00e9criture et d&rsquo;expression sc\u00e9nique, et accompagner \u00e0 la cr\u00e9ation de la pi\u00e8ce de th\u00e9\u00e2tre et \u00e0 la r\u00e9alisation du clip vid\u00e9o.<\/p>\n\n\n\n<p>La MFR Vairao en Polyn\u00e9sie s\u2019est consacr\u00e9e quant \u00e0 elle \u00e0 l\u2019\u00e9criture d&rsquo;un chant en fran\u00e7ais, et traduit en tahitien. Un travail sur les violences conjugales a \u00e9galement \u00e9t\u00e9 men\u00e9 avec l\u2019intervention de la gendarmerie dans la classe pour informer des droits et des peines encourues.<\/p>\n\n\n\n<p><\/p>\n\n\n\n<figure class=\"wp-block-gallery columns-2 is-cropped\"><ul class=\"blocks-gallery-grid\"><li class=\"blocks-gallery-item\"><figure><img loading=\"lazy\" width=\"1024\" height=\"768\" src=\"data:image\/gif;base64,R0lGODlhAQABAAAAACH5BAEKAAEALAAAAAABAAEAAAICTAEAOw==\" alt=\"\" data-id=\"1763\" data-full-url=\"https:\/\/mvt.mfr.fr\/wp-content\/uploads\/2021\/09\/IMG_20210505_145420-scaled.jpg\" data-link=\"https:\/\/mvt.mfr.fr\/?attachment_id=1763\" class=\"wp-image-1763 lazyload\" sizes=\"(max-width: 1024px) 100vw, 1024px\" data-src=\"https:\/\/mvt.mfr.fr\/wp-content\/uploads\/2021\/09\/IMG_20210505_145420-1024x768.jpg\" data-srcset=\"https:\/\/mvt.mfr.fr\/wp-content\/uploads\/2021\/09\/IMG_20210505_145420-1024x768.jpg 1024w, https:\/\/mvt.mfr.fr\/wp-content\/uploads\/2021\/09\/IMG_20210505_145420-300x225.jpg 300w, https:\/\/mvt.mfr.fr\/wp-content\/uploads\/2021\/09\/IMG_20210505_145420-768x576.jpg 768w, https:\/\/mvt.mfr.fr\/wp-content\/uploads\/2021\/09\/IMG_20210505_145420-1536x1152.jpg 1536w, https:\/\/mvt.mfr.fr\/wp-content\/uploads\/2021\/09\/IMG_20210505_145420-2048x1536.jpg 2048w, https:\/\/mvt.mfr.fr\/wp-content\/uploads\/2021\/09\/IMG_20210505_145420-150x113.jpg 150w, https:\/\/mvt.mfr.fr\/wp-content\/uploads\/2021\/09\/IMG_20210505_145420-696x522.jpg 696w, https:\/\/mvt.mfr.fr\/wp-content\/uploads\/2021\/09\/IMG_20210505_145420-1068x801.jpg 1068w, https:\/\/mvt.mfr.fr\/wp-content\/uploads\/2021\/09\/IMG_20210505_145420-1920x1440.jpg 1920w\"><\/figure><\/li><li class=\"blocks-gallery-item\"><figure><img loading=\"lazy\" width=\"1024\" height=\"768\" src=\"data:image\/gif;base64,R0lGODlhAQABAAAAACH5BAEKAAEALAAAAAABAAEAAAICTAEAOw==\" alt=\"\" data-id=\"1764\" data-full-url=\"https:\/\/mvt.mfr.fr\/wp-content\/uploads\/2021\/09\/IMG_20210505_145953-scaled.jpg\" data-link=\"https:\/\/mvt.mfr.fr\/?attachment_id=1764\" class=\"wp-image-1764 lazyload\" sizes=\"(max-width: 1024px) 100vw, 1024px\" data-src=\"https:\/\/mvt.mfr.fr\/wp-content\/uploads\/2021\/09\/IMG_20210505_145953-1024x768.jpg\" data-srcset=\"https:\/\/mvt.mfr.fr\/wp-content\/uploads\/2021\/09\/IMG_20210505_145953-1024x768.jpg 1024w, https:\/\/mvt.mfr.fr\/wp-content\/uploads\/2021\/09\/IMG_20210505_145953-300x225.jpg 300w, https:\/\/mvt.mfr.fr\/wp-content\/uploads\/2021\/09\/IMG_20210505_145953-768x576.jpg 768w, https:\/\/mvt.mfr.fr\/wp-content\/uploads\/2021\/09\/IMG_20210505_145953-1536x1152.jpg 1536w, https:\/\/mvt.mfr.fr\/wp-content\/uploads\/2021\/09\/IMG_20210505_145953-2048x1536.jpg 2048w, https:\/\/mvt.mfr.fr\/wp-content\/uploads\/2021\/09\/IMG_20210505_145953-150x113.jpg 150w, https:\/\/mvt.mfr.fr\/wp-content\/uploads\/2021\/09\/IMG_20210505_145953-696x522.jpg 696w, https:\/\/mvt.mfr.fr\/wp-content\/uploads\/2021\/09\/IMG_20210505_145953-1068x801.jpg 1068w, https:\/\/mvt.mfr.fr\/wp-content\/uploads\/2021\/09\/IMG_20210505_145953-1920x1440.jpg 1920w\"><\/figure><\/li><\/ul><\/figure>\n\n\n\n<p><\/p>\n\n\n\n<h2><strong>Trois questions \u00e0 Adrien Fouchier, formateur \u00e0 la Maison Familiale Rurale P\u00e9rigord-Limousin :<\/strong><\/h2>\n\n\n\n<blockquote class=\"wp-block-quote\"><p>LES PROJETS MEN\u00c9S PAR LES \u00c9LEVES ONT PERMIS DE LIB\u00c9RER LA PAROLE<\/p><\/blockquote>\n\n\n\n<p><strong>Comment est venue l\u2019id\u00e9e du projet&nbsp;\u00ab&nbsp;femmes libres et engag\u00e9es&nbsp;\u00bb ?<\/strong><\/p>\n\n\n\n<p>Au d\u00e9part, c\u2019\u00e9tait tr\u00e8s ouvert. J\u2019ai demand\u00e9 \u00e0 la classe ce qu\u2019elle souhaitait faire passer comme message. Petit \u00e0 petit la discussion s\u2019est engag\u00e9e autour de la tenue vestimentaire. La classe de 1<sup>\u00e8re<\/sup> Bac Pro SAPAT, de la MFR de P\u00e9rigueux, \u00e0 majorit\u00e9 f\u00e9minine, a beaucoup r\u00e9agi sur la difficult\u00e9 pour les jeunes filles de s\u2019habiller librement. Petit \u00e0 petit, il a \u00e9t\u00e9 d\u00e9cid\u00e9 d\u2019\u00e9largir cette question en se consacrant plus globalement \u00e0 l&rsquo;\u00e9mancipation des femmes et \u00e0 la d\u00e9fense de leurs droits.&nbsp;<\/p>\n\n\n\n<p><strong>Comment les jeunes se sont empar\u00e9s du projet&nbsp;?<\/strong><\/p>\n\n\n\n<p>Les projets men\u00e9s par les \u00e9l\u00e8ves ont permis de lib\u00e9rer la parole. A la MFR de P\u00e9rigueux, les \u00e9l\u00e8ves n\u2019ont pas h\u00e9sit\u00e9 \u00e0 exprimer leurs pens\u00e9es sans retenue et ont reconnu que c\u2019\u00e9tait assez rare de pouvoir le faire dans le cadre d\u2019une activit\u00e9 scolaire. Beaucoup se sont confi\u00e9es sur leur quotidien de jeunes femmes et l\u2019in\u00e9galit\u00e9 qu\u2019elles ressentaient dans la soci\u00e9t\u00e9. Certaines ont reconnu s\u2019habiller en jogging pour ne pas \u00eatre jug\u00e9es. L\u2019\u00e9quipe p\u00e9dagogique ne s\u2019attendait pas \u00e0 autant de r\u00e9actions sur les comportements et les agressions sexistes \u00e0 l\u2019\u00e9chelle d\u2019une classe. A la MFR de Beynac, une solidarit\u00e9 f\u00e9minine s\u2019est m\u00eame cr\u00e9\u00e9e dans la classe. Gr\u00e2ce \u00e0 ce travail commun, les \u00e9l\u00e8ves f\u00e9minines se sont senties plus fortes, en prenant de l\u2019assurance, et cela les a aid\u00e9es pour s\u2019affirmer en tant que femme dans la soci\u00e9t\u00e9.<\/p>\n\n\n\n<p><strong>Qu\u2019est ce qui ressort de cette aventure pour les trois MFR engag\u00e9es dans le projet&nbsp;?<\/strong><\/p>\n\n\n\n<p>En menant ces projets artistiques, nous avons fait le constat que la th\u00e9matique de l\u2019\u00e9volution des droits des femmes \u00e9tait peu \u00e9voqu\u00e9e au sein de nos \u00e9tablissements, alors que nous recevons une majorit\u00e9 de jeunes filles. Le projet a b\u00e9n\u00e9fici\u00e9 d\u2019un financement de l\u2019AFD nous permettant de collaborer avec une intervenante qui s\u2019est investie dans la cr\u00e9ation de la pi\u00e8ce de th\u00e9\u00e2tre et du clip vid\u00e9o. Gr\u00e2ce \u00e0 son profil d\u2019animatrice et de professeur de th\u00e9\u00e2tre, elle a apport\u00e9 une plus value et une densit\u00e9 au projet gr\u00e2ce au fait qu\u2019elle \u00e9tait ext\u00e9rieure \u00e0 la MFR. Les jeunes ont pu ainsi s\u2019exprimer librement. Sans elle, la lib\u00e9ration de la parole n\u2019aurait pas pu se faire avec autant de sinc\u00e9rit\u00e9 si les moniteurs s\u2019\u00e9taient occup\u00e9s seuls de ces projets.<\/p>\n\n\n\n<p><\/p>\n\n\n\n<p><\/p>\n\n\n\n<hr class=\"wp-block-separator\"\/>\n\n\n\n<div class=\"wp-block-image\"><figure class=\"alignleft size-medium\"><img loading=\"lazy\" width=\"300\" height=\"133\" src=\"data:image\/gif;base64,R0lGODlhAQABAAAAACH5BAEKAAEALAAAAAABAAEAAAICTAEAOw==\" alt=\"\" class=\"wp-image-1746 lazyload\" sizes=\"(max-width: 300px) 100vw, 300px\" data-src=\"https:\/\/mvt.mfr.fr\/wp-content\/uploads\/2021\/09\/1920px-AFD_logo.svg-300x133.png\" data-srcset=\"https:\/\/mvt.mfr.fr\/wp-content\/uploads\/2021\/09\/1920px-AFD_logo.svg-300x133.png 300w, https:\/\/mvt.mfr.fr\/wp-content\/uploads\/2021\/09\/1920px-AFD_logo.svg-1024x453.png 1024w, https:\/\/mvt.mfr.fr\/wp-content\/uploads\/2021\/09\/1920px-AFD_logo.svg-768x340.png 768w, https:\/\/mvt.mfr.fr\/wp-content\/uploads\/2021\/09\/1920px-AFD_logo.svg-1536x679.png 1536w, https:\/\/mvt.mfr.fr\/wp-content\/uploads\/2021\/09\/1920px-AFD_logo.svg-150x66.png 150w, https:\/\/mvt.mfr.fr\/wp-content\/uploads\/2021\/09\/1920px-AFD_logo.svg-696x308.png 696w, https:\/\/mvt.mfr.fr\/wp-content\/uploads\/2021\/09\/1920px-AFD_logo.svg-1068x472.png 1068w, https:\/\/mvt.mfr.fr\/wp-content\/uploads\/2021\/09\/1920px-AFD_logo.svg.png 1920w\"><\/figure><\/div>\n","protected":false},"excerpt":{"rendered":"<p>Un Chant tahitien, un clip vid\u00e9o, une pi\u00e8ce de th\u00e9\u00e2tre\u2026 Les MFR de Vairao, de Beynac et de P\u00e9rigueux se sont engag\u00e9es dans des cr\u00e9ations artistiques sur l&rsquo;\u00e9mancipation et la d\u00e9fense des droits des femmes.<\/p>\n","protected":false},"author":3,"featured_media":1767,"comment_status":"closed","ping_status":"open","sticky":false,"template":"","format":"standard","meta":{"inline_featured_image":false,"spay_email":""},"categories":[12],"tags":[1038,1105,1103,1104,1102,1106],"yoast_head":"<!-- This site is optimized with the Yoast SEO plugin v17.1 - https:\/\/yoast.com\/wordpress\/plugins\/seo\/ -->\n<meta name=\"robots\" content=\"index, follow, max-snippet:-1, max-image-preview:large, max-video-preview:-1\" \/>\n<link rel=\"canonical\" href=\"https:\/\/mvt.mfr.fr\/index.php\/2021\/09\/24\/des-projets-artistiques-pour-celebrer-les-femmes-libres-et-engagees\/\" \/>\n<meta property=\"og:locale\" content=\"fr_FR\" \/>\n<meta property=\"og:type\" content=\"article\" \/>\n<meta property=\"og:title\" content=\"Des projets artistiques pour c\u00e9l\u00e9brer les femmes libres et engag\u00e9es\" \/>\n<meta property=\"og:description\" content=\"Un Chant tahitien, un clip vid\u00e9o, une pi\u00e8ce de th\u00e9\u00e2tre\u2026 Les MFR de Vairao, de Beynac et de P\u00e9rigueux se sont engag\u00e9es dans des cr\u00e9ations artistiques sur l&#039;\u00e9mancipation et la d\u00e9fense des droits des femmes.\" \/>\n<meta property=\"og:url\" content=\"https:\/\/mvt.mfr.fr\/index.php\/2021\/09\/24\/des-projets-artistiques-pour-celebrer-les-femmes-libres-et-engagees\/\" \/>\n<meta property=\"og:site_name\" content=\"MVT\" \/>\n<meta property=\"article:published_time\" content=\"2021-09-24T16:33:18+00:00\" \/>\n<meta property=\"article:modified_time\" content=\"2021-11-19T10:37:51+00:00\" \/>\n<meta property=\"og:image\" content=\"https:\/\/mvt.mfr.fr\/wp-content\/uploads\/2021\/09\/26.png\" \/>\n\t<meta property=\"og:image:width\" content=\"1920\" \/>\n\t<meta property=\"og:image:height\" content=\"1280\" \/>\n<meta name=\"twitter:card\" content=\"summary_large_image\" \/>\n<meta name=\"twitter:title\" content=\"Des projets artistiques pour c\u00e9l\u00e9brer les femmes libres et engag\u00e9es\" \/>\n<meta name=\"twitter:description\" content=\"Un Chant tahitien, un clip vid\u00e9o, une pi\u00e8ce de th\u00e9\u00e2tre\u2026 Les MFR de Vairao, de Beynac et de P\u00e9rigueux se sont engag\u00e9es dans des cr\u00e9ations artistiques sur l&#039;\u00e9mancipation et la d\u00e9fense des droits des femmes.\" \/>\n<meta name=\"twitter:image\" content=\"https:\/\/mvt.mfr.fr\/wp-content\/uploads\/2021\/09\/26.png\" \/>\n<meta name=\"twitter:label1\" content=\"\u00c9crit par\" \/>\n\t<meta name=\"twitter:data1\" content=\"B\u00e9atrice\" \/>\n\t<meta name=\"twitter:label2\" content=\"Dur\u00e9e de lecture est.\" \/>\n\t<meta name=\"twitter:data2\" content=\"4 minutes\" \/>\n<script type=\"application\/ld+json\" class=\"yoast-schema-graph\">{\"@context\":\"https:\/\/schema.org\",\"@graph\":[{\"@type\":\"WebSite\",\"@id\":\"https:\/\/mvt.mfr.fr\/#website\",\"url\":\"https:\/\/mvt.mfr.fr\/\",\"name\":\"MVT\",\"description\":\"Le M\\u00e9dia Vraiment Tout terrain\",\"potentialAction\":[{\"@type\":\"SearchAction\",\"target\":{\"@type\":\"EntryPoint\",\"urlTemplate\":\"https:\/\/mvt.mfr.fr\/?s={search_term_string}\"},\"query-input\":\"required name=search_term_string\"}],\"inLanguage\":\"fr-FR\"},{\"@type\":\"ImageObject\",\"@id\":\"https:\/\/mvt.mfr.fr\/index.php\/2021\/09\/24\/des-projets-artistiques-pour-celebrer-les-femmes-libres-et-engagees\/#primaryimage\",\"inLanguage\":\"fr-FR\",\"url\":\"https:\/\/mvt.mfr.fr\/wp-content\/uploads\/2021\/09\/26.png\",\"contentUrl\":\"https:\/\/mvt.mfr.fr\/wp-content\/uploads\/2021\/09\/26.png\",\"width\":1920,\"height\":1280},{\"@type\":\"WebPage\",\"@id\":\"https:\/\/mvt.mfr.fr\/index.php\/2021\/09\/24\/des-projets-artistiques-pour-celebrer-les-femmes-libres-et-engagees\/#webpage\",\"url\":\"https:\/\/mvt.mfr.fr\/index.php\/2021\/09\/24\/des-projets-artistiques-pour-celebrer-les-femmes-libres-et-engagees\/\",\"name\":\"Des projets artistiques pour c\\u00e9l\\u00e9brer les femmes libres et engag\\u00e9es - MVT\",\"isPartOf\":{\"@id\":\"https:\/\/mvt.mfr.fr\/#website\"},\"primaryImageOfPage\":{\"@id\":\"https:\/\/mvt.mfr.fr\/index.php\/2021\/09\/24\/des-projets-artistiques-pour-celebrer-les-femmes-libres-et-engagees\/#primaryimage\"},\"datePublished\":\"2021-09-24T16:33:18+00:00\",\"dateModified\":\"2021-11-19T10:37:51+00:00\",\"author\":{\"@id\":\"https:\/\/mvt.mfr.fr\/#\/schema\/person\/b269d29d0f14aa4ce8ee06173c9d52f1\"},\"breadcrumb\":{\"@id\":\"https:\/\/mvt.mfr.fr\/index.php\/2021\/09\/24\/des-projets-artistiques-pour-celebrer-les-femmes-libres-et-engagees\/#breadcrumb\"},\"inLanguage\":\"fr-FR\",\"potentialAction\":[{\"@type\":\"ReadAction\",\"target\":[\"https:\/\/mvt.mfr.fr\/index.php\/2021\/09\/24\/des-projets-artistiques-pour-celebrer-les-femmes-libres-et-engagees\/\"]}]},{\"@type\":\"BreadcrumbList\",\"@id\":\"https:\/\/mvt.mfr.fr\/index.php\/2021\/09\/24\/des-projets-artistiques-pour-celebrer-les-femmes-libres-et-engagees\/#breadcrumb\",\"itemListElement\":[{\"@type\":\"ListItem\",\"position\":1,\"name\":\"Accueil\",\"item\":\"https:\/\/mvt.mfr.fr\/\"},{\"@type\":\"ListItem\",\"position\":2,\"name\":\"Des projets artistiques pour c\\u00e9l\\u00e9brer les femmes libres et engag\\u00e9es\"}]},{\"@type\":\"Person\",\"@id\":\"https:\/\/mvt.mfr.fr\/#\/schema\/person\/b269d29d0f14aa4ce8ee06173c9d52f1\",\"name\":\"B\\u00e9atrice\",\"description\":\"Charg\\u00e9e de d\\u00e9veloppement \\u00e9ducatif, B\\u00e9atrice a \\u00e9t\\u00e9 monitrice puis directrice d\\u2019une MFR. Croyant en l\\u2019\\u00e9ducabilit\\u00e9 de chacun, \\u00e0 tous les \\u00e2ges, elle a \\u00e0 c\\u0153ur d\\u2019accompagner les \\u00e9quipes et les administrateurs dans l\\u2019objectif que chaque jeune accueilli en MFR puisse s\\u2019\\u00e9panouir et participer \\u00e0 la construction du monde de demain.\",\"url\":\"https:\/\/mvt.mfr.fr\/index.php\/author\/beatrice\/\"}]}<\/script>\n<!-- \/ Yoast SEO plugin. -->","yoast_head_json":{"robots":{"index":"index","follow":"follow","max-snippet":"max-snippet:-1","max-image-preview":"max-image-preview:large","max-video-preview":"max-video-preview:-1"},"canonical":"https:\/\/mvt.mfr.fr\/index.php\/2021\/09\/24\/des-projets-artistiques-pour-celebrer-les-femmes-libres-et-engagees\/","og_locale":"fr_FR","og_type":"article","og_title":"Des projets artistiques pour c\u00e9l\u00e9brer les femmes libres et engag\u00e9es","og_description":"Un Chant tahitien, un clip vid\u00e9o, une pi\u00e8ce de th\u00e9\u00e2tre\u2026 Les MFR de Vairao, de Beynac et de P\u00e9rigueux se sont engag\u00e9es dans des cr\u00e9ations artistiques sur l'\u00e9mancipation et la d\u00e9fense des droits des femmes.","og_url":"https:\/\/mvt.mfr.fr\/index.php\/2021\/09\/24\/des-projets-artistiques-pour-celebrer-les-femmes-libres-et-engagees\/","og_site_name":"MVT","article_published_time":"2021-09-24T16:33:18+00:00","article_modified_time":"2021-11-19T10:37:51+00:00","og_image":[{"width":1920,"height":1280,"url":"https:\/\/mvt.mfr.fr\/wp-content\/uploads\/2021\/09\/26.png","path":"\/var\/www\/clients\/client3\/web3\/web\/wp-content\/uploads\/2021\/09\/26.png","size":"full","id":"1767","alt":"","pixels":2457600,"type":"image\/png"}],"twitter_card":"summary_large_image","twitter_title":"Des projets artistiques pour c\u00e9l\u00e9brer les femmes libres et engag\u00e9es","twitter_description":"Un Chant tahitien, un clip vid\u00e9o, une pi\u00e8ce de th\u00e9\u00e2tre\u2026 Les MFR de Vairao, de Beynac et de P\u00e9rigueux se sont engag\u00e9es dans des cr\u00e9ations artistiques sur l'\u00e9mancipation et la d\u00e9fense des droits des femmes.","twitter_image":"https:\/\/mvt.mfr.fr\/wp-content\/uploads\/2021\/09\/26.png","twitter_misc":{"\u00c9crit par":"B\u00e9atrice","Dur\u00e9e de lecture est.":"4 minutes"},"schema":{"@context":"https:\/\/schema.org","@graph":[{"@type":"WebSite","@id":"https:\/\/mvt.mfr.fr\/#website","url":"https:\/\/mvt.mfr.fr\/","name":"MVT","description":"Le M\u00e9dia Vraiment Tout terrain","potentialAction":[{"@type":"SearchAction","target":{"@type":"EntryPoint","urlTemplate":"https:\/\/mvt.mfr.fr\/?s={search_term_string}"},"query-input":"required name=search_term_string"}],"inLanguage":"fr-FR"},{"@type":"ImageObject","@id":"https:\/\/mvt.mfr.fr\/index.php\/2021\/09\/24\/des-projets-artistiques-pour-celebrer-les-femmes-libres-et-engagees\/#primaryimage","inLanguage":"fr-FR","url":"https:\/\/mvt.mfr.fr\/wp-content\/uploads\/2021\/09\/26.png","contentUrl":"https:\/\/mvt.mfr.fr\/wp-content\/uploads\/2021\/09\/26.png","width":1920,"height":1280},{"@type":"WebPage","@id":"https:\/\/mvt.mfr.fr\/index.php\/2021\/09\/24\/des-projets-artistiques-pour-celebrer-les-femmes-libres-et-engagees\/#webpage","url":"https:\/\/mvt.mfr.fr\/index.php\/2021\/09\/24\/des-projets-artistiques-pour-celebrer-les-femmes-libres-et-engagees\/","name":"Des projets artistiques pour c\u00e9l\u00e9brer les femmes libres et engag\u00e9es - MVT","isPartOf":{"@id":"https:\/\/mvt.mfr.fr\/#website"},"primaryImageOfPage":{"@id":"https:\/\/mvt.mfr.fr\/index.php\/2021\/09\/24\/des-projets-artistiques-pour-celebrer-les-femmes-libres-et-engagees\/#primaryimage"},"datePublished":"2021-09-24T16:33:18+00:00","dateModified":"2021-11-19T10:37:51+00:00","author":{"@id":"https:\/\/mvt.mfr.fr\/#\/schema\/person\/b269d29d0f14aa4ce8ee06173c9d52f1"},"breadcrumb":{"@id":"https:\/\/mvt.mfr.fr\/index.php\/2021\/09\/24\/des-projets-artistiques-pour-celebrer-les-femmes-libres-et-engagees\/#breadcrumb"},"inLanguage":"fr-FR","potentialAction":[{"@type":"ReadAction","target":["https:\/\/mvt.mfr.fr\/index.php\/2021\/09\/24\/des-projets-artistiques-pour-celebrer-les-femmes-libres-et-engagees\/"]}]},{"@type":"BreadcrumbList","@id":"https:\/\/mvt.mfr.fr\/index.php\/2021\/09\/24\/des-projets-artistiques-pour-celebrer-les-femmes-libres-et-engagees\/#breadcrumb","itemListElement":[{"@type":"ListItem","position":1,"name":"Accueil","item":"https:\/\/mvt.mfr.fr\/"},{"@type":"ListItem","position":2,"name":"Des projets artistiques pour c\u00e9l\u00e9brer les femmes libres et engag\u00e9es"}]},{"@type":"Person","@id":"https:\/\/mvt.mfr.fr\/#\/schema\/person\/b269d29d0f14aa4ce8ee06173c9d52f1","name":"B\u00e9atrice","description":"Charg\u00e9e de d\u00e9veloppement \u00e9ducatif, B\u00e9atrice a \u00e9t\u00e9 monitrice puis directrice d\u2019une MFR. Croyant en l\u2019\u00e9ducabilit\u00e9 de chacun, \u00e0 tous les \u00e2ges, elle a \u00e0 c\u0153ur d\u2019accompagner les \u00e9quipes et les administrateurs dans l\u2019objectif que chaque jeune accueilli en MFR puisse s\u2019\u00e9panouir et participer \u00e0 la construction du monde de demain.","url":"https:\/\/mvt.mfr.fr\/index.php\/author\/beatrice\/"}]}},"jetpack_featured_media_url":"https:\/\/mvt.mfr.fr\/wp-content\/uploads\/2021\/09\/26.png","_links":{"self":[{"href":"https:\/\/mvt.mfr.fr\/index.php\/wp-json\/wp\/v2\/posts\/1751"}],"collection":[{"href":"https:\/\/mvt.mfr.fr\/index.php\/wp-json\/wp\/v2\/posts"}],"about":[{"href":"https:\/\/mvt.mfr.fr\/index.php\/wp-json\/wp\/v2\/types\/post"}],"author":[{"embeddable":true,"href":"https:\/\/mvt.mfr.fr\/index.php\/wp-json\/wp\/v2\/users\/3"}],"replies":[{"embeddable":true,"href":"https:\/\/mvt.mfr.fr\/index.php\/wp-json\/wp\/v2\/comments?post=1751"}],"version-history":[{"count":4,"href":"https:\/\/mvt.mfr.fr\/index.php\/wp-json\/wp\/v2\/posts\/1751\/revisions"}],"predecessor-version":[{"id":1777,"href":"https:\/\/mvt.mfr.fr\/index.php\/wp-json\/wp\/v2\/posts\/1751\/revisions\/1777"}],"wp:featuredmedia":[{"embeddable":true,"href":"https:\/\/mvt.mfr.fr\/index.php\/wp-json\/wp\/v2\/media\/1767"}],"wp:attachment":[{"href":"https:\/\/mvt.mfr.fr\/index.php\/wp-json\/wp\/v2\/media?parent=1751"}],"wp:term":[{"taxonomy":"category","embeddable":true,"href":"https:\/\/mvt.mfr.fr\/index.php\/wp-json\/wp\/v2\/categories?post=1751"},{"taxonomy":"post_tag","embeddable":true,"href":"https:\/\/mvt.mfr.fr\/index.php\/wp-json\/wp\/v2\/tags?post=1751"}],"curies":[{"name":"wp","href":"https:\/\/api.w.org\/{rel}","templated":true}]}}