{"id":1738,"date":"2021-09-16T17:56:27","date_gmt":"2021-09-16T15:56:27","guid":{"rendered":"https:\/\/mvt.mfr.fr\/?p=1738"},"modified":"2021-12-07T10:04:10","modified_gmt":"2021-12-07T09:04:10","slug":"creation-dune-mini-entreprise-pour-fabriquer-et-vendre-des-tote-bags-au-profit-dune-association","status":"publish","type":"post","link":"https:\/\/mvt.mfr.fr\/index.php\/2021\/09\/16\/creation-dune-mini-entreprise-pour-fabriquer-et-vendre-des-tote-bags-au-profit-dune-association\/","title":{"rendered":"Cr\u00e9ation d\u2019une mini-entreprise pour fabriquer et vendre des tote bags au profit d\u2019une association"},"content":{"rendered":"\n<p><strong>La classe de CAPA&nbsp;SAPVER 1<sup>re<\/sup>&nbsp;ann\u00e9e&nbsp;de la MFR de Pl\u00e9rin s\u2019est investie dans la cr\u00e9ation d\u2019une mini-entreprise. Les 21 \u00e9l\u00e8ves ont appris \u00e0 travailler ensemble, \u00e0 se conna\u00eetre, et \u00e0 mener de bout en bout la fabrication et la vente de plus de 180 tote bags.&nbsp;<\/strong><\/p>\n\n\n\n<h2><strong>Une br\u00e8ve histoire du projet&nbsp;<\/strong><\/h2>\n\n\n\n<p>La MFR de Pl\u00e9rin, dans les C\u00f4tes d\u2019Armor, avec l\u2019association \u00ab&nbsp;Entreprendre pour Apprendre&nbsp;\u00bb, a souhait\u00e9 proposer \u00e0 l\u2019une de ses classes de cr\u00e9er une mini-entreprise pour fabriquer et vendre un produit. Mais quel produit choisir ? Les 21 jeunes de la classe CAPA SAPVER, premi\u00e8re ann\u00e9e, se sont concert\u00e9s et ont exprim\u00e9 leur volont\u00e9&nbsp;: fabriquer un&nbsp;objet utile, s\u00e9rigraphi\u00e9, \u00e0 partir de tissus recycl\u00e9s, et vendu pas trop cher. Il \u00e9tait aussi important pour eux de voter chaque d\u00e9cision et de reverser les b\u00e9n\u00e9fices de leurs ventes \u00e0 une association solidaire. Mais quel objet choisir&nbsp;? Pourquoi ne pas confectionner un T-shirt&nbsp;? C\u2019est finalement l\u2019id\u00e9e du tote bag qui a \u00e9t\u00e9 retenue, plus simple \u00e0 r\u00e9aliser.&nbsp;Organis\u00e9e comme une entreprise, la classe a r\u00e9parti ses forces entre un atelier de production, un service communication et une \u00e9quipe de 8 vendeurs.&nbsp;<\/p>\n\n\n\n<blockquote class=\"wp-block-quote\"><p><strong>\u00ab Si tu ne veux pas polluer, ach\u00e8te un tote bag \u00bb<\/strong><\/p><\/blockquote>\n\n\n\n<p>Les \u00e9l\u00e8ves ont pris l\u2019initiative de d\u00e9velopper des partenariats avec plusieurs associations locales. Sensibilis\u00e9s aux enjeux de l\u2019\u00e9conomie circulaire, une antenne d\u2019Emma\u00fcs a \u00e9t\u00e9 contact\u00e9e pour fournir le tissu&nbsp;: des cartons de draps leur ont \u00e9t\u00e9 propos\u00e9s, 30 euros le tout. Ils ont sollicit\u00e9 une s\u00e9rigraphe de Saint-Brieuc qui a imagin\u00e9 le visuel \u00e0 partir du cahier des charges \u00e9tabli, et un slogan choisi \u00e0 l\u2019unanimit\u00e9&nbsp;:&nbsp;\u00ab Si tu ne veux pas polluer, ach\u00e8te un tote bag \u00bb.<\/p>\n\n\n\n<p>Ils ont aussi pris contact avec l\u2019association&nbsp;Barrez la diff\u00e9rence, qui lutte contre la discrimination li\u00e9e au handicap, avec le souhait de leur reverser le b\u00e9n\u00e9fice des ventes. Au total 180&nbsp;tote bags ont \u00e9t\u00e9 vendus, 5 euros pi\u00e8ce, \u00e0 la fois dans le r\u00e9seau familial et aupr\u00e8s des ma\u00eetres de stages, des \u00e9l\u00e8ves, et sur un stand du march\u00e9 local au sein de la MFR, lors de sa journ\u00e9e porte ouverte.&nbsp;<\/p>\n\n\n\n<h2><strong>Trois questions \u00e0 R\u00e9jane Guiguen, chef de projet<\/strong><\/h2>\n\n\n\n<blockquote class=\"wp-block-quote\"><p>\u00ab Il y a eu beaucoup du respect envers l\u2019autre. Chaque \u00e9l\u00e8ve devait avoir sa place dans ce projet.\u00bb<\/p><cite><strong>R\u00e9jane Guiguen, chef de projet<\/strong><\/cite><\/blockquote>\n\n\n\n<figure class=\"wp-block-image size-full\"><img loading=\"lazy\" width=\"677\" height=\"508\" src=\"data:image\/gif;base64,R0lGODlhAQABAAAAACH5BAEKAAEALAAAAAABAAEAAAICTAEAOw==\" alt=\"\" class=\"wp-image-1743 lazyload\" sizes=\"(max-width: 677px) 100vw, 677px\" data-src=\"https:\/\/mvt.mfr.fr\/wp-content\/uploads\/2021\/09\/rejane-guiguen-edited.png\" data-srcset=\"https:\/\/mvt.mfr.fr\/wp-content\/uploads\/2021\/09\/rejane-guiguen-edited.png 677w, https:\/\/mvt.mfr.fr\/wp-content\/uploads\/2021\/09\/rejane-guiguen-edited-300x225.png 300w, https:\/\/mvt.mfr.fr\/wp-content\/uploads\/2021\/09\/rejane-guiguen-edited-150x113.png 150w\"><\/figure>\n\n\n\n<h3><strong>De quelle fa\u00e7on ce projet a-t-il d\u00e9velopp\u00e9 la citoyennet\u00e9 des jeunes&nbsp;?&nbsp;<\/strong><\/h3>\n\n\n\n<p>Ce projet avait du sens pour ces jeunes amen\u00e9s \u00e0 effectuer des stages dans des commerces ou des structures d\u2019aides \u00e0 la personne.&nbsp;Ils se sont ouverts au territoire en d\u00e9couvrant notamment des associations solidaires. Ils ont \u00e9t\u00e9 sensibilis\u00e9s \u00e0 l\u2019\u00e9conomie circulaire.<\/p>\n\n\n\n<p>Chaque \u00e9tape du projet a \u00e9t\u00e9 vot\u00e9e par toute la classe.&nbsp;Les \u00e9l\u00e8ves ont d\u00fb prendre en compte les opinions diverses et accepter que leur id\u00e9e ne soit pas retenue pour faire avancer malgr\u00e9 tout le projet.&nbsp;Ils ont appris \u00e0 travailler en groupe, \u00e0 \u00eatre solidaires entre eux, \u00e0 se f\u00e9d\u00e9rer.&nbsp;Il y a eu beaucoup du respect envers l\u2019autre. Chaque \u00e9l\u00e8ve devait avoir sa place.&nbsp;<\/p>\n\n\n\n<p>Cet exercice leur a permis de changer de regard sur eux-m\u00eames. Par exemple, une jeune fille porteuse de syndromes autistiques a compl\u00e8tement particip\u00e9 au projet, du d\u00e9but \u00e0 la fin. Elle a impressionn\u00e9 ces camarades.&nbsp;<\/p>\n\n\n\n<h3><strong>Comment les jeunes se sont-ils impliqu\u00e9s dans le projet&nbsp;?&nbsp;<\/strong><\/h3>\n\n\n\n<p>Au sein de la MFR, nous avons l\u2019habitude d\u2019initier&nbsp;diff\u00e9rentes actions \u00e0 vocations sociale, culturelles et humanitaires, mais c\u2019\u00e9tait la premi\u00e8re fois que nous mettions en place un projet avec une dimension entrepreneuriale. Les 21 \u00e9l\u00e8ves de la classe ont \u00e9t\u00e9 imm\u00e9diatement enthousiastes \u00e0 l\u2019id\u00e9e de cr\u00e9er une mini-entreprise, beaucoup d\u2019id\u00e9es ont germ\u00e9\u2026<\/p>\n\n\n\n<p>Ils ont appris ce qu\u2019\u00e9tait un budget, \u00e0 fixer un prix, \u00e0 faire la diff\u00e9rence entre un b\u00e9n\u00e9ficie et un chiffre d\u2019affaires\u2026 Ils ne pensaient pas que c\u2019\u00e9tait aussi compliqu\u00e9 de cr\u00e9er un produit&nbsp;! Ils sont fiers d\u2019\u00eatre all\u00e9s jusqu\u2019au bout de l\u2019aventure. Ils avaient \u00e0 c\u0153ur de terminer les sacs et de les vendre. Ca n\u2019a pas \u00e9t\u00e9 simple avec le confinement. Il a fallu \u00eatre tenace, ne pas l\u00e2cher.&nbsp;<\/p>\n\n\n\n<h3><strong>Vous \u00eates \u00e0 la fois directrice de la MFR et formatrice en fran\u00e7ais, vous avez pilot\u00e9 ce projet\u2026 En quoi a-t-il \u00e9t\u00e9 important pour la MFR&nbsp;de Pl\u00e9rin ?&nbsp;<\/strong><\/h3>\n\n\n\n<p>Cette aventure permet de voir les jeunes autrement. Jamais je n\u2019aurais pu deviner que certains \u00e9l\u00e8ves soient moteurs ou expriment&nbsp;de r\u00e9elles comp\u00e9tences, que ce soit en couture ou en s\u00e9rigraphie, en vente, en communication&#8230;&nbsp;En tant que formateur, ce sont des leviers \u00e0 utiliser pour construire les parcours de formation. Ce projet a permis aussi \u00e0 la classe de participer au Festival des mini-entreprises 2021, organis\u00e9 par l\u2019association Entreprendre pour Apprendre. Les \u00e9l\u00e8ves devaient r\u00e9aliser un petit film de 4 minutes pour expliquer leur projet&nbsp;: ils ont film\u00e9 avec leurs portables et r\u00e9alis\u00e9 le montage. Ils \u00e9taient moteurs et plus comp\u00e9tents que moi&nbsp;! Cette mini-entreprise a \u00e9t\u00e9 l\u2019occasion d\u2019un partage d\u2019exp\u00e9riences. Nous avons appris des jeunes.<\/p>\n\n\n\n<p>Aussi, les partenariats avec plusieurs associations locales changent nos habitudes et permet \u00e0 la MFR de rayonner sur son territoire. Par exemple avec Emma\u00fcs, c\u2019est le d\u00e9but d\u2019une aventure pour d\u2019autres projets. Gr\u00e2ce \u00e0 la publication d\u2019articles dans la presse locale, ce projet insuffle une autre image de la MFR et des jeunes, reconnus pour leurs comp\u00e9tences.&nbsp;<\/p>\n\n\n\n<h2><strong>Ils se sont investis dans le projet&nbsp;!<\/strong><\/h2>\n\n\n\n<p><strong>T\u00e9moignage crois\u00e9 avec David&nbsp;&amp; Candice&nbsp;:&nbsp;\u00ab&nbsp;Nous avons mis nos probl\u00e8mes de c\u00f4t\u00e9 pour aller jusqu\u2019au bout de l\u2019aventure&nbsp;\u00bb<\/strong><\/p>\n\n\n\n<p>\u00ab&nbsp;Ce projet nous a permis de mieux nous conna\u00eetre, en d\u00e9couvrant nos qualit\u00e9s et nos d\u00e9fauts. Nous avons mis nos probl\u00e8mes de c\u00f4t\u00e9 pour aller jusqu\u2019au bout de l\u2019aventure. Le fait de verser les b\u00e9n\u00e9fices \u00e0 une association qui se bat pour les personnes en situation d\u2019handicap&nbsp;&nbsp;nous a encore plus motiv\u00e9. On n&rsquo;avait pas droit \u00e0 l\u2019erreur. Nous \u00e9tions tous concentr\u00e9s et plus rigoureux pour s\u00e9rigraphier les totes bags. Et dans les moments difficiles, nous \u00e9changions beaucoup. On s\u2019est tous soud\u00e9s&nbsp;! Il y avait de l\u2019\u00e9coute et de la tol\u00e9rance.<\/p>\n\n\n\n<p>Nous avons par exemple \u00e9t\u00e9 impressionn\u00e9s par Coralie, une camarade de classe qui s\u2019est r\u00e9v\u00e9l\u00e9e en cousant 40 sacs. Auparavant, elle \u00e9tait discr\u00e8te, timide, on \u00e9tait loin d\u2019imaginer qu\u2019elle pouvait avoir ce don en couture. Depuis, Coralie s\u2019est compl\u00e8tement int\u00e9gr\u00e9e \u00e0 la classe. De m\u00eame avec Julie,&nbsp;&nbsp;jeune fille qui souffre de troubles du spectre de l\u2019autisme), lorsque nous avons r\u00e9alis\u00e9 une vid\u00e9o pour pr\u00e9senter le projet, nous \u00e9tions quatre \u00e0 le faire, c\u2019est la seule qui a fait une seule prise&nbsp;! Elle \u00e9tait en confiance. Des amiti\u00e9s se sont cr\u00e9\u00e9es. Il y a d\u00e9sormais beaucoup plus de respect entre nous. On se parle sans se crier dessus&nbsp;!&nbsp;\u00bb<\/p>\n\n\n\n<p><\/p>\n\n\n\n<hr class=\"wp-block-separator\"\/>\n\n\n\n<div class=\"wp-block-image\"><figure class=\"alignleft size-medium\"><img loading=\"lazy\" width=\"300\" height=\"133\" src=\"data:image\/gif;base64,R0lGODlhAQABAAAAACH5BAEKAAEALAAAAAABAAEAAAICTAEAOw==\" alt=\"\" class=\"wp-image-1746 lazyload\" sizes=\"(max-width: 300px) 100vw, 300px\" data-src=\"https:\/\/mvt.mfr.fr\/wp-content\/uploads\/2021\/09\/1920px-AFD_logo.svg-300x133.png\" data-srcset=\"https:\/\/mvt.mfr.fr\/wp-content\/uploads\/2021\/09\/1920px-AFD_logo.svg-300x133.png 300w, https:\/\/mvt.mfr.fr\/wp-content\/uploads\/2021\/09\/1920px-AFD_logo.svg-1024x453.png 1024w, https:\/\/mvt.mfr.fr\/wp-content\/uploads\/2021\/09\/1920px-AFD_logo.svg-768x340.png 768w, https:\/\/mvt.mfr.fr\/wp-content\/uploads\/2021\/09\/1920px-AFD_logo.svg-1536x679.png 1536w, https:\/\/mvt.mfr.fr\/wp-content\/uploads\/2021\/09\/1920px-AFD_logo.svg-150x66.png 150w, https:\/\/mvt.mfr.fr\/wp-content\/uploads\/2021\/09\/1920px-AFD_logo.svg-696x308.png 696w, https:\/\/mvt.mfr.fr\/wp-content\/uploads\/2021\/09\/1920px-AFD_logo.svg-1068x472.png 1068w, https:\/\/mvt.mfr.fr\/wp-content\/uploads\/2021\/09\/1920px-AFD_logo.svg.png 1920w\"><\/figure><\/div>\n\n\n\n<p><\/p>\n\n\n\n<p><\/p>\n\n\n\n<p><\/p>\n","protected":false},"excerpt":{"rendered":"<p>La classe de CAPA\u00a0SAPVER 1re\u00a0ann\u00e9e\u00a0de la MFR de Pl\u00e9rin s\u2019est investie dans la cr\u00e9ation d\u2019une mini-entreprise. Les 21 \u00e9l\u00e8ves ont appris \u00e0 travailler ensemble, \u00e0 se conna\u00eetre, et \u00e0 mener de bout en bout la fabrication et la vente de plus de 180 tote bags.\u00a0<\/p>\n","protected":false},"author":3,"featured_media":1740,"comment_status":"closed","ping_status":"open","sticky":false,"template":"","format":"standard","meta":{"inline_featured_image":false,"spay_email":""},"categories":[12],"tags":[962,1101,1098,1100],"yoast_head":"<!-- This site is optimized with the Yoast SEO plugin v17.1 - https:\/\/yoast.com\/wordpress\/plugins\/seo\/ -->\n<meta name=\"description\" content=\"La classe de CAPA\u00a0SAPVER 1re\u00a0ann\u00e9e\u00a0de la MFR de Pl\u00e9rin s\u2019est investie dans la cr\u00e9ation d\u2019une mini-entreprise. Les 21 \u00e9l\u00e8ves ont appris \u00e0 travailler ensemble, \u00e0 se conna\u00eetre, et \u00e0 mener de bout en bout la fabrication et la vente de plus de 180 tote bags.\u00a0\" \/>\n<meta name=\"robots\" content=\"index, follow, max-snippet:-1, max-image-preview:large, max-video-preview:-1\" \/>\n<link rel=\"canonical\" href=\"https:\/\/mvt.mfr.fr\/index.php\/2021\/09\/16\/creation-dune-mini-entreprise-pour-fabriquer-et-vendre-des-tote-bags-au-profit-dune-association\/\" \/>\n<meta property=\"og:locale\" content=\"fr_FR\" \/>\n<meta property=\"og:type\" content=\"article\" \/>\n<meta property=\"og:title\" content=\"Cr\u00e9ation d\u2019une mini-entreprise pour fabriquer et vendre des tote bags au profit d\u2019une association\" \/>\n<meta property=\"og:description\" content=\"La classe de CAPA\u00a0SAPVER 1re\u00a0ann\u00e9e\u00a0de la MFR de Pl\u00e9rin s\u2019est investie dans la cr\u00e9ation d\u2019une mini-entreprise. Les 21 \u00e9l\u00e8ves ont appris \u00e0 travailler ensemble, \u00e0 se conna\u00eetre, et \u00e0 mener de bout en bout la fabrication et la vente de plus de 180 tote bags.\u00a0\" \/>\n<meta property=\"og:url\" content=\"https:\/\/mvt.mfr.fr\/index.php\/2021\/09\/16\/creation-dune-mini-entreprise-pour-fabriquer-et-vendre-des-tote-bags-au-profit-dune-association\/\" \/>\n<meta property=\"og:site_name\" content=\"MVT\" \/>\n<meta property=\"article:published_time\" content=\"2021-09-16T15:56:27+00:00\" \/>\n<meta property=\"article:modified_time\" content=\"2021-12-07T09:04:10+00:00\" \/>\n<meta property=\"og:image\" content=\"https:\/\/mvt.mfr.fr\/wp-content\/uploads\/2021\/09\/banner_site_MVT-3.png\" \/>\n\t<meta property=\"og:image:width\" content=\"1920\" \/>\n\t<meta property=\"og:image:height\" content=\"1280\" \/>\n<meta name=\"twitter:card\" content=\"summary_large_image\" \/>\n<meta name=\"twitter:title\" content=\"Cr\u00e9ation d\u2019une mini-entreprise pour fabriquer et vendre des tote bags au profit d\u2019une association\" \/>\n<meta name=\"twitter:description\" content=\"La classe de CAPA\u00a0SAPVER 1re\u00a0ann\u00e9e\u00a0de la MFR de Pl\u00e9rin s\u2019est investie dans la cr\u00e9ation d\u2019une mini-entreprise. Les 21 \u00e9l\u00e8ves ont appris \u00e0 travailler ensemble, \u00e0 se conna\u00eetre, et \u00e0 mener de bout en bout la fabrication et la vente de plus de 180 tote bags.\u00a0\" \/>\n<meta name=\"twitter:image\" content=\"https:\/\/mvt.mfr.fr\/wp-content\/uploads\/2021\/09\/banner_site_MVT-3.png\" \/>\n<meta name=\"twitter:label1\" content=\"\u00c9crit par\" \/>\n\t<meta name=\"twitter:data1\" content=\"B\u00e9atrice\" \/>\n\t<meta name=\"twitter:label2\" content=\"Dur\u00e9e de lecture est.\" \/>\n\t<meta name=\"twitter:data2\" content=\"6 minutes\" \/>\n<script type=\"application\/ld+json\" class=\"yoast-schema-graph\">{\"@context\":\"https:\/\/schema.org\",\"@graph\":[{\"@type\":\"WebSite\",\"@id\":\"https:\/\/mvt.mfr.fr\/#website\",\"url\":\"https:\/\/mvt.mfr.fr\/\",\"name\":\"MVT\",\"description\":\"Le M\\u00e9dia Vraiment Tout terrain\",\"potentialAction\":[{\"@type\":\"SearchAction\",\"target\":{\"@type\":\"EntryPoint\",\"urlTemplate\":\"https:\/\/mvt.mfr.fr\/?s={search_term_string}\"},\"query-input\":\"required name=search_term_string\"}],\"inLanguage\":\"fr-FR\"},{\"@type\":\"ImageObject\",\"@id\":\"https:\/\/mvt.mfr.fr\/index.php\/2021\/09\/16\/creation-dune-mini-entreprise-pour-fabriquer-et-vendre-des-tote-bags-au-profit-dune-association\/#primaryimage\",\"inLanguage\":\"fr-FR\",\"url\":\"https:\/\/mvt.mfr.fr\/wp-content\/uploads\/2021\/09\/banner_site_MVT-3.png\",\"contentUrl\":\"https:\/\/mvt.mfr.fr\/wp-content\/uploads\/2021\/09\/banner_site_MVT-3.png\",\"width\":1920,\"height\":1280},{\"@type\":\"WebPage\",\"@id\":\"https:\/\/mvt.mfr.fr\/index.php\/2021\/09\/16\/creation-dune-mini-entreprise-pour-fabriquer-et-vendre-des-tote-bags-au-profit-dune-association\/#webpage\",\"url\":\"https:\/\/mvt.mfr.fr\/index.php\/2021\/09\/16\/creation-dune-mini-entreprise-pour-fabriquer-et-vendre-des-tote-bags-au-profit-dune-association\/\",\"name\":\"Cr\\u00e9ation d\\u2019une mini-entreprise pour fabriquer et vendre des tote bags au profit d\\u2019une association - MVT\",\"isPartOf\":{\"@id\":\"https:\/\/mvt.mfr.fr\/#website\"},\"primaryImageOfPage\":{\"@id\":\"https:\/\/mvt.mfr.fr\/index.php\/2021\/09\/16\/creation-dune-mini-entreprise-pour-fabriquer-et-vendre-des-tote-bags-au-profit-dune-association\/#primaryimage\"},\"datePublished\":\"2021-09-16T15:56:27+00:00\",\"dateModified\":\"2021-12-07T09:04:10+00:00\",\"author\":{\"@id\":\"https:\/\/mvt.mfr.fr\/#\/schema\/person\/b269d29d0f14aa4ce8ee06173c9d52f1\"},\"description\":\"La classe de CAPA\\u00a0SAPVER 1re\\u00a0ann\\u00e9e\\u00a0de la MFR de Pl\\u00e9rin s\\u2019est investie dans la cr\\u00e9ation d\\u2019une mini-entreprise. Les 21 \\u00e9l\\u00e8ves ont appris \\u00e0 travailler ensemble, \\u00e0 se conna\\u00eetre, et \\u00e0 mener de bout en bout la fabrication et la vente de plus de 180 tote bags.\\u00a0\",\"breadcrumb\":{\"@id\":\"https:\/\/mvt.mfr.fr\/index.php\/2021\/09\/16\/creation-dune-mini-entreprise-pour-fabriquer-et-vendre-des-tote-bags-au-profit-dune-association\/#breadcrumb\"},\"inLanguage\":\"fr-FR\",\"potentialAction\":[{\"@type\":\"ReadAction\",\"target\":[\"https:\/\/mvt.mfr.fr\/index.php\/2021\/09\/16\/creation-dune-mini-entreprise-pour-fabriquer-et-vendre-des-tote-bags-au-profit-dune-association\/\"]}]},{\"@type\":\"BreadcrumbList\",\"@id\":\"https:\/\/mvt.mfr.fr\/index.php\/2021\/09\/16\/creation-dune-mini-entreprise-pour-fabriquer-et-vendre-des-tote-bags-au-profit-dune-association\/#breadcrumb\",\"itemListElement\":[{\"@type\":\"ListItem\",\"position\":1,\"name\":\"Accueil\",\"item\":\"https:\/\/mvt.mfr.fr\/\"},{\"@type\":\"ListItem\",\"position\":2,\"name\":\"Cr\\u00e9ation d\\u2019une mini-entreprise pour fabriquer et vendre des tote bags au profit d\\u2019une association\"}]},{\"@type\":\"Person\",\"@id\":\"https:\/\/mvt.mfr.fr\/#\/schema\/person\/b269d29d0f14aa4ce8ee06173c9d52f1\",\"name\":\"B\\u00e9atrice\",\"description\":\"Charg\\u00e9e de d\\u00e9veloppement \\u00e9ducatif, B\\u00e9atrice a \\u00e9t\\u00e9 monitrice puis directrice d\\u2019une MFR. Croyant en l\\u2019\\u00e9ducabilit\\u00e9 de chacun, \\u00e0 tous les \\u00e2ges, elle a \\u00e0 c\\u0153ur d\\u2019accompagner les \\u00e9quipes et les administrateurs dans l\\u2019objectif que chaque jeune accueilli en MFR puisse s\\u2019\\u00e9panouir et participer \\u00e0 la construction du monde de demain.\",\"url\":\"https:\/\/mvt.mfr.fr\/index.php\/author\/beatrice\/\"}]}<\/script>\n<!-- \/ Yoast SEO plugin. -->","yoast_head_json":{"description":"La classe de CAPA\u00a0SAPVER 1re\u00a0ann\u00e9e\u00a0de la MFR de Pl\u00e9rin s\u2019est investie dans la cr\u00e9ation d\u2019une mini-entreprise. Les 21 \u00e9l\u00e8ves ont appris \u00e0 travailler ensemble, \u00e0 se conna\u00eetre, et \u00e0 mener de bout en bout la fabrication et la vente de plus de 180 tote bags.\u00a0","robots":{"index":"index","follow":"follow","max-snippet":"max-snippet:-1","max-image-preview":"max-image-preview:large","max-video-preview":"max-video-preview:-1"},"canonical":"https:\/\/mvt.mfr.fr\/index.php\/2021\/09\/16\/creation-dune-mini-entreprise-pour-fabriquer-et-vendre-des-tote-bags-au-profit-dune-association\/","og_locale":"fr_FR","og_type":"article","og_title":"Cr\u00e9ation d\u2019une mini-entreprise pour fabriquer et vendre des tote bags au profit d\u2019une association","og_description":"La classe de CAPA\u00a0SAPVER 1re\u00a0ann\u00e9e\u00a0de la MFR de Pl\u00e9rin s\u2019est investie dans la cr\u00e9ation d\u2019une mini-entreprise. Les 21 \u00e9l\u00e8ves ont appris \u00e0 travailler ensemble, \u00e0 se conna\u00eetre, et \u00e0 mener de bout en bout la fabrication et la vente de plus de 180 tote bags.\u00a0","og_url":"https:\/\/mvt.mfr.fr\/index.php\/2021\/09\/16\/creation-dune-mini-entreprise-pour-fabriquer-et-vendre-des-tote-bags-au-profit-dune-association\/","og_site_name":"MVT","article_published_time":"2021-09-16T15:56:27+00:00","article_modified_time":"2021-12-07T09:04:10+00:00","og_image":[{"width":1920,"height":1280,"url":"https:\/\/mvt.mfr.fr\/wp-content\/uploads\/2021\/09\/banner_site_MVT-3.png","path":"\/var\/www\/clients\/client3\/web3\/web\/wp-content\/uploads\/2021\/09\/banner_site_MVT-3.png","size":"full","id":"1740","alt":"","pixels":2457600,"type":"image\/png"}],"twitter_card":"summary_large_image","twitter_title":"Cr\u00e9ation d\u2019une mini-entreprise pour fabriquer et vendre des tote bags au profit d\u2019une association","twitter_description":"La classe de CAPA\u00a0SAPVER 1re\u00a0ann\u00e9e\u00a0de la MFR de Pl\u00e9rin s\u2019est investie dans la cr\u00e9ation d\u2019une mini-entreprise. Les 21 \u00e9l\u00e8ves ont appris \u00e0 travailler ensemble, \u00e0 se conna\u00eetre, et \u00e0 mener de bout en bout la fabrication et la vente de plus de 180 tote bags.\u00a0","twitter_image":"https:\/\/mvt.mfr.fr\/wp-content\/uploads\/2021\/09\/banner_site_MVT-3.png","twitter_misc":{"\u00c9crit par":"B\u00e9atrice","Dur\u00e9e de lecture est.":"6 minutes"},"schema":{"@context":"https:\/\/schema.org","@graph":[{"@type":"WebSite","@id":"https:\/\/mvt.mfr.fr\/#website","url":"https:\/\/mvt.mfr.fr\/","name":"MVT","description":"Le M\u00e9dia Vraiment Tout terrain","potentialAction":[{"@type":"SearchAction","target":{"@type":"EntryPoint","urlTemplate":"https:\/\/mvt.mfr.fr\/?s={search_term_string}"},"query-input":"required name=search_term_string"}],"inLanguage":"fr-FR"},{"@type":"ImageObject","@id":"https:\/\/mvt.mfr.fr\/index.php\/2021\/09\/16\/creation-dune-mini-entreprise-pour-fabriquer-et-vendre-des-tote-bags-au-profit-dune-association\/#primaryimage","inLanguage":"fr-FR","url":"https:\/\/mvt.mfr.fr\/wp-content\/uploads\/2021\/09\/banner_site_MVT-3.png","contentUrl":"https:\/\/mvt.mfr.fr\/wp-content\/uploads\/2021\/09\/banner_site_MVT-3.png","width":1920,"height":1280},{"@type":"WebPage","@id":"https:\/\/mvt.mfr.fr\/index.php\/2021\/09\/16\/creation-dune-mini-entreprise-pour-fabriquer-et-vendre-des-tote-bags-au-profit-dune-association\/#webpage","url":"https:\/\/mvt.mfr.fr\/index.php\/2021\/09\/16\/creation-dune-mini-entreprise-pour-fabriquer-et-vendre-des-tote-bags-au-profit-dune-association\/","name":"Cr\u00e9ation d\u2019une mini-entreprise pour fabriquer et vendre des tote bags au profit d\u2019une association - MVT","isPartOf":{"@id":"https:\/\/mvt.mfr.fr\/#website"},"primaryImageOfPage":{"@id":"https:\/\/mvt.mfr.fr\/index.php\/2021\/09\/16\/creation-dune-mini-entreprise-pour-fabriquer-et-vendre-des-tote-bags-au-profit-dune-association\/#primaryimage"},"datePublished":"2021-09-16T15:56:27+00:00","dateModified":"2021-12-07T09:04:10+00:00","author":{"@id":"https:\/\/mvt.mfr.fr\/#\/schema\/person\/b269d29d0f14aa4ce8ee06173c9d52f1"},"description":"La classe de CAPA\u00a0SAPVER 1re\u00a0ann\u00e9e\u00a0de la MFR de Pl\u00e9rin s\u2019est investie dans la cr\u00e9ation d\u2019une mini-entreprise. Les 21 \u00e9l\u00e8ves ont appris \u00e0 travailler ensemble, \u00e0 se conna\u00eetre, et \u00e0 mener de bout en bout la fabrication et la vente de plus de 180 tote bags.\u00a0","breadcrumb":{"@id":"https:\/\/mvt.mfr.fr\/index.php\/2021\/09\/16\/creation-dune-mini-entreprise-pour-fabriquer-et-vendre-des-tote-bags-au-profit-dune-association\/#breadcrumb"},"inLanguage":"fr-FR","potentialAction":[{"@type":"ReadAction","target":["https:\/\/mvt.mfr.fr\/index.php\/2021\/09\/16\/creation-dune-mini-entreprise-pour-fabriquer-et-vendre-des-tote-bags-au-profit-dune-association\/"]}]},{"@type":"BreadcrumbList","@id":"https:\/\/mvt.mfr.fr\/index.php\/2021\/09\/16\/creation-dune-mini-entreprise-pour-fabriquer-et-vendre-des-tote-bags-au-profit-dune-association\/#breadcrumb","itemListElement":[{"@type":"ListItem","position":1,"name":"Accueil","item":"https:\/\/mvt.mfr.fr\/"},{"@type":"ListItem","position":2,"name":"Cr\u00e9ation d\u2019une mini-entreprise pour fabriquer et vendre des tote bags au profit d\u2019une association"}]},{"@type":"Person","@id":"https:\/\/mvt.mfr.fr\/#\/schema\/person\/b269d29d0f14aa4ce8ee06173c9d52f1","name":"B\u00e9atrice","description":"Charg\u00e9e de d\u00e9veloppement \u00e9ducatif, B\u00e9atrice a \u00e9t\u00e9 monitrice puis directrice d\u2019une MFR. Croyant en l\u2019\u00e9ducabilit\u00e9 de chacun, \u00e0 tous les \u00e2ges, elle a \u00e0 c\u0153ur d\u2019accompagner les \u00e9quipes et les administrateurs dans l\u2019objectif que chaque jeune accueilli en MFR puisse s\u2019\u00e9panouir et participer \u00e0 la construction du monde de demain.","url":"https:\/\/mvt.mfr.fr\/index.php\/author\/beatrice\/"}]}},"jetpack_featured_media_url":"https:\/\/mvt.mfr.fr\/wp-content\/uploads\/2021\/09\/banner_site_MVT-3.png","_links":{"self":[{"href":"https:\/\/mvt.mfr.fr\/index.php\/wp-json\/wp\/v2\/posts\/1738"}],"collection":[{"href":"https:\/\/mvt.mfr.fr\/index.php\/wp-json\/wp\/v2\/posts"}],"about":[{"href":"https:\/\/mvt.mfr.fr\/index.php\/wp-json\/wp\/v2\/types\/post"}],"author":[{"embeddable":true,"href":"https:\/\/mvt.mfr.fr\/index.php\/wp-json\/wp\/v2\/users\/3"}],"replies":[{"embeddable":true,"href":"https:\/\/mvt.mfr.fr\/index.php\/wp-json\/wp\/v2\/comments?post=1738"}],"version-history":[{"count":6,"href":"https:\/\/mvt.mfr.fr\/index.php\/wp-json\/wp\/v2\/posts\/1738\/revisions"}],"predecessor-version":[{"id":1929,"href":"https:\/\/mvt.mfr.fr\/index.php\/wp-json\/wp\/v2\/posts\/1738\/revisions\/1929"}],"wp:featuredmedia":[{"embeddable":true,"href":"https:\/\/mvt.mfr.fr\/index.php\/wp-json\/wp\/v2\/media\/1740"}],"wp:attachment":[{"href":"https:\/\/mvt.mfr.fr\/index.php\/wp-json\/wp\/v2\/media?parent=1738"}],"wp:term":[{"taxonomy":"category","embeddable":true,"href":"https:\/\/mvt.mfr.fr\/index.php\/wp-json\/wp\/v2\/categories?post=1738"},{"taxonomy":"post_tag","embeddable":true,"href":"https:\/\/mvt.mfr.fr\/index.php\/wp-json\/wp\/v2\/tags?post=1738"}],"curies":[{"name":"wp","href":"https:\/\/api.w.org\/{rel}","templated":true}]}}