{"id":1734,"date":"2021-09-16T17:44:32","date_gmt":"2021-09-16T15:44:32","guid":{"rendered":"https:\/\/mvt.mfr.fr\/?p=1734"},"modified":"2021-09-17T15:20:42","modified_gmt":"2021-09-17T13:20:42","slug":"une-journee-handisport-pour-lutter-contre-les-discriminations-et-favoriser-lecole-inclusive","status":"publish","type":"post","link":"https:\/\/mvt.mfr.fr\/index.php\/2021\/09\/16\/une-journee-handisport-pour-lutter-contre-les-discriminations-et-favoriser-lecole-inclusive\/","title":{"rendered":"Une journ\u00e9e handisport pour lutter contre les discriminations et favoriser l\u2019\u00e9cole inclusive"},"content":{"rendered":"\n<p><strong>La MFR de Rumengol (Finist\u00e8re) a organis\u00e9 une journ\u00e9e de sensibilisation Handisport avec des temps d\u2019information, d\u2019\u00e9changes, et de pratiques sportives.<\/strong><\/p>\n\n\n\n<h2>Une br\u00e8ve histoire du projet<\/h2>\n\n\n\n<p>La journ\u00e9e handisport qui s\u2019est d\u00e9roul\u00e9e le 12 janvier 2021 s\u2019inscrit dans une action globale men\u00e9e par la MFR de Rumengol pour assurer l\u2019inclusion dans le respect de la singularit\u00e9 de chacun. C\u2019est dans cet esprit qu\u2019un formateur d\u2019EPS et la responsable de la classe de seconde BAC Pro TCV (technicien conseil vente) ont propos\u00e9 le projet d\u2019une journ\u00e9e Handisport, avec des temps d\u2019\u00e9changes et des ateliers pratiques. Le projet s\u2019est r\u00e9alis\u00e9 en lien avec l\u2019association Handisport Cornouailles Quimper.<\/p>\n\n\n\n<h3>Une mise en situation de handicap<\/h3>\n\n\n\n<p>L\u2019\u00e9v\u00e8nement a d\u00e9but\u00e9 par une s\u00e9quence d\u2019information pour comprendre le handicap et la diff\u00e9rence entre le handisport (pour les personnes ayant un handicap physique) et le sport adapt\u00e9 (pour les personnes souffrant de troubles psychique ou cognitifs). <\/p>\n\n\n\n<p>Ensuite, Florence Le D\u00e9on, licenci\u00e9e \u00e0 Quimper en volley assis et basket fauteuil est intervenue dans la classe pour pr\u00e9senter son parcours. La matin\u00e9e s\u2019est termin\u00e9e par une mise en situation de handicap ou chaque \u00e9l\u00e8ve a pu d\u00e9couvrir \u00e0 tour de r\u00f4le trois sports&nbsp;: le para badminton, le Handibasket, et le parcours moteur en situation de c\u00e9cit\u00e9.<\/p>\n\n\n\n<p>L\u2019apr\u00e8s-midi a d\u00e9marr\u00e9 avec une exposition de photos des jeunes \u00e0 mobilit\u00e9 r\u00e9duite pratiquant des sports. Les jeunes ont rempli une grille de lecture de l\u2019exposition leur permettant de faire un bilan \u00e9crit et oral de l\u2019exp\u00e9rience. La directrice de la MFR a souhait\u00e9 mener un \u00e9change avec la classe de terminale Bac Pro TCV, puis un d\u00e9bat avec la classe de BTSa Technico-Commercial sur le th\u00e8me&nbsp;: est-ce que c\u2019est juste qu\u2019un jeune en situation de handicap b\u00e9n\u00e9ficie de plus de temps pour faire les contr\u00f4les ou examens&nbsp;?<\/p>\n\n\n\n<h2>Trois questions \u00e0 Joanna Bryant, directrice de la MFR de Rumengol<\/h2>\n\n\n\n<blockquote class=\"wp-block-quote\"><p>\u00ab&nbsp;L\u2019\u00e9cole inclusive au sein de la MFR est un sujet de discussion et de pr\u00e9occupation permanent&nbsp;\u00bb<\/p><cite>Joanna Bryant, directrice de la MFR de Rumengol<\/cite><\/blockquote>\n\n\n\n<h3>Quelle \u00e9tait l\u2019ambition de la MFR en organisant cette journ\u00e9e handisport&nbsp;?<\/h3>\n\n\n\n<p>\u00c0 mon arriv\u00e9e en 2018 dans la MFR de Rumengol, j\u2019ai souhait\u00e9 mettre en place la d\u00e9marche de l\u2019\u00e9cole inclusive. C\u2019est inscrit dans le projet d\u2019association depuis 2019-2023. Il y a d\u00e9sormais un r\u00e9f\u00e9rent handicap au sein de l\u2019\u00e9quipe \u00e9ducative, et le conseil d\u2019administration. Nous travaillons sur la compr\u00e9hension de ce qu\u2019est l\u2019inclusion.<\/p>\n\n\n\n<p>Trop souvent, quand on parle de situation de handicap, nous pensons \u00e0 une personne en fauteuil roulant, \u00e7a peut aussi \u00eatre une personne atteinte d\u2019une grave allergie alimentaire, ou qui est dyspraxique, dyslexique ou malentendante. Ainsi, nous adaptons les formations selon les besoins. Cette journ\u00e9e Handisport \u00e9tait particuli\u00e8rement importante pour cette classe de seconde qui se pr\u00e9pare aux m\u00e9tiers de la vente. Il est essentiel que de futurs vendeurs soient sensibilis\u00e9s aux besoins des personnes en situation de handicap.<\/p>\n\n\n\n<h3>Comment les jeunes ont v\u00e9cu cette journ\u00e9e handisport&nbsp;?<\/h3>\n\n\n\n<p>Dans cette classe de seconde, 25% des \u00e9l\u00e8ves sont confront\u00e9s \u00e0 des troubles d\u2019apprentissage ou \u00e0 un handicap physique. Pour ces jeunes, \u00e7a leur a donn\u00e9 de la confiance pour parler de leur d\u00e9fis. Par exemple, un jeune dyslexique m\u2019a dit qu\u2019il se sentait moins isol\u00e9. Le handicap n\u2019est plus tabou.<\/p>\n\n\n\n<p>Cette journ\u00e9e a permis de mettre les choses dans la lumi\u00e8re, et d\u2019expliquer qu\u2019il n\u2019y pas aucune honte ou crainte \u00e0 avoir. Depuis, les \u00e9l\u00e8ves se respectent et s\u2019\u00e9coutent, il y a une belle fraternit\u00e9 qui s\u2019est cr\u00e9\u00e9e, les petites moqueries ici o\u00f9 l\u00e0 n\u2019existent plus.<\/p>\n\n\n\n<h3>Quel bilan faites-vous de cette journ\u00e9e Handisport pour la MFR&nbsp;de Rumengol ?<\/h3>\n\n\n\n<p>Cette journ\u00e9e s\u2019est r\u00e9v\u00e9l\u00e9e positive \u00e0 plusieurs titres. Elle a permis \u00e0 la fois de sensibiliser trois classes d\u2019apprenants, les secondes, la classe de terminale et les BTSa. Surtout, elle a \u00e9t\u00e9 port\u00e9e par tous les membres de l\u2019\u00e9quipe \u00e9ducative \u00e0 leur initiative. C\u2019est une grande satisfaction. Les habitudes, les regards, les comportements \u00e9voluent&nbsp;; l\u2019\u00e9cole inclusive est un sujet de discussion et de pr\u00e9occupation permanent au sein de la MFR. \u00c0 chaque rentr\u00e9e, nous faisons un point sur la situation de chaque jeune.<\/p>\n\n\n\n<p>Cette ann\u00e9e, la MFR accueille un jeune atteint du trouble du&nbsp;spectre&nbsp;de l&rsquo;autisme, \u00e7a n\u2019engendre aucune appr\u00e9hension. Au contraire, toute l\u2019\u00e9quipe se mobilise pour dire \u00ab&nbsp;comment fait-on pour l\u2019accueillir&nbsp;au mieux ? Qu\u2019allons nous faire pour nous adapter&nbsp;?&nbsp;\u00bb. Au sein de la MFR, l\u2019ensemble des salari\u00e9s a adopt\u00e9 l\u2019inclusion scolaire. Et d\u00e9sormais, une journ\u00e9e handisport sera programm\u00e9e chaque ann\u00e9e.<\/p>\n\n\n\n<h2>Ils se sont investis dans le projet&nbsp;!<\/h2>\n\n\n\n<h3>T\u00e9moignage crois\u00e9 avec Chlo\u00e9 et Kilian<\/h3>\n\n\n\n<blockquote class=\"wp-block-quote\"><p>\u00ab&nbsp;Cette journ\u00e9e nous a apport\u00e9 une autre vision, une ouverture d\u2019esprit plus grande.&nbsp;\u00bb<\/p><cite>Chlo\u00e9 et Kilian<\/cite><\/blockquote>\n\n\n\n<p>\u00ab&nbsp;Cette journ\u00e9e nous a permis de mieux comprendre comme les personnes en situation de handicap vivent au quotidien. On s\u2019est mis \u00e0 leur place en en jouant au Handibasket, au ou para badminton. Ce n\u2019est pas facile, il faut de la force dans les bras et \u00eatre tr\u00e8s concentr\u00e9 pour se d\u00e9placer et dribler. Cela nous a apport\u00e9 une autre vision, une ouverture d\u2019esprit plus grande. L\u2019ambiance de classe a chang\u00e9 positivement. Quand nous avons jou\u00e9 au basket, il y avait un esprit d\u2019\u00e9quipe, on se concertait pour \u00e9laborer une strat\u00e9gie. Nous \u00e9tions soud\u00e9s. Nous avons aussi \u00e9t\u00e9 impressionn\u00e9s par le courage qu\u2019ont ces personnes au quotidien, car le regard des gens est parfois dur, il faut un moral d\u2019acier pour ne \u00eatre touch\u00e9.&nbsp;\u00bb<\/p>\n\n\n\n<p><\/p>\n\n\n\n<hr class=\"wp-block-separator\"\/>\n\n\n\n<div class=\"wp-block-image\"><figure class=\"alignleft size-medium\"><img loading=\"lazy\" width=\"300\" height=\"133\" src=\"data:image\/gif;base64,R0lGODlhAQABAAAAACH5BAEKAAEALAAAAAABAAEAAAICTAEAOw==\" alt=\"\" class=\"wp-image-1746 lazyload\" sizes=\"(max-width: 300px) 100vw, 300px\" data-src=\"https:\/\/mvt.mfr.fr\/wp-content\/uploads\/2021\/09\/1920px-AFD_logo.svg-300x133.png\" data-srcset=\"https:\/\/mvt.mfr.fr\/wp-content\/uploads\/2021\/09\/1920px-AFD_logo.svg-300x133.png 300w, https:\/\/mvt.mfr.fr\/wp-content\/uploads\/2021\/09\/1920px-AFD_logo.svg-1024x453.png 1024w, https:\/\/mvt.mfr.fr\/wp-content\/uploads\/2021\/09\/1920px-AFD_logo.svg-768x340.png 768w, https:\/\/mvt.mfr.fr\/wp-content\/uploads\/2021\/09\/1920px-AFD_logo.svg-1536x679.png 1536w, https:\/\/mvt.mfr.fr\/wp-content\/uploads\/2021\/09\/1920px-AFD_logo.svg-150x66.png 150w, https:\/\/mvt.mfr.fr\/wp-content\/uploads\/2021\/09\/1920px-AFD_logo.svg-696x308.png 696w, https:\/\/mvt.mfr.fr\/wp-content\/uploads\/2021\/09\/1920px-AFD_logo.svg-1068x472.png 1068w, https:\/\/mvt.mfr.fr\/wp-content\/uploads\/2021\/09\/1920px-AFD_logo.svg.png 1920w\"><\/figure><\/div>\n\n\n\n<p><\/p>\n\n\n\n<p><\/p>\n\n\n\n<p><\/p>\n\n\n\n<p><\/p>\n\n\n\n<p><\/p>\n","protected":false},"excerpt":{"rendered":"<p>La MFR de Rumengol (Finist\u00e8re) a organis\u00e9 une journ\u00e9e de sensibilisation Handisport avec des temps d\u2019information, d\u2019\u00e9changes, et de pratiques sportives.<\/p>\n","protected":false},"author":3,"featured_media":1736,"comment_status":"closed","ping_status":"open","sticky":false,"template":"","format":"standard","meta":{"inline_featured_image":false,"spay_email":""},"categories":[12],"tags":[1094,971,1095,1096,1097],"yoast_head":"<!-- This site is optimized with the Yoast SEO plugin v17.1 - https:\/\/yoast.com\/wordpress\/plugins\/seo\/ -->\n<meta name=\"description\" content=\"La MFR de Rumengol (Finist\u00e8re) a organis\u00e9 une journ\u00e9e de sensibilisation Handisport avec des temps d\u2019information, d\u2019\u00e9changes, et de pratiques sportives.\" \/>\n<meta name=\"robots\" content=\"index, follow, max-snippet:-1, max-image-preview:large, max-video-preview:-1\" \/>\n<link rel=\"canonical\" href=\"https:\/\/mvt.mfr.fr\/index.php\/2021\/09\/16\/une-journee-handisport-pour-lutter-contre-les-discriminations-et-favoriser-lecole-inclusive\/\" \/>\n<meta property=\"og:locale\" content=\"fr_FR\" \/>\n<meta property=\"og:type\" content=\"article\" \/>\n<meta property=\"og:title\" content=\"Une journ\u00e9e handisport pour lutter contre les discriminations et favoriser l\u2019\u00e9cole inclusive\" \/>\n<meta property=\"og:description\" content=\"La MFR de Rumengol (Finist\u00e8re) a organis\u00e9 une journ\u00e9e de sensibilisation Handisport avec des temps d\u2019information, d\u2019\u00e9changes, et de pratiques sportives.\" \/>\n<meta property=\"og:url\" content=\"https:\/\/mvt.mfr.fr\/index.php\/2021\/09\/16\/une-journee-handisport-pour-lutter-contre-les-discriminations-et-favoriser-lecole-inclusive\/\" \/>\n<meta property=\"og:site_name\" content=\"MVT\" \/>\n<meta property=\"article:published_time\" content=\"2021-09-16T15:44:32+00:00\" \/>\n<meta property=\"article:modified_time\" content=\"2021-09-17T13:20:42+00:00\" \/>\n<meta property=\"og:image\" content=\"https:\/\/mvt.mfr.fr\/wp-content\/uploads\/2021\/09\/banner_site_MVT.jpg\" \/>\n\t<meta property=\"og:image:width\" content=\"1920\" \/>\n\t<meta property=\"og:image:height\" content=\"1280\" \/>\n<meta name=\"twitter:card\" content=\"summary_large_image\" \/>\n<meta name=\"twitter:title\" content=\"Une journ\u00e9e handisport pour lutter contre les discriminations et favoriser l\u2019\u00e9cole inclusive\" \/>\n<meta name=\"twitter:description\" content=\"La MFR de Rumengol (Finist\u00e8re) a organis\u00e9 une journ\u00e9e de sensibilisation Handisport avec des temps d\u2019information, d\u2019\u00e9changes, et de pratiques sportives.\" \/>\n<meta name=\"twitter:image\" content=\"https:\/\/mvt.mfr.fr\/wp-content\/uploads\/2021\/09\/banner_site_MVT.jpg\" \/>\n<meta name=\"twitter:label1\" content=\"\u00c9crit par\" \/>\n\t<meta name=\"twitter:data1\" content=\"B\u00e9atrice\" \/>\n\t<meta name=\"twitter:label2\" content=\"Dur\u00e9e de lecture est.\" \/>\n\t<meta name=\"twitter:data2\" content=\"5 minutes\" \/>\n<script type=\"application\/ld+json\" class=\"yoast-schema-graph\">{\"@context\":\"https:\/\/schema.org\",\"@graph\":[{\"@type\":\"WebSite\",\"@id\":\"https:\/\/mvt.mfr.fr\/#website\",\"url\":\"https:\/\/mvt.mfr.fr\/\",\"name\":\"MVT\",\"description\":\"Le M\\u00e9dia Vraiment Tout terrain\",\"potentialAction\":[{\"@type\":\"SearchAction\",\"target\":{\"@type\":\"EntryPoint\",\"urlTemplate\":\"https:\/\/mvt.mfr.fr\/?s={search_term_string}\"},\"query-input\":\"required name=search_term_string\"}],\"inLanguage\":\"fr-FR\"},{\"@type\":\"ImageObject\",\"@id\":\"https:\/\/mvt.mfr.fr\/index.php\/2021\/09\/16\/une-journee-handisport-pour-lutter-contre-les-discriminations-et-favoriser-lecole-inclusive\/#primaryimage\",\"inLanguage\":\"fr-FR\",\"url\":\"https:\/\/mvt.mfr.fr\/wp-content\/uploads\/2021\/09\/banner_site_MVT.jpg\",\"contentUrl\":\"https:\/\/mvt.mfr.fr\/wp-content\/uploads\/2021\/09\/banner_site_MVT.jpg\",\"width\":1920,\"height\":1280},{\"@type\":\"WebPage\",\"@id\":\"https:\/\/mvt.mfr.fr\/index.php\/2021\/09\/16\/une-journee-handisport-pour-lutter-contre-les-discriminations-et-favoriser-lecole-inclusive\/#webpage\",\"url\":\"https:\/\/mvt.mfr.fr\/index.php\/2021\/09\/16\/une-journee-handisport-pour-lutter-contre-les-discriminations-et-favoriser-lecole-inclusive\/\",\"name\":\"Une journ\\u00e9e handisport pour lutter contre les discriminations et favoriser l\\u2019\\u00e9cole inclusive - MVT\",\"isPartOf\":{\"@id\":\"https:\/\/mvt.mfr.fr\/#website\"},\"primaryImageOfPage\":{\"@id\":\"https:\/\/mvt.mfr.fr\/index.php\/2021\/09\/16\/une-journee-handisport-pour-lutter-contre-les-discriminations-et-favoriser-lecole-inclusive\/#primaryimage\"},\"datePublished\":\"2021-09-16T15:44:32+00:00\",\"dateModified\":\"2021-09-17T13:20:42+00:00\",\"author\":{\"@id\":\"https:\/\/mvt.mfr.fr\/#\/schema\/person\/b269d29d0f14aa4ce8ee06173c9d52f1\"},\"description\":\"La MFR de Rumengol (Finist\\u00e8re) a organis\\u00e9 une journ\\u00e9e de sensibilisation Handisport avec des temps d\\u2019information, d\\u2019\\u00e9changes, et de pratiques sportives.\",\"breadcrumb\":{\"@id\":\"https:\/\/mvt.mfr.fr\/index.php\/2021\/09\/16\/une-journee-handisport-pour-lutter-contre-les-discriminations-et-favoriser-lecole-inclusive\/#breadcrumb\"},\"inLanguage\":\"fr-FR\",\"potentialAction\":[{\"@type\":\"ReadAction\",\"target\":[\"https:\/\/mvt.mfr.fr\/index.php\/2021\/09\/16\/une-journee-handisport-pour-lutter-contre-les-discriminations-et-favoriser-lecole-inclusive\/\"]}]},{\"@type\":\"BreadcrumbList\",\"@id\":\"https:\/\/mvt.mfr.fr\/index.php\/2021\/09\/16\/une-journee-handisport-pour-lutter-contre-les-discriminations-et-favoriser-lecole-inclusive\/#breadcrumb\",\"itemListElement\":[{\"@type\":\"ListItem\",\"position\":1,\"name\":\"Accueil\",\"item\":\"https:\/\/mvt.mfr.fr\/\"},{\"@type\":\"ListItem\",\"position\":2,\"name\":\"Une journ\\u00e9e handisport pour lutter contre les discriminations et favoriser l\\u2019\\u00e9cole inclusive\"}]},{\"@type\":\"Person\",\"@id\":\"https:\/\/mvt.mfr.fr\/#\/schema\/person\/b269d29d0f14aa4ce8ee06173c9d52f1\",\"name\":\"B\\u00e9atrice\",\"description\":\"Charg\\u00e9e de d\\u00e9veloppement \\u00e9ducatif, B\\u00e9atrice a \\u00e9t\\u00e9 monitrice puis directrice d\\u2019une MFR. Croyant en l\\u2019\\u00e9ducabilit\\u00e9 de chacun, \\u00e0 tous les \\u00e2ges, elle a \\u00e0 c\\u0153ur d\\u2019accompagner les \\u00e9quipes et les administrateurs dans l\\u2019objectif que chaque jeune accueilli en MFR puisse s\\u2019\\u00e9panouir et participer \\u00e0 la construction du monde de demain.\",\"url\":\"https:\/\/mvt.mfr.fr\/index.php\/author\/beatrice\/\"}]}<\/script>\n<!-- \/ Yoast SEO plugin. -->","yoast_head_json":{"description":"La MFR de Rumengol (Finist\u00e8re) a organis\u00e9 une journ\u00e9e de sensibilisation Handisport avec des temps d\u2019information, d\u2019\u00e9changes, et de pratiques sportives.","robots":{"index":"index","follow":"follow","max-snippet":"max-snippet:-1","max-image-preview":"max-image-preview:large","max-video-preview":"max-video-preview:-1"},"canonical":"https:\/\/mvt.mfr.fr\/index.php\/2021\/09\/16\/une-journee-handisport-pour-lutter-contre-les-discriminations-et-favoriser-lecole-inclusive\/","og_locale":"fr_FR","og_type":"article","og_title":"Une journ\u00e9e handisport pour lutter contre les discriminations et favoriser l\u2019\u00e9cole inclusive","og_description":"La MFR de Rumengol (Finist\u00e8re) a organis\u00e9 une journ\u00e9e de sensibilisation Handisport avec des temps d\u2019information, d\u2019\u00e9changes, et de pratiques sportives.","og_url":"https:\/\/mvt.mfr.fr\/index.php\/2021\/09\/16\/une-journee-handisport-pour-lutter-contre-les-discriminations-et-favoriser-lecole-inclusive\/","og_site_name":"MVT","article_published_time":"2021-09-16T15:44:32+00:00","article_modified_time":"2021-09-17T13:20:42+00:00","og_image":[{"width":1920,"height":1280,"url":"https:\/\/mvt.mfr.fr\/wp-content\/uploads\/2021\/09\/banner_site_MVT.jpg","path":"\/var\/www\/clients\/client3\/web3\/web\/wp-content\/uploads\/2021\/09\/banner_site_MVT.jpg","size":"full","id":"1736","alt":"","pixels":2457600,"type":"image\/jpeg"}],"twitter_card":"summary_large_image","twitter_title":"Une journ\u00e9e handisport pour lutter contre les discriminations et favoriser l\u2019\u00e9cole inclusive","twitter_description":"La MFR de Rumengol (Finist\u00e8re) a organis\u00e9 une journ\u00e9e de sensibilisation Handisport avec des temps d\u2019information, d\u2019\u00e9changes, et de pratiques sportives.","twitter_image":"https:\/\/mvt.mfr.fr\/wp-content\/uploads\/2021\/09\/banner_site_MVT.jpg","twitter_misc":{"\u00c9crit par":"B\u00e9atrice","Dur\u00e9e de lecture est.":"5 minutes"},"schema":{"@context":"https:\/\/schema.org","@graph":[{"@type":"WebSite","@id":"https:\/\/mvt.mfr.fr\/#website","url":"https:\/\/mvt.mfr.fr\/","name":"MVT","description":"Le M\u00e9dia Vraiment Tout terrain","potentialAction":[{"@type":"SearchAction","target":{"@type":"EntryPoint","urlTemplate":"https:\/\/mvt.mfr.fr\/?s={search_term_string}"},"query-input":"required name=search_term_string"}],"inLanguage":"fr-FR"},{"@type":"ImageObject","@id":"https:\/\/mvt.mfr.fr\/index.php\/2021\/09\/16\/une-journee-handisport-pour-lutter-contre-les-discriminations-et-favoriser-lecole-inclusive\/#primaryimage","inLanguage":"fr-FR","url":"https:\/\/mvt.mfr.fr\/wp-content\/uploads\/2021\/09\/banner_site_MVT.jpg","contentUrl":"https:\/\/mvt.mfr.fr\/wp-content\/uploads\/2021\/09\/banner_site_MVT.jpg","width":1920,"height":1280},{"@type":"WebPage","@id":"https:\/\/mvt.mfr.fr\/index.php\/2021\/09\/16\/une-journee-handisport-pour-lutter-contre-les-discriminations-et-favoriser-lecole-inclusive\/#webpage","url":"https:\/\/mvt.mfr.fr\/index.php\/2021\/09\/16\/une-journee-handisport-pour-lutter-contre-les-discriminations-et-favoriser-lecole-inclusive\/","name":"Une journ\u00e9e handisport pour lutter contre les discriminations et favoriser l\u2019\u00e9cole inclusive - MVT","isPartOf":{"@id":"https:\/\/mvt.mfr.fr\/#website"},"primaryImageOfPage":{"@id":"https:\/\/mvt.mfr.fr\/index.php\/2021\/09\/16\/une-journee-handisport-pour-lutter-contre-les-discriminations-et-favoriser-lecole-inclusive\/#primaryimage"},"datePublished":"2021-09-16T15:44:32+00:00","dateModified":"2021-09-17T13:20:42+00:00","author":{"@id":"https:\/\/mvt.mfr.fr\/#\/schema\/person\/b269d29d0f14aa4ce8ee06173c9d52f1"},"description":"La MFR de Rumengol (Finist\u00e8re) a organis\u00e9 une journ\u00e9e de sensibilisation Handisport avec des temps d\u2019information, d\u2019\u00e9changes, et de pratiques sportives.","breadcrumb":{"@id":"https:\/\/mvt.mfr.fr\/index.php\/2021\/09\/16\/une-journee-handisport-pour-lutter-contre-les-discriminations-et-favoriser-lecole-inclusive\/#breadcrumb"},"inLanguage":"fr-FR","potentialAction":[{"@type":"ReadAction","target":["https:\/\/mvt.mfr.fr\/index.php\/2021\/09\/16\/une-journee-handisport-pour-lutter-contre-les-discriminations-et-favoriser-lecole-inclusive\/"]}]},{"@type":"BreadcrumbList","@id":"https:\/\/mvt.mfr.fr\/index.php\/2021\/09\/16\/une-journee-handisport-pour-lutter-contre-les-discriminations-et-favoriser-lecole-inclusive\/#breadcrumb","itemListElement":[{"@type":"ListItem","position":1,"name":"Accueil","item":"https:\/\/mvt.mfr.fr\/"},{"@type":"ListItem","position":2,"name":"Une journ\u00e9e handisport pour lutter contre les discriminations et favoriser l\u2019\u00e9cole inclusive"}]},{"@type":"Person","@id":"https:\/\/mvt.mfr.fr\/#\/schema\/person\/b269d29d0f14aa4ce8ee06173c9d52f1","name":"B\u00e9atrice","description":"Charg\u00e9e de d\u00e9veloppement \u00e9ducatif, B\u00e9atrice a \u00e9t\u00e9 monitrice puis directrice d\u2019une MFR. Croyant en l\u2019\u00e9ducabilit\u00e9 de chacun, \u00e0 tous les \u00e2ges, elle a \u00e0 c\u0153ur d\u2019accompagner les \u00e9quipes et les administrateurs dans l\u2019objectif que chaque jeune accueilli en MFR puisse s\u2019\u00e9panouir et participer \u00e0 la construction du monde de demain.","url":"https:\/\/mvt.mfr.fr\/index.php\/author\/beatrice\/"}]}},"jetpack_featured_media_url":"https:\/\/mvt.mfr.fr\/wp-content\/uploads\/2021\/09\/banner_site_MVT.jpg","_links":{"self":[{"href":"https:\/\/mvt.mfr.fr\/index.php\/wp-json\/wp\/v2\/posts\/1734"}],"collection":[{"href":"https:\/\/mvt.mfr.fr\/index.php\/wp-json\/wp\/v2\/posts"}],"about":[{"href":"https:\/\/mvt.mfr.fr\/index.php\/wp-json\/wp\/v2\/types\/post"}],"author":[{"embeddable":true,"href":"https:\/\/mvt.mfr.fr\/index.php\/wp-json\/wp\/v2\/users\/3"}],"replies":[{"embeddable":true,"href":"https:\/\/mvt.mfr.fr\/index.php\/wp-json\/wp\/v2\/comments?post=1734"}],"version-history":[{"count":3,"href":"https:\/\/mvt.mfr.fr\/index.php\/wp-json\/wp\/v2\/posts\/1734\/revisions"}],"predecessor-version":[{"id":1748,"href":"https:\/\/mvt.mfr.fr\/index.php\/wp-json\/wp\/v2\/posts\/1734\/revisions\/1748"}],"wp:featuredmedia":[{"embeddable":true,"href":"https:\/\/mvt.mfr.fr\/index.php\/wp-json\/wp\/v2\/media\/1736"}],"wp:attachment":[{"href":"https:\/\/mvt.mfr.fr\/index.php\/wp-json\/wp\/v2\/media?parent=1734"}],"wp:term":[{"taxonomy":"category","embeddable":true,"href":"https:\/\/mvt.mfr.fr\/index.php\/wp-json\/wp\/v2\/categories?post=1734"},{"taxonomy":"post_tag","embeddable":true,"href":"https:\/\/mvt.mfr.fr\/index.php\/wp-json\/wp\/v2\/tags?post=1734"}],"curies":[{"name":"wp","href":"https:\/\/api.w.org\/{rel}","templated":true}]}}