{"id":1695,"date":"2021-07-08T16:20:25","date_gmt":"2021-07-08T14:20:25","guid":{"rendered":"https:\/\/mvt.mfr.fr\/?p=1695"},"modified":"2023-03-09T10:45:53","modified_gmt":"2023-03-09T09:45:53","slug":"alexandre-6-mois-de-stage-botanique-a-malte","status":"publish","type":"post","link":"https:\/\/mvt.mfr.fr\/index.php\/2021\/07\/08\/alexandre-6-mois-de-stage-botanique-a-malte\/","title":{"rendered":"Alexandre, 6 mois de stage botanique \u00e0 Malte"},"content":{"rendered":"\n<p><strong>Cette fois-ci, c&rsquo;est un \u00e9tudiant bergeracois qui nous livre son exp\u00e9rience. Apr\u00e8s l&rsquo;obtention de son baccalaur\u00e9at, Alexandre a choisi de faire un stage professionnalisant de 6 mois \u00e0 Malte. Quelle aventure !<\/strong><\/p>\n\n\n\n<blockquote class=\"wp-block-quote\"><p>\u00ab\u00a0Il faut profiter car 6 mois \u00e7a passe tr\u00e8s vite, c&rsquo;est une occasion \u00e0 ne pas r\u00e2ter !\u00a0\u00bb<\/p><\/blockquote>\n\n\n\n<p>Dipl\u00f4m\u00e9 d&rsquo;un baccalaur\u00e9at professionnel TCV (Technicien Conseil et Vente), Alexandre  a saisi l&rsquo;opportunit\u00e9 de l&rsquo;Ann\u00e9e Autrement. D\u00e9ploy\u00e9 dans le cadre de la programmation ERASMUS +,  il s&rsquo;agit d&rsquo;un parcours professionnel continu incluant un stage en entreprise de 6 mois \u00e0 l&rsquo;\u00e9tranger.<\/p>\n\n\n\n<p>Int\u00e9ress\u00e9 par le m\u00e9tier d&rsquo;horticulteur depuis son CAP horticulture, Alexandre n&rsquo;a pas choisi Malte par hasard&#8230; Cet archipel lui a avant tout permis de d\u00e9velopper ses comp\u00e9tences au sujet des plantes m\u00e9diterran\u00e9ennes. Bien plus qu&rsquo;un cadre de vie, cette exp\u00e9rience lui aura permis de se cr\u00e9er un r\u00e9seau professionnel, d&rsquo;approfondir ses techniques ainsi que d&rsquo;am\u00e9liorer son anglais. D\u00e9couvrez son t\u00e9moignage ci-dessous : <\/p>\n\n\n\n<p><iframe width=\"560\" height=\"315\" data-requires-vendor-consent=\"Youtube\" data-src=\"https:\/\/www.youtube.com\/embed\/Yvuvnb5YIHk\" title=\"YouTube video player\" frameborder=\"0\" allow=\"accelerometer; autoplay; clipboard-write; encrypted-media; gyroscope; picture-in-picture\" allowfullscreen=\"\"><\/iframe>\n\n<a id=\"btn-cookies-youtube\" class=\"btn btn-cookie-yt\">\n\t\t\t\t\tPour activer ce contenu et acc\u00e9der \u00e0 la vid\u00e9o, cliquez ici pour accepter le d\u00e9p\u00f4t de cookies\n\t\t\t\t<\/a>\n\n\n\n<p><br><\/p>\n","protected":false},"excerpt":{"rendered":"<p>Cette fois-ci, c&rsquo;est un \u00e9tudiant bergeracois qui nous livre son exp\u00e9rience. Apr\u00e8s l&rsquo;obtention de son baccalaur\u00e9at, Alexandre a choisi de faire un stage professionnalisant de 6 mois \u00e0 Malte. Quelle aventure ! \u00ab\u00a0Il faut profiter car 6 mois \u00e7a passe tr\u00e8s vite, c&rsquo;est une occasion \u00e0 ne pas r\u00e2ter !\u00a0\u00bb Dipl\u00f4m\u00e9 d&rsquo;un baccalaur\u00e9at professionnel TCV [&hellip;]<\/p>\n","protected":false},"author":6,"featured_media":1696,"comment_status":"closed","ping_status":"open","sticky":true,"template":"","format":"standard","meta":{"inline_featured_image":false,"spay_email":""},"categories":[16,942,1073,940],"tags":[1091,956,1092,1090,1093],"yoast_head":"<!-- This site is optimized with the Yoast SEO plugin v17.1 - https:\/\/yoast.com\/wordpress\/plugins\/seo\/ -->\n<meta name=\"description\" content=\"Apr\u00e8s l&#039;obtention de son baccalaur\u00e9at, Alexandre a choisi de faire un stage professionnalisant de 6 mois \u00e0 Malte. Quelle aventure !\" \/>\n<meta name=\"robots\" content=\"index, follow, max-snippet:-1, max-image-preview:large, max-video-preview:-1\" \/>\n<link rel=\"canonical\" href=\"https:\/\/mvt.mfr.fr\/index.php\/2021\/07\/08\/alexandre-6-mois-de-stage-botanique-a-malte\/\" \/>\n<meta property=\"og:locale\" content=\"fr_FR\" \/>\n<meta property=\"og:type\" content=\"article\" \/>\n<meta property=\"og:title\" content=\"Alexandre, 6 mois de stage botanique \u00e0 Malte\" \/>\n<meta property=\"og:description\" content=\"Cette fois-ci, c&#039;est un bergeracois qui nous livre son exp\u00e9rience. Apr\u00e8s l&#039;obtention de son baccalaur\u00e9at, Alexandre a choisi de faire un stage professionnalisant de 6 mois \u00e0 Malte. Quelle aventure !\" \/>\n<meta property=\"og:url\" content=\"https:\/\/mvt.mfr.fr\/index.php\/2021\/07\/08\/alexandre-6-mois-de-stage-botanique-a-malte\/\" \/>\n<meta property=\"og:site_name\" content=\"MVT\" \/>\n<meta property=\"article:published_time\" content=\"2021-07-08T14:20:25+00:00\" \/>\n<meta property=\"article:modified_time\" content=\"2023-03-09T09:45:53+00:00\" \/>\n<meta property=\"og:image\" content=\"https:\/\/mvt.mfr.fr\/wp-content\/uploads\/2021\/07\/banner_site_MVT-3.png\" \/>\n\t<meta property=\"og:image:width\" content=\"1920\" \/>\n\t<meta property=\"og:image:height\" content=\"1280\" \/>\n<meta name=\"twitter:card\" content=\"summary_large_image\" \/>\n<meta name=\"twitter:title\" content=\"Alexandre, 6 mois de stage botanique \u00e0 Malte\" \/>\n<meta name=\"twitter:description\" content=\"Cette fois-ci, c&#039;est un bergeracois qui nous livre son exp\u00e9rience. Apr\u00e8s l&#039;obtention de son baccalaur\u00e9at, Alexandre a choisi de faire un stage professionnalisant de 6 mois \u00e0 Malte. Quelle aventure !\" \/>\n<meta name=\"twitter:image\" content=\"https:\/\/mvt.mfr.fr\/wp-content\/uploads\/2021\/07\/banner_site_MVT-3.png\" \/>\n<meta name=\"twitter:label1\" content=\"\u00c9crit par\" \/>\n\t<meta name=\"twitter:data1\" content=\"Christophe\" \/>\n\t<meta name=\"twitter:label2\" content=\"Dur\u00e9e de lecture est.\" \/>\n\t<meta name=\"twitter:data2\" content=\"1 minute\" \/>\n<script type=\"application\/ld+json\" class=\"yoast-schema-graph\">{\"@context\":\"https:\/\/schema.org\",\"@graph\":[{\"@type\":\"WebSite\",\"@id\":\"https:\/\/mvt.mfr.fr\/#website\",\"url\":\"https:\/\/mvt.mfr.fr\/\",\"name\":\"MVT\",\"description\":\"Le M\\u00e9dia Vraiment Tout terrain\",\"potentialAction\":[{\"@type\":\"SearchAction\",\"target\":{\"@type\":\"EntryPoint\",\"urlTemplate\":\"https:\/\/mvt.mfr.fr\/?s={search_term_string}\"},\"query-input\":\"required name=search_term_string\"}],\"inLanguage\":\"fr-FR\"},{\"@type\":\"ImageObject\",\"@id\":\"https:\/\/mvt.mfr.fr\/index.php\/2021\/07\/08\/alexandre-6-mois-de-stage-botanique-a-malte\/#primaryimage\",\"inLanguage\":\"fr-FR\",\"url\":\"https:\/\/mvt.mfr.fr\/wp-content\/uploads\/2021\/07\/banner_site_MVT-3.png\",\"contentUrl\":\"https:\/\/mvt.mfr.fr\/wp-content\/uploads\/2021\/07\/banner_site_MVT-3.png\",\"width\":1920,\"height\":1280},{\"@type\":\"WebPage\",\"@id\":\"https:\/\/mvt.mfr.fr\/index.php\/2021\/07\/08\/alexandre-6-mois-de-stage-botanique-a-malte\/#webpage\",\"url\":\"https:\/\/mvt.mfr.fr\/index.php\/2021\/07\/08\/alexandre-6-mois-de-stage-botanique-a-malte\/\",\"name\":\"Alexandre, 6 mois de stage botanique \\u00e0 Malte - MVT\",\"isPartOf\":{\"@id\":\"https:\/\/mvt.mfr.fr\/#website\"},\"primaryImageOfPage\":{\"@id\":\"https:\/\/mvt.mfr.fr\/index.php\/2021\/07\/08\/alexandre-6-mois-de-stage-botanique-a-malte\/#primaryimage\"},\"datePublished\":\"2021-07-08T14:20:25+00:00\",\"dateModified\":\"2023-03-09T09:45:53+00:00\",\"author\":{\"@id\":\"https:\/\/mvt.mfr.fr\/#\/schema\/person\/2d8ab4af2cc4e77bd470513f3fefc2dd\"},\"description\":\"Apr\\u00e8s l'obtention de son baccalaur\\u00e9at, Alexandre a choisi de faire un stage professionnalisant de 6 mois \\u00e0 Malte. Quelle aventure !\",\"breadcrumb\":{\"@id\":\"https:\/\/mvt.mfr.fr\/index.php\/2021\/07\/08\/alexandre-6-mois-de-stage-botanique-a-malte\/#breadcrumb\"},\"inLanguage\":\"fr-FR\",\"potentialAction\":[{\"@type\":\"ReadAction\",\"target\":[\"https:\/\/mvt.mfr.fr\/index.php\/2021\/07\/08\/alexandre-6-mois-de-stage-botanique-a-malte\/\"]}]},{\"@type\":\"BreadcrumbList\",\"@id\":\"https:\/\/mvt.mfr.fr\/index.php\/2021\/07\/08\/alexandre-6-mois-de-stage-botanique-a-malte\/#breadcrumb\",\"itemListElement\":[{\"@type\":\"ListItem\",\"position\":1,\"name\":\"Accueil\",\"item\":\"https:\/\/mvt.mfr.fr\/\"},{\"@type\":\"ListItem\",\"position\":2,\"name\":\"Alexandre, 6 mois de stage botanique \\u00e0 Malte\"}]},{\"@type\":\"Person\",\"@id\":\"https:\/\/mvt.mfr.fr\/#\/schema\/person\/2d8ab4af2cc4e77bd470513f3fefc2dd\",\"name\":\"Christophe\",\"description\":\"Responsable communication de l\\u2019Union Nationale des MFR, Christophe a d\\u2019abord \\u00e9t\\u00e9 moniteur au sein de plusieurs Maisons. De cette \\u00e9poque, il garde l\\u2019envie de se d\\u00e9passer, de progresser et d\\u2019avancer pour offrir aux jeunes un avenir radieux.\",\"url\":\"https:\/\/mvt.mfr.fr\/index.php\/author\/christophe\/\"}]}<\/script>\n<!-- \/ Yoast SEO plugin. -->","yoast_head_json":{"description":"Apr\u00e8s l'obtention de son baccalaur\u00e9at, Alexandre a choisi de faire un stage professionnalisant de 6 mois \u00e0 Malte. Quelle aventure !","robots":{"index":"index","follow":"follow","max-snippet":"max-snippet:-1","max-image-preview":"max-image-preview:large","max-video-preview":"max-video-preview:-1"},"canonical":"https:\/\/mvt.mfr.fr\/index.php\/2021\/07\/08\/alexandre-6-mois-de-stage-botanique-a-malte\/","og_locale":"fr_FR","og_type":"article","og_title":"Alexandre, 6 mois de stage botanique \u00e0 Malte","og_description":"Cette fois-ci, c'est un bergeracois qui nous livre son exp\u00e9rience. Apr\u00e8s l'obtention de son baccalaur\u00e9at, Alexandre a choisi de faire un stage professionnalisant de 6 mois \u00e0 Malte. Quelle aventure !","og_url":"https:\/\/mvt.mfr.fr\/index.php\/2021\/07\/08\/alexandre-6-mois-de-stage-botanique-a-malte\/","og_site_name":"MVT","article_published_time":"2021-07-08T14:20:25+00:00","article_modified_time":"2023-03-09T09:45:53+00:00","og_image":[{"width":1920,"height":1280,"url":"https:\/\/mvt.mfr.fr\/wp-content\/uploads\/2021\/07\/banner_site_MVT-3.png","path":"\/var\/www\/clients\/client3\/web3\/web\/wp-content\/uploads\/2021\/07\/banner_site_MVT-3.png","size":"full","id":"1696","alt":"","pixels":2457600,"type":"image\/png"}],"twitter_card":"summary_large_image","twitter_title":"Alexandre, 6 mois de stage botanique \u00e0 Malte","twitter_description":"Cette fois-ci, c'est un bergeracois qui nous livre son exp\u00e9rience. Apr\u00e8s l'obtention de son baccalaur\u00e9at, Alexandre a choisi de faire un stage professionnalisant de 6 mois \u00e0 Malte. Quelle aventure !","twitter_image":"https:\/\/mvt.mfr.fr\/wp-content\/uploads\/2021\/07\/banner_site_MVT-3.png","twitter_misc":{"\u00c9crit par":"Christophe","Dur\u00e9e de lecture est.":"1 minute"},"schema":{"@context":"https:\/\/schema.org","@graph":[{"@type":"WebSite","@id":"https:\/\/mvt.mfr.fr\/#website","url":"https:\/\/mvt.mfr.fr\/","name":"MVT","description":"Le M\u00e9dia Vraiment Tout terrain","potentialAction":[{"@type":"SearchAction","target":{"@type":"EntryPoint","urlTemplate":"https:\/\/mvt.mfr.fr\/?s={search_term_string}"},"query-input":"required name=search_term_string"}],"inLanguage":"fr-FR"},{"@type":"ImageObject","@id":"https:\/\/mvt.mfr.fr\/index.php\/2021\/07\/08\/alexandre-6-mois-de-stage-botanique-a-malte\/#primaryimage","inLanguage":"fr-FR","url":"https:\/\/mvt.mfr.fr\/wp-content\/uploads\/2021\/07\/banner_site_MVT-3.png","contentUrl":"https:\/\/mvt.mfr.fr\/wp-content\/uploads\/2021\/07\/banner_site_MVT-3.png","width":1920,"height":1280},{"@type":"WebPage","@id":"https:\/\/mvt.mfr.fr\/index.php\/2021\/07\/08\/alexandre-6-mois-de-stage-botanique-a-malte\/#webpage","url":"https:\/\/mvt.mfr.fr\/index.php\/2021\/07\/08\/alexandre-6-mois-de-stage-botanique-a-malte\/","name":"Alexandre, 6 mois de stage botanique \u00e0 Malte - MVT","isPartOf":{"@id":"https:\/\/mvt.mfr.fr\/#website"},"primaryImageOfPage":{"@id":"https:\/\/mvt.mfr.fr\/index.php\/2021\/07\/08\/alexandre-6-mois-de-stage-botanique-a-malte\/#primaryimage"},"datePublished":"2021-07-08T14:20:25+00:00","dateModified":"2023-03-09T09:45:53+00:00","author":{"@id":"https:\/\/mvt.mfr.fr\/#\/schema\/person\/2d8ab4af2cc4e77bd470513f3fefc2dd"},"description":"Apr\u00e8s l'obtention de son baccalaur\u00e9at, Alexandre a choisi de faire un stage professionnalisant de 6 mois \u00e0 Malte. Quelle aventure !","breadcrumb":{"@id":"https:\/\/mvt.mfr.fr\/index.php\/2021\/07\/08\/alexandre-6-mois-de-stage-botanique-a-malte\/#breadcrumb"},"inLanguage":"fr-FR","potentialAction":[{"@type":"ReadAction","target":["https:\/\/mvt.mfr.fr\/index.php\/2021\/07\/08\/alexandre-6-mois-de-stage-botanique-a-malte\/"]}]},{"@type":"BreadcrumbList","@id":"https:\/\/mvt.mfr.fr\/index.php\/2021\/07\/08\/alexandre-6-mois-de-stage-botanique-a-malte\/#breadcrumb","itemListElement":[{"@type":"ListItem","position":1,"name":"Accueil","item":"https:\/\/mvt.mfr.fr\/"},{"@type":"ListItem","position":2,"name":"Alexandre, 6 mois de stage botanique \u00e0 Malte"}]},{"@type":"Person","@id":"https:\/\/mvt.mfr.fr\/#\/schema\/person\/2d8ab4af2cc4e77bd470513f3fefc2dd","name":"Christophe","description":"Responsable communication de l\u2019Union Nationale des MFR, Christophe a d\u2019abord \u00e9t\u00e9 moniteur au sein de plusieurs Maisons. De cette \u00e9poque, il garde l\u2019envie de se d\u00e9passer, de progresser et d\u2019avancer pour offrir aux jeunes un avenir radieux.","url":"https:\/\/mvt.mfr.fr\/index.php\/author\/christophe\/"}]}},"jetpack_featured_media_url":"https:\/\/mvt.mfr.fr\/wp-content\/uploads\/2021\/07\/banner_site_MVT-3.png","_links":{"self":[{"href":"https:\/\/mvt.mfr.fr\/index.php\/wp-json\/wp\/v2\/posts\/1695"}],"collection":[{"href":"https:\/\/mvt.mfr.fr\/index.php\/wp-json\/wp\/v2\/posts"}],"about":[{"href":"https:\/\/mvt.mfr.fr\/index.php\/wp-json\/wp\/v2\/types\/post"}],"author":[{"embeddable":true,"href":"https:\/\/mvt.mfr.fr\/index.php\/wp-json\/wp\/v2\/users\/6"}],"replies":[{"embeddable":true,"href":"https:\/\/mvt.mfr.fr\/index.php\/wp-json\/wp\/v2\/comments?post=1695"}],"version-history":[{"count":11,"href":"https:\/\/mvt.mfr.fr\/index.php\/wp-json\/wp\/v2\/posts\/1695\/revisions"}],"predecessor-version":[{"id":1715,"href":"https:\/\/mvt.mfr.fr\/index.php\/wp-json\/wp\/v2\/posts\/1695\/revisions\/1715"}],"wp:featuredmedia":[{"embeddable":true,"href":"https:\/\/mvt.mfr.fr\/index.php\/wp-json\/wp\/v2\/media\/1696"}],"wp:attachment":[{"href":"https:\/\/mvt.mfr.fr\/index.php\/wp-json\/wp\/v2\/media?parent=1695"}],"wp:term":[{"taxonomy":"category","embeddable":true,"href":"https:\/\/mvt.mfr.fr\/index.php\/wp-json\/wp\/v2\/categories?post=1695"},{"taxonomy":"post_tag","embeddable":true,"href":"https:\/\/mvt.mfr.fr\/index.php\/wp-json\/wp\/v2\/tags?post=1695"}],"curies":[{"name":"wp","href":"https:\/\/api.w.org\/{rel}","templated":true}]}}