{"id":1627,"date":"2021-06-16T14:26:11","date_gmt":"2021-06-16T12:26:11","guid":{"rendered":"https:\/\/mvt.mfr.fr\/?p=1627"},"modified":"2021-10-13T15:47:15","modified_gmt":"2021-10-13T13:47:15","slug":"cest-quoi-les-metiers-des-services-aux-personnes","status":"publish","type":"post","link":"https:\/\/mvt.mfr.fr\/index.php\/2021\/06\/16\/cest-quoi-les-metiers-des-services-aux-personnes\/","title":{"rendered":"C&rsquo;est quoi les m\u00e9tiers des services aux personnes ? Avec \u00c9lo\u00efse et Cl\u00e9mentine"},"content":{"rendered":"\n<p><strong>Les m\u00e9tiers des services aux personnes sont au coeur des m\u00e9tiers dits \u00ab\u00a0essentiels\u00a0\u00bb. L&rsquo;accompagnement, l&rsquo;aide, le conseil, l&rsquo;\u00e9coute, le soin&#8230; Les personnes oeuvrant dans ce secteur d&rsquo;activit\u00e9 ont choisi de donner au quotidien sans m\u00eame attendre de recevoir.<\/strong><\/p>\n\n\n\n<p>Pour comprendre d&rsquo;avantage ce qui anime leur d\u00e9vouement, nous avons interrog\u00e9 Cl\u00e9mentine et \u00c9lo\u00efse. Ces deux \u00e9tudiantes nous racontent le m\u00e9tier qu&rsquo;elles ont choisi, leurs motivations et leurs exp\u00e9riences en apprentissage. D\u00e9couvrez ci-dessous leur interview en vid\u00e9o \u2b07\ufe0f<\/p>\n\n\n\n<p><iframe width=\"560px\" height=\"400\" data-requires-vendor-consent=\"Youtube\" data-src=\"https:\/\/www.youtube.com\/embed\/XtpE6NEc1JM\" title=\"YouTube video player\" frameborder=\"0\" allow=\"accelerometer; autoplay; clipboard-write; encrypted-media; gyroscope; picture-in-picture\" allowfullscreen=\"\"><\/iframe>\n<a id=\"btn-cookies-youtube\" class=\"btn btn-cookie-yt\">\n\t\t\t\t\tPour activer ce contenu et acc\u00e9der \u00e0 la vid\u00e9o, cliquez ici pour accepter le d\u00e9p\u00f4t de cookies\n\t\t\t\t<\/a><\/p>\n","protected":false},"excerpt":{"rendered":"<p>Les m\u00e9tiers des services aux personnes sont au coeur des m\u00e9tiers dits \u00ab\u00a0essentiels\u00a0\u00bb. L&rsquo;accompagnement, l&rsquo;aide, le conseil, l&rsquo;\u00e9coute, le soin&#8230; Les personnes oeuvrant dans ce secteur d&rsquo;activit\u00e9 ont choisi de donner au quotidien sans m\u00eame attendre de recevoir. Pour comprendre d&rsquo;avantage ce qui anime leur d\u00e9vouement, nous avons interrog\u00e9 Cl\u00e9mentine et \u00c9lo\u00efse. Ces deux \u00e9tudiantes [&hellip;]<\/p>\n","protected":false},"author":6,"featured_media":1645,"comment_status":"closed","ping_status":"open","sticky":false,"template":"","format":"standard","meta":{"inline_featured_image":false,"spay_email":""},"categories":[12,10],"tags":[1083,948,956,1081,1080,1079,1082],"yoast_head":"<!-- This site is optimized with the Yoast SEO plugin v17.1 - https:\/\/yoast.com\/wordpress\/plugins\/seo\/ -->\n<meta name=\"description\" content=\"Pour comprendre d&#039;avantage les m\u00e9tiers des services aux personnes, nous avons interrog\u00e9 deux \u00e9tudiantes, Cl\u00e9mentine et \u00c9lo\u00efse.\" \/>\n<meta name=\"robots\" content=\"index, follow, max-snippet:-1, max-image-preview:large, max-video-preview:-1\" \/>\n<link rel=\"canonical\" href=\"https:\/\/mvt.mfr.fr\/index.php\/2021\/06\/16\/cest-quoi-les-metiers-des-services-aux-personnes\/\" \/>\n<meta property=\"og:locale\" content=\"fr_FR\" \/>\n<meta property=\"og:type\" content=\"article\" \/>\n<meta property=\"og:title\" content=\"C&#039;est quoi les m\u00e9tiers des services aux personnes ?\" \/>\n<meta property=\"og:description\" content=\"Pour comprendre d&#039;avantage les m\u00e9tiers des services aux personnes, nous avons interrog\u00e9 deux \u00e9tudiantes, Cl\u00e9mentine et \u00c9lo\u00efse.\" \/>\n<meta property=\"og:url\" content=\"https:\/\/mvt.mfr.fr\/index.php\/2021\/06\/16\/cest-quoi-les-metiers-des-services-aux-personnes\/\" \/>\n<meta property=\"og:site_name\" content=\"MVT\" \/>\n<meta property=\"article:published_time\" content=\"2021-06-16T12:26:11+00:00\" \/>\n<meta property=\"article:modified_time\" content=\"2021-10-13T13:47:15+00:00\" \/>\n<meta property=\"og:image\" content=\"https:\/\/mvt.mfr.fr\/wp-content\/uploads\/2021\/06\/banner_site_MVT.png\" \/>\n\t<meta property=\"og:image:width\" content=\"1920\" \/>\n\t<meta property=\"og:image:height\" content=\"1280\" \/>\n<meta name=\"twitter:card\" content=\"summary_large_image\" \/>\n<meta name=\"twitter:title\" content=\"C&#039;est quoi les m\u00e9tiers des services aux personnes ?\" \/>\n<meta name=\"twitter:description\" content=\"Pour comprendre d&#039;avantage les m\u00e9tiers des services aux personnes, nous avons interrog\u00e9 deux \u00e9tudiantes, Cl\u00e9mentine et \u00c9lo\u00efse.\" \/>\n<meta name=\"twitter:image\" content=\"https:\/\/mvt.mfr.fr\/wp-content\/uploads\/2021\/06\/banner_site_MVT.png\" \/>\n<meta name=\"twitter:label1\" content=\"\u00c9crit par\" \/>\n\t<meta name=\"twitter:data1\" content=\"Christophe\" \/>\n\t<meta name=\"twitter:label2\" content=\"Dur\u00e9e de lecture est.\" \/>\n\t<meta name=\"twitter:data2\" content=\"1 minute\" \/>\n<script type=\"application\/ld+json\" class=\"yoast-schema-graph\">{\"@context\":\"https:\/\/schema.org\",\"@graph\":[{\"@type\":\"WebSite\",\"@id\":\"https:\/\/mvt.mfr.fr\/#website\",\"url\":\"https:\/\/mvt.mfr.fr\/\",\"name\":\"MVT\",\"description\":\"Le M\\u00e9dia Vraiment Tout terrain\",\"potentialAction\":[{\"@type\":\"SearchAction\",\"target\":{\"@type\":\"EntryPoint\",\"urlTemplate\":\"https:\/\/mvt.mfr.fr\/?s={search_term_string}\"},\"query-input\":\"required name=search_term_string\"}],\"inLanguage\":\"fr-FR\"},{\"@type\":\"ImageObject\",\"@id\":\"https:\/\/mvt.mfr.fr\/index.php\/2021\/06\/16\/cest-quoi-les-metiers-des-services-aux-personnes\/#primaryimage\",\"inLanguage\":\"fr-FR\",\"url\":\"https:\/\/mvt.mfr.fr\/wp-content\/uploads\/2021\/06\/banner_site_MVT.png\",\"contentUrl\":\"https:\/\/mvt.mfr.fr\/wp-content\/uploads\/2021\/06\/banner_site_MVT.png\",\"width\":1920,\"height\":1280},{\"@type\":\"WebPage\",\"@id\":\"https:\/\/mvt.mfr.fr\/index.php\/2021\/06\/16\/cest-quoi-les-metiers-des-services-aux-personnes\/#webpage\",\"url\":\"https:\/\/mvt.mfr.fr\/index.php\/2021\/06\/16\/cest-quoi-les-metiers-des-services-aux-personnes\/\",\"name\":\"C'est quoi les m\\u00e9tiers des services aux personnes ? Avec \\u00c9lo\\u00efse et Cl\\u00e9mentine - MVT\",\"isPartOf\":{\"@id\":\"https:\/\/mvt.mfr.fr\/#website\"},\"primaryImageOfPage\":{\"@id\":\"https:\/\/mvt.mfr.fr\/index.php\/2021\/06\/16\/cest-quoi-les-metiers-des-services-aux-personnes\/#primaryimage\"},\"datePublished\":\"2021-06-16T12:26:11+00:00\",\"dateModified\":\"2021-10-13T13:47:15+00:00\",\"author\":{\"@id\":\"https:\/\/mvt.mfr.fr\/#\/schema\/person\/2d8ab4af2cc4e77bd470513f3fefc2dd\"},\"description\":\"Pour comprendre d'avantage les m\\u00e9tiers des services aux personnes, nous avons interrog\\u00e9 deux \\u00e9tudiantes, Cl\\u00e9mentine et \\u00c9lo\\u00efse.\",\"breadcrumb\":{\"@id\":\"https:\/\/mvt.mfr.fr\/index.php\/2021\/06\/16\/cest-quoi-les-metiers-des-services-aux-personnes\/#breadcrumb\"},\"inLanguage\":\"fr-FR\",\"potentialAction\":[{\"@type\":\"ReadAction\",\"target\":[\"https:\/\/mvt.mfr.fr\/index.php\/2021\/06\/16\/cest-quoi-les-metiers-des-services-aux-personnes\/\"]}]},{\"@type\":\"BreadcrumbList\",\"@id\":\"https:\/\/mvt.mfr.fr\/index.php\/2021\/06\/16\/cest-quoi-les-metiers-des-services-aux-personnes\/#breadcrumb\",\"itemListElement\":[{\"@type\":\"ListItem\",\"position\":1,\"name\":\"Accueil\",\"item\":\"https:\/\/mvt.mfr.fr\/\"},{\"@type\":\"ListItem\",\"position\":2,\"name\":\"C&#8217;est quoi les m\\u00e9tiers des services aux personnes ? Avec \\u00c9lo\\u00efse et Cl\\u00e9mentine\"}]},{\"@type\":\"Person\",\"@id\":\"https:\/\/mvt.mfr.fr\/#\/schema\/person\/2d8ab4af2cc4e77bd470513f3fefc2dd\",\"name\":\"Christophe\",\"description\":\"Responsable communication de l\\u2019Union Nationale des MFR, Christophe a d\\u2019abord \\u00e9t\\u00e9 moniteur au sein de plusieurs Maisons. De cette \\u00e9poque, il garde l\\u2019envie de se d\\u00e9passer, de progresser et d\\u2019avancer pour offrir aux jeunes un avenir radieux.\",\"url\":\"https:\/\/mvt.mfr.fr\/index.php\/author\/christophe\/\"}]}<\/script>\n<!-- \/ Yoast SEO plugin. -->","yoast_head_json":{"description":"Pour comprendre d'avantage les m\u00e9tiers des services aux personnes, nous avons interrog\u00e9 deux \u00e9tudiantes, Cl\u00e9mentine et \u00c9lo\u00efse.","robots":{"index":"index","follow":"follow","max-snippet":"max-snippet:-1","max-image-preview":"max-image-preview:large","max-video-preview":"max-video-preview:-1"},"canonical":"https:\/\/mvt.mfr.fr\/index.php\/2021\/06\/16\/cest-quoi-les-metiers-des-services-aux-personnes\/","og_locale":"fr_FR","og_type":"article","og_title":"C'est quoi les m\u00e9tiers des services aux personnes ?","og_description":"Pour comprendre d'avantage les m\u00e9tiers des services aux personnes, nous avons interrog\u00e9 deux \u00e9tudiantes, Cl\u00e9mentine et \u00c9lo\u00efse.","og_url":"https:\/\/mvt.mfr.fr\/index.php\/2021\/06\/16\/cest-quoi-les-metiers-des-services-aux-personnes\/","og_site_name":"MVT","article_published_time":"2021-06-16T12:26:11+00:00","article_modified_time":"2021-10-13T13:47:15+00:00","og_image":[{"width":1920,"height":1280,"url":"https:\/\/mvt.mfr.fr\/wp-content\/uploads\/2021\/06\/banner_site_MVT.png","path":"\/var\/www\/clients\/client3\/web3\/web\/wp-content\/uploads\/2021\/06\/banner_site_MVT.png","size":"full","id":"1645","alt":"","pixels":2457600,"type":"image\/png"}],"twitter_card":"summary_large_image","twitter_title":"C'est quoi les m\u00e9tiers des services aux personnes ?","twitter_description":"Pour comprendre d'avantage les m\u00e9tiers des services aux personnes, nous avons interrog\u00e9 deux \u00e9tudiantes, Cl\u00e9mentine et \u00c9lo\u00efse.","twitter_image":"https:\/\/mvt.mfr.fr\/wp-content\/uploads\/2021\/06\/banner_site_MVT.png","twitter_misc":{"\u00c9crit par":"Christophe","Dur\u00e9e de lecture est.":"1 minute"},"schema":{"@context":"https:\/\/schema.org","@graph":[{"@type":"WebSite","@id":"https:\/\/mvt.mfr.fr\/#website","url":"https:\/\/mvt.mfr.fr\/","name":"MVT","description":"Le M\u00e9dia Vraiment Tout terrain","potentialAction":[{"@type":"SearchAction","target":{"@type":"EntryPoint","urlTemplate":"https:\/\/mvt.mfr.fr\/?s={search_term_string}"},"query-input":"required name=search_term_string"}],"inLanguage":"fr-FR"},{"@type":"ImageObject","@id":"https:\/\/mvt.mfr.fr\/index.php\/2021\/06\/16\/cest-quoi-les-metiers-des-services-aux-personnes\/#primaryimage","inLanguage":"fr-FR","url":"https:\/\/mvt.mfr.fr\/wp-content\/uploads\/2021\/06\/banner_site_MVT.png","contentUrl":"https:\/\/mvt.mfr.fr\/wp-content\/uploads\/2021\/06\/banner_site_MVT.png","width":1920,"height":1280},{"@type":"WebPage","@id":"https:\/\/mvt.mfr.fr\/index.php\/2021\/06\/16\/cest-quoi-les-metiers-des-services-aux-personnes\/#webpage","url":"https:\/\/mvt.mfr.fr\/index.php\/2021\/06\/16\/cest-quoi-les-metiers-des-services-aux-personnes\/","name":"C'est quoi les m\u00e9tiers des services aux personnes ? Avec \u00c9lo\u00efse et Cl\u00e9mentine - MVT","isPartOf":{"@id":"https:\/\/mvt.mfr.fr\/#website"},"primaryImageOfPage":{"@id":"https:\/\/mvt.mfr.fr\/index.php\/2021\/06\/16\/cest-quoi-les-metiers-des-services-aux-personnes\/#primaryimage"},"datePublished":"2021-06-16T12:26:11+00:00","dateModified":"2021-10-13T13:47:15+00:00","author":{"@id":"https:\/\/mvt.mfr.fr\/#\/schema\/person\/2d8ab4af2cc4e77bd470513f3fefc2dd"},"description":"Pour comprendre d'avantage les m\u00e9tiers des services aux personnes, nous avons interrog\u00e9 deux \u00e9tudiantes, Cl\u00e9mentine et \u00c9lo\u00efse.","breadcrumb":{"@id":"https:\/\/mvt.mfr.fr\/index.php\/2021\/06\/16\/cest-quoi-les-metiers-des-services-aux-personnes\/#breadcrumb"},"inLanguage":"fr-FR","potentialAction":[{"@type":"ReadAction","target":["https:\/\/mvt.mfr.fr\/index.php\/2021\/06\/16\/cest-quoi-les-metiers-des-services-aux-personnes\/"]}]},{"@type":"BreadcrumbList","@id":"https:\/\/mvt.mfr.fr\/index.php\/2021\/06\/16\/cest-quoi-les-metiers-des-services-aux-personnes\/#breadcrumb","itemListElement":[{"@type":"ListItem","position":1,"name":"Accueil","item":"https:\/\/mvt.mfr.fr\/"},{"@type":"ListItem","position":2,"name":"C&#8217;est quoi les m\u00e9tiers des services aux personnes ? Avec \u00c9lo\u00efse et Cl\u00e9mentine"}]},{"@type":"Person","@id":"https:\/\/mvt.mfr.fr\/#\/schema\/person\/2d8ab4af2cc4e77bd470513f3fefc2dd","name":"Christophe","description":"Responsable communication de l\u2019Union Nationale des MFR, Christophe a d\u2019abord \u00e9t\u00e9 moniteur au sein de plusieurs Maisons. De cette \u00e9poque, il garde l\u2019envie de se d\u00e9passer, de progresser et d\u2019avancer pour offrir aux jeunes un avenir radieux.","url":"https:\/\/mvt.mfr.fr\/index.php\/author\/christophe\/"}]}},"jetpack_featured_media_url":"https:\/\/mvt.mfr.fr\/wp-content\/uploads\/2021\/06\/banner_site_MVT.png","_links":{"self":[{"href":"https:\/\/mvt.mfr.fr\/index.php\/wp-json\/wp\/v2\/posts\/1627"}],"collection":[{"href":"https:\/\/mvt.mfr.fr\/index.php\/wp-json\/wp\/v2\/posts"}],"about":[{"href":"https:\/\/mvt.mfr.fr\/index.php\/wp-json\/wp\/v2\/types\/post"}],"author":[{"embeddable":true,"href":"https:\/\/mvt.mfr.fr\/index.php\/wp-json\/wp\/v2\/users\/6"}],"replies":[{"embeddable":true,"href":"https:\/\/mvt.mfr.fr\/index.php\/wp-json\/wp\/v2\/comments?post=1627"}],"version-history":[{"count":5,"href":"https:\/\/mvt.mfr.fr\/index.php\/wp-json\/wp\/v2\/posts\/1627\/revisions"}],"predecessor-version":[{"id":1855,"href":"https:\/\/mvt.mfr.fr\/index.php\/wp-json\/wp\/v2\/posts\/1627\/revisions\/1855"}],"wp:featuredmedia":[{"embeddable":true,"href":"https:\/\/mvt.mfr.fr\/index.php\/wp-json\/wp\/v2\/media\/1645"}],"wp:attachment":[{"href":"https:\/\/mvt.mfr.fr\/index.php\/wp-json\/wp\/v2\/media?parent=1627"}],"wp:term":[{"taxonomy":"category","embeddable":true,"href":"https:\/\/mvt.mfr.fr\/index.php\/wp-json\/wp\/v2\/categories?post=1627"},{"taxonomy":"post_tag","embeddable":true,"href":"https:\/\/mvt.mfr.fr\/index.php\/wp-json\/wp\/v2\/tags?post=1627"}],"curies":[{"name":"wp","href":"https:\/\/api.w.org\/{rel}","templated":true}]}}