{"id":1568,"date":"2021-05-26T19:29:10","date_gmt":"2021-05-26T17:29:10","guid":{"rendered":"https:\/\/mvt.mfr.fr\/?p=1568"},"modified":"2021-06-04T16:51:34","modified_gmt":"2021-06-04T14:51:34","slug":"comment-se-former-et-travailler-en-europe","status":"publish","type":"post","link":"https:\/\/mvt.mfr.fr\/index.php\/2021\/05\/26\/comment-se-former-et-travailler-en-europe\/","title":{"rendered":"Comment se former et travailler en Europe ?"},"content":{"rendered":"\n<p>Europass, une nouvelle plateforme pour aider les europ\u00e9ens \u00e0 pr\u00e9senter leurs comp\u00e9tences sera bient\u00f4t disponible. On fait le point en vid\u00e9o avec Marielle Gaudin, en charge du dispositif \u00e0 l&rsquo;agence Erasmus+ !<\/p>\n\n\n<p><iframe width=\"560\" height=\"315\" data-requires-vendor-consent=\"Youtube\" data-src=\"https:\/\/www.youtube.com\/embed\/N-jRyiojS40\" title=\"YouTube video player\" frameborder=\"0\" allow=\"accelerometer; autoplay; clipboard-write; encrypted-media; gyroscope; picture-in-picture\" allowfullscreen=\"\"><\/iframe><\/p>\n<p><a id=\"btn-cookies-youtube\" class=\"btn btn-cookie-yt\"><br>\n\t\t\t\t\tPour activer ce contenu et acc\u00e9der \u00e0 la vid\u00e9o, cliquez ici pour accepter le d\u00e9p\u00f4t de cookies<br>\n\t\t\t\t<\/a><\/p>","protected":false},"excerpt":{"rendered":"<p>Europass, une nouvelle plateforme pour aider les europ\u00e9ens \u00e0 pr\u00e9senter leurs comp\u00e9tences sera bient\u00f4t disponible. On fait le point en vid\u00e9o avec Marielle Gaudin, en charge du dispositif \u00e0 l&rsquo;agence Erasmus+ !<\/p>\n","protected":false},"author":7,"featured_media":1571,"comment_status":"closed","ping_status":"open","sticky":false,"template":"","format":"video","meta":{"inline_featured_image":false,"spay_email":""},"categories":[16,1073],"tags":[977,1065,960,1045],"yoast_head":"<!-- This site is optimized with the Yoast SEO plugin v17.1 - https:\/\/yoast.com\/wordpress\/plugins\/seo\/ -->\n<meta name=\"description\" content=\"Europass, une nouvelle plateforme pour aider les europ\u00e9ens \u00e0 pr\u00e9senter leurs comp\u00e9tences sera bient\u00f4t disponible. On fait le point en vid\u00e9o avec Marielle Gaudin, en charge du dispositif \u00e0 l&#039;agence Erasmus+ !\" \/>\n<meta name=\"robots\" content=\"index, follow, max-snippet:-1, max-image-preview:large, max-video-preview:-1\" \/>\n<link rel=\"canonical\" href=\"https:\/\/mvt.mfr.fr\/index.php\/2021\/05\/26\/comment-se-former-et-travailler-en-europe\/\" \/>\n<meta property=\"og:locale\" content=\"fr_FR\" \/>\n<meta property=\"og:type\" content=\"article\" \/>\n<meta property=\"og:title\" content=\"Comment se former et travailler en Europe ?\" \/>\n<meta property=\"og:description\" content=\"Europass, une nouvelle plateforme pour aider les europ\u00e9ens \u00e0 pr\u00e9senter leurs comp\u00e9tences sera bient\u00f4t disponible. On fait le point en vid\u00e9o avec Marielle Gaudin, en charge du dispositif \u00e0 l&#039;agence Erasmus+ !\" \/>\n<meta property=\"og:url\" content=\"https:\/\/mvt.mfr.fr\/index.php\/2021\/05\/26\/comment-se-former-et-travailler-en-europe\/\" \/>\n<meta property=\"og:site_name\" content=\"MVT\" \/>\n<meta property=\"article:published_time\" content=\"2021-05-26T17:29:10+00:00\" \/>\n<meta property=\"article:modified_time\" content=\"2021-06-04T14:51:34+00:00\" \/>\n<meta property=\"og:image\" content=\"https:\/\/mvt.mfr.fr\/wp-content\/uploads\/2021\/05\/maxresdefault-1.jpg\" \/>\n\t<meta property=\"og:image:width\" content=\"1280\" \/>\n\t<meta property=\"og:image:height\" content=\"720\" \/>\n<meta name=\"twitter:card\" content=\"summary_large_image\" \/>\n<meta name=\"twitter:title\" content=\"Comment se former et travailler en Europe ?\" \/>\n<meta name=\"twitter:description\" content=\"Europass, une nouvelle plateforme pour aider les europ\u00e9ens \u00e0 pr\u00e9senter leurs comp\u00e9tences sera bient\u00f4t disponible. On fait le point en vid\u00e9o avec Marielle Gaudin, en charge du dispositif \u00e0 l&#039;agence Erasmus+ !\" \/>\n<meta name=\"twitter:image\" content=\"https:\/\/mvt.mfr.fr\/wp-content\/uploads\/2021\/05\/maxresdefault-1.jpg\" \/>\n<meta name=\"twitter:label1\" content=\"\u00c9crit par\" \/>\n\t<meta name=\"twitter:data1\" content=\"Jean-Yves\" \/>\n\t<meta name=\"twitter:label2\" content=\"Dur\u00e9e de lecture est.\" \/>\n\t<meta name=\"twitter:data2\" content=\"1 minute\" \/>\n<script type=\"application\/ld+json\" class=\"yoast-schema-graph\">{\"@context\":\"https:\/\/schema.org\",\"@graph\":[{\"@type\":\"WebSite\",\"@id\":\"https:\/\/mvt.mfr.fr\/#website\",\"url\":\"https:\/\/mvt.mfr.fr\/\",\"name\":\"MVT\",\"description\":\"Le M\\u00e9dia Vraiment Tout terrain\",\"potentialAction\":[{\"@type\":\"SearchAction\",\"target\":{\"@type\":\"EntryPoint\",\"urlTemplate\":\"https:\/\/mvt.mfr.fr\/?s={search_term_string}\"},\"query-input\":\"required name=search_term_string\"}],\"inLanguage\":\"fr-FR\"},{\"@type\":\"ImageObject\",\"@id\":\"https:\/\/mvt.mfr.fr\/index.php\/2021\/05\/26\/comment-se-former-et-travailler-en-europe\/#primaryimage\",\"inLanguage\":\"fr-FR\",\"url\":\"https:\/\/mvt.mfr.fr\/wp-content\/uploads\/2021\/05\/maxresdefault-1.jpg\",\"contentUrl\":\"https:\/\/mvt.mfr.fr\/wp-content\/uploads\/2021\/05\/maxresdefault-1.jpg\",\"width\":1280,\"height\":720},{\"@type\":\"WebPage\",\"@id\":\"https:\/\/mvt.mfr.fr\/index.php\/2021\/05\/26\/comment-se-former-et-travailler-en-europe\/#webpage\",\"url\":\"https:\/\/mvt.mfr.fr\/index.php\/2021\/05\/26\/comment-se-former-et-travailler-en-europe\/\",\"name\":\"Comment se former et travailler en Europe ? - MVT\",\"isPartOf\":{\"@id\":\"https:\/\/mvt.mfr.fr\/#website\"},\"primaryImageOfPage\":{\"@id\":\"https:\/\/mvt.mfr.fr\/index.php\/2021\/05\/26\/comment-se-former-et-travailler-en-europe\/#primaryimage\"},\"datePublished\":\"2021-05-26T17:29:10+00:00\",\"dateModified\":\"2021-06-04T14:51:34+00:00\",\"author\":{\"@id\":\"https:\/\/mvt.mfr.fr\/#\/schema\/person\/326f0a72f1320082760a8560e6014014\"},\"description\":\"Europass, une nouvelle plateforme pour aider les europ\\u00e9ens \\u00e0 pr\\u00e9senter leurs comp\\u00e9tences sera bient\\u00f4t disponible. On fait le point en vid\\u00e9o avec Marielle Gaudin, en charge du dispositif \\u00e0 l'agence Erasmus+ !\",\"breadcrumb\":{\"@id\":\"https:\/\/mvt.mfr.fr\/index.php\/2021\/05\/26\/comment-se-former-et-travailler-en-europe\/#breadcrumb\"},\"inLanguage\":\"fr-FR\",\"potentialAction\":[{\"@type\":\"ReadAction\",\"target\":[\"https:\/\/mvt.mfr.fr\/index.php\/2021\/05\/26\/comment-se-former-et-travailler-en-europe\/\"]}]},{\"@type\":\"BreadcrumbList\",\"@id\":\"https:\/\/mvt.mfr.fr\/index.php\/2021\/05\/26\/comment-se-former-et-travailler-en-europe\/#breadcrumb\",\"itemListElement\":[{\"@type\":\"ListItem\",\"position\":1,\"name\":\"Accueil\",\"item\":\"https:\/\/mvt.mfr.fr\/\"},{\"@type\":\"ListItem\",\"position\":2,\"name\":\"Comment se former et travailler en Europe ?\"}]},{\"@type\":\"Person\",\"@id\":\"https:\/\/mvt.mfr.fr\/#\/schema\/person\/326f0a72f1320082760a8560e6014014\",\"name\":\"Jean-Yves\",\"image\":{\"@type\":\"ImageObject\",\"@id\":\"https:\/\/mvt.mfr.fr\/#personlogo\",\"inLanguage\":\"fr-FR\",\"url\":\"https:\/\/mvt.mfr.fr\/wp-content\/uploads\/2020\/12\/Jean-YVes-150x150.jpg\",\"contentUrl\":\"https:\/\/mvt.mfr.fr\/wp-content\/uploads\/2020\/12\/Jean-YVes-150x150.jpg\",\"caption\":\"Jean-Yves\"},\"description\":\"Charg\\u00e9 de mission Erasmus de l\\u2019Union Nationale des MFR, Jean-Yves est en lien direct avec les acteurs et partenaires qui \\u0153uvrent pour la mobilit\\u00e9 Erasmus. Sa conviction ? \\u00ab Tout seul on va plus vite, mais ensemble on va plus loin \\u00bb !\",\"url\":\"https:\/\/mvt.mfr.fr\/index.php\/author\/jean-yves\/\"}]}<\/script>\n<!-- \/ Yoast SEO plugin. -->","yoast_head_json":{"description":"Europass, une nouvelle plateforme pour aider les europ\u00e9ens \u00e0 pr\u00e9senter leurs comp\u00e9tences sera bient\u00f4t disponible. On fait le point en vid\u00e9o avec Marielle Gaudin, en charge du dispositif \u00e0 l'agence Erasmus+ !","robots":{"index":"index","follow":"follow","max-snippet":"max-snippet:-1","max-image-preview":"max-image-preview:large","max-video-preview":"max-video-preview:-1"},"canonical":"https:\/\/mvt.mfr.fr\/index.php\/2021\/05\/26\/comment-se-former-et-travailler-en-europe\/","og_locale":"fr_FR","og_type":"article","og_title":"Comment se former et travailler en Europe ?","og_description":"Europass, une nouvelle plateforme pour aider les europ\u00e9ens \u00e0 pr\u00e9senter leurs comp\u00e9tences sera bient\u00f4t disponible. On fait le point en vid\u00e9o avec Marielle Gaudin, en charge du dispositif \u00e0 l'agence Erasmus+ !","og_url":"https:\/\/mvt.mfr.fr\/index.php\/2021\/05\/26\/comment-se-former-et-travailler-en-europe\/","og_site_name":"MVT","article_published_time":"2021-05-26T17:29:10+00:00","article_modified_time":"2021-06-04T14:51:34+00:00","og_image":[{"width":1280,"height":720,"url":"https:\/\/mvt.mfr.fr\/wp-content\/uploads\/2021\/05\/maxresdefault-1.jpg","path":"\/var\/www\/clients\/client3\/web3\/web\/wp-content\/uploads\/2021\/05\/maxresdefault-1.jpg","size":"full","id":"1571","alt":"","pixels":921600,"type":"image\/jpeg"}],"twitter_card":"summary_large_image","twitter_title":"Comment se former et travailler en Europe ?","twitter_description":"Europass, une nouvelle plateforme pour aider les europ\u00e9ens \u00e0 pr\u00e9senter leurs comp\u00e9tences sera bient\u00f4t disponible. On fait le point en vid\u00e9o avec Marielle Gaudin, en charge du dispositif \u00e0 l'agence Erasmus+ !","twitter_image":"https:\/\/mvt.mfr.fr\/wp-content\/uploads\/2021\/05\/maxresdefault-1.jpg","twitter_misc":{"\u00c9crit par":"Jean-Yves","Dur\u00e9e de lecture est.":"1 minute"},"schema":{"@context":"https:\/\/schema.org","@graph":[{"@type":"WebSite","@id":"https:\/\/mvt.mfr.fr\/#website","url":"https:\/\/mvt.mfr.fr\/","name":"MVT","description":"Le M\u00e9dia Vraiment Tout terrain","potentialAction":[{"@type":"SearchAction","target":{"@type":"EntryPoint","urlTemplate":"https:\/\/mvt.mfr.fr\/?s={search_term_string}"},"query-input":"required name=search_term_string"}],"inLanguage":"fr-FR"},{"@type":"ImageObject","@id":"https:\/\/mvt.mfr.fr\/index.php\/2021\/05\/26\/comment-se-former-et-travailler-en-europe\/#primaryimage","inLanguage":"fr-FR","url":"https:\/\/mvt.mfr.fr\/wp-content\/uploads\/2021\/05\/maxresdefault-1.jpg","contentUrl":"https:\/\/mvt.mfr.fr\/wp-content\/uploads\/2021\/05\/maxresdefault-1.jpg","width":1280,"height":720},{"@type":"WebPage","@id":"https:\/\/mvt.mfr.fr\/index.php\/2021\/05\/26\/comment-se-former-et-travailler-en-europe\/#webpage","url":"https:\/\/mvt.mfr.fr\/index.php\/2021\/05\/26\/comment-se-former-et-travailler-en-europe\/","name":"Comment se former et travailler en Europe ? - MVT","isPartOf":{"@id":"https:\/\/mvt.mfr.fr\/#website"},"primaryImageOfPage":{"@id":"https:\/\/mvt.mfr.fr\/index.php\/2021\/05\/26\/comment-se-former-et-travailler-en-europe\/#primaryimage"},"datePublished":"2021-05-26T17:29:10+00:00","dateModified":"2021-06-04T14:51:34+00:00","author":{"@id":"https:\/\/mvt.mfr.fr\/#\/schema\/person\/326f0a72f1320082760a8560e6014014"},"description":"Europass, une nouvelle plateforme pour aider les europ\u00e9ens \u00e0 pr\u00e9senter leurs comp\u00e9tences sera bient\u00f4t disponible. On fait le point en vid\u00e9o avec Marielle Gaudin, en charge du dispositif \u00e0 l'agence Erasmus+ !","breadcrumb":{"@id":"https:\/\/mvt.mfr.fr\/index.php\/2021\/05\/26\/comment-se-former-et-travailler-en-europe\/#breadcrumb"},"inLanguage":"fr-FR","potentialAction":[{"@type":"ReadAction","target":["https:\/\/mvt.mfr.fr\/index.php\/2021\/05\/26\/comment-se-former-et-travailler-en-europe\/"]}]},{"@type":"BreadcrumbList","@id":"https:\/\/mvt.mfr.fr\/index.php\/2021\/05\/26\/comment-se-former-et-travailler-en-europe\/#breadcrumb","itemListElement":[{"@type":"ListItem","position":1,"name":"Accueil","item":"https:\/\/mvt.mfr.fr\/"},{"@type":"ListItem","position":2,"name":"Comment se former et travailler en Europe ?"}]},{"@type":"Person","@id":"https:\/\/mvt.mfr.fr\/#\/schema\/person\/326f0a72f1320082760a8560e6014014","name":"Jean-Yves","image":{"@type":"ImageObject","@id":"https:\/\/mvt.mfr.fr\/#personlogo","inLanguage":"fr-FR","url":"https:\/\/mvt.mfr.fr\/wp-content\/uploads\/2020\/12\/Jean-YVes-150x150.jpg","contentUrl":"https:\/\/mvt.mfr.fr\/wp-content\/uploads\/2020\/12\/Jean-YVes-150x150.jpg","caption":"Jean-Yves"},"description":"Charg\u00e9 de mission Erasmus de l\u2019Union Nationale des MFR, Jean-Yves est en lien direct avec les acteurs et partenaires qui \u0153uvrent pour la mobilit\u00e9 Erasmus. Sa conviction ? \u00ab Tout seul on va plus vite, mais ensemble on va plus loin \u00bb !","url":"https:\/\/mvt.mfr.fr\/index.php\/author\/jean-yves\/"}]}},"jetpack_featured_media_url":"https:\/\/mvt.mfr.fr\/wp-content\/uploads\/2021\/05\/maxresdefault-1.jpg","_links":{"self":[{"href":"https:\/\/mvt.mfr.fr\/index.php\/wp-json\/wp\/v2\/posts\/1568"}],"collection":[{"href":"https:\/\/mvt.mfr.fr\/index.php\/wp-json\/wp\/v2\/posts"}],"about":[{"href":"https:\/\/mvt.mfr.fr\/index.php\/wp-json\/wp\/v2\/types\/post"}],"author":[{"embeddable":true,"href":"https:\/\/mvt.mfr.fr\/index.php\/wp-json\/wp\/v2\/users\/7"}],"replies":[{"embeddable":true,"href":"https:\/\/mvt.mfr.fr\/index.php\/wp-json\/wp\/v2\/comments?post=1568"}],"version-history":[{"count":3,"href":"https:\/\/mvt.mfr.fr\/index.php\/wp-json\/wp\/v2\/posts\/1568\/revisions"}],"predecessor-version":[{"id":1574,"href":"https:\/\/mvt.mfr.fr\/index.php\/wp-json\/wp\/v2\/posts\/1568\/revisions\/1574"}],"wp:featuredmedia":[{"embeddable":true,"href":"https:\/\/mvt.mfr.fr\/index.php\/wp-json\/wp\/v2\/media\/1571"}],"wp:attachment":[{"href":"https:\/\/mvt.mfr.fr\/index.php\/wp-json\/wp\/v2\/media?parent=1568"}],"wp:term":[{"taxonomy":"category","embeddable":true,"href":"https:\/\/mvt.mfr.fr\/index.php\/wp-json\/wp\/v2\/categories?post=1568"},{"taxonomy":"post_tag","embeddable":true,"href":"https:\/\/mvt.mfr.fr\/index.php\/wp-json\/wp\/v2\/tags?post=1568"}],"curies":[{"name":"wp","href":"https:\/\/api.w.org\/{rel}","templated":true}]}}