{"id":1393,"date":"2021-04-02T11:59:18","date_gmt":"2021-04-02T09:59:18","guid":{"rendered":"https:\/\/mvt.mfr.fr\/?p=1393"},"modified":"2021-05-21T19:10:30","modified_gmt":"2021-05-21T17:10:30","slug":"provox-une-belle-occasion-pour-vous-exprimer","status":"publish","type":"post","link":"https:\/\/mvt.mfr.fr\/index.php\/2021\/04\/02\/provox-une-belle-occasion-pour-vous-exprimer\/","title":{"rendered":"Provox : une belle occasion pour vous exprimer"},"content":{"rendered":"\n<h2>Parce que votre avis compte, c&rsquo;est important pour nous de pouvoir l&rsquo;entendre.<\/h2>\n\n\n\n<p>En effet, de nombreuses voix s&rsquo;accordent aujourd&rsquo;hui pour dire que les jeunes sont les <strong>d\u00e9cideurs de demain<\/strong>. Paradoxalement, lorsque les jeunes expriment leur avis, on leur fait parfois comprendre qu\u2019il est bon de laisser les \u00ab plus de 30 ans \u00bb r\u00e9fl\u00e9chir et prendre les d\u00e9cisions.<\/p>\n\n\n\n<p>Pourtant, l\u2019Union Europ\u00e9enne et ses institutions semblent aller \u00e0 contre courant en mettant en place depuis de nombreuses ann\u00e9es un <strong>dialogue avec les jeunes<\/strong>. Le but ? Prendre v\u00e9ritablement en compte leur avis pour <strong>imaginer les politiques de demain<\/strong>.<\/p>\n\n\n\n<h2>Exprimez-vous gr\u00e2ce \u00e0 Provox.<\/h2>\n\n\n\n<p>Ce dialogue entre les jeunes et \u00ab l\u2019Europe \u00bb existe en France et s\u2019appelle <a href=\"https:\/\/provox-jeunesse.fr\/\">Provox<\/a>. Actuellement, le th\u00e8me est li\u00e9 \u00e0 l\u2019objectif europ\u00e9en pour la jeunesse n\u00b0 9 : \u00ab\u00a0des espaces de participation pour tou.t.e.s.<\/p>\n\n\n\n<p>La campagne pour \u00e9changer s\u2019appelle \u00ab participation, \u00e9mancipation, transformation \u00bb, elle est port\u00e9e par le CNAJEP qui nous explique <strong>comment participer \u00e0 l\u2019enqu\u00eate europ\u00e9enne<\/strong> lanc\u00e9e d\u00e9but mars :<\/p>\n\n\n\n<p>\u00ab Dites-nous dans quels types d\u2019espaces publics vous aimeriez vous rencontrer, discuter de points de vue politiques, rencontrer des d\u00e9cideurs et organiser des projets qui vous semblent importants. Nous souhaitons \u00e9galement nous assurer que vous recevez des informations claires sur des questions publiques qui vous int\u00e9ressent et qu\u2019elles vous aident \u00e0 acqu\u00e9rir les comp\u00e9tences n\u00e9cessaires pour comprendre ce type d\u2019informations et \u00e0 y r\u00e9fl\u00e9chir de mani\u00e8re critique. Nous vous invitons donc \u00e0 remplir ce questionnaire, ce qui ne vous prendra pas plus de 8 minutes. \u00bb<\/p>\n\n\n\n<h2>Pour y r\u00e9pondre c&rsquo;est par l\u00e0 !<\/h2>\n\n\n\n<p><a href=\"https:\/\/ec.europa.eu\/eusurvey\/runner\/EU-YOUTH-DIALOGUE-8TH-CYCLE\">https:\/\/ec.europa.eu\/eusurvey\/runner\/EU-YOUTH-DIALOGUE-8TH-CYCLE<\/a><br>Vous pouvez changer la langue en haut \u00e0 droite !<\/p>\n\n\n\n<h2>Votre voix compte !<\/h2>\n\n\n\n<p>Comme le rappelle le groupe de pilotage europ\u00e9en du dialogue, compos\u00e9 de repr\u00e9sentants des conseils de la jeunesse, des minist\u00e8res de la jeunesse, du Forum europ\u00e9en de la jeunesse et de la Commission europ\u00e9enne :<\/p>\n\n\n\n<blockquote class=\"wp-block-quote\"><p>\u00ab Toutes les contributions sont anonymes. Vos r\u00e9ponses alimenteront la r\u00e9flexion sur les r\u00e9sultats du 8e cycle du dialogue de l\u2019Union europ\u00e9enne en faveur de la jeunesse. \u00bb<\/p><\/blockquote>\n\n\n\n<p>Alors, vous avez d\u00e9sormais une cl\u00e9 en main pour pouvoir changer les choses. <strong>Allez-vous l&rsquo;utiliser ?<\/strong><\/p>\n","protected":false},"excerpt":{"rendered":"<p>Parce que votre avis compte, c&rsquo;est important pour nous de pouvoir l&rsquo;entendre.<\/p>\n","protected":false},"author":5,"featured_media":1394,"comment_status":"closed","ping_status":"open","sticky":false,"template":"","format":"standard","meta":{"inline_featured_image":false,"spay_email":""},"categories":[16],"tags":[1037,960,1036],"yoast_head":"<!-- This site is optimized with the Yoast SEO plugin v17.1 - https:\/\/yoast.com\/wordpress\/plugins\/seo\/ -->\n<meta name=\"description\" content=\"Parce que votre avis compte, c&#039;est important pour nous de pouvoir l&#039;entendre.\" \/>\n<meta name=\"robots\" content=\"index, follow, max-snippet:-1, max-image-preview:large, max-video-preview:-1\" \/>\n<link rel=\"canonical\" href=\"https:\/\/mvt.mfr.fr\/index.php\/2021\/04\/02\/provox-une-belle-occasion-pour-vous-exprimer\/\" \/>\n<meta property=\"og:locale\" content=\"fr_FR\" \/>\n<meta property=\"og:type\" content=\"article\" \/>\n<meta property=\"og:title\" content=\"Provox : une belle occasion pour vous exprimer\" \/>\n<meta property=\"og:description\" content=\"Parce que votre avis compte, c&#039;est important pour nous de pouvoir l&#039;entendre.\" \/>\n<meta property=\"og:url\" content=\"https:\/\/mvt.mfr.fr\/index.php\/2021\/04\/02\/provox-une-belle-occasion-pour-vous-exprimer\/\" \/>\n<meta property=\"og:site_name\" content=\"MVT\" \/>\n<meta property=\"article:published_time\" content=\"2021-04-02T09:59:18+00:00\" \/>\n<meta property=\"article:modified_time\" content=\"2021-05-21T17:10:30+00:00\" \/>\n<meta property=\"og:image\" content=\"https:\/\/mvt.mfr.fr\/wp-content\/uploads\/2021\/04\/japheth-mast-Ls3yexjyRpk-unsplash.jpg\" \/>\n\t<meta property=\"og:image:width\" content=\"1920\" \/>\n\t<meta property=\"og:image:height\" content=\"1280\" \/>\n<meta name=\"twitter:card\" content=\"summary_large_image\" \/>\n<meta name=\"twitter:title\" content=\"Provox : une belle occasion pour vous exprimer\" \/>\n<meta name=\"twitter:description\" content=\"Parce que votre avis compte, c&#039;est important pour nous de pouvoir l&#039;entendre.\" \/>\n<meta name=\"twitter:image\" content=\"https:\/\/mvt.mfr.fr\/wp-content\/uploads\/2021\/04\/japheth-mast-Ls3yexjyRpk-unsplash.jpg\" \/>\n<meta name=\"twitter:label1\" content=\"\u00c9crit par\" \/>\n\t<meta name=\"twitter:data1\" content=\"Olivier\" \/>\n\t<meta name=\"twitter:label2\" content=\"Dur\u00e9e de lecture est.\" \/>\n\t<meta name=\"twitter:data2\" content=\"2 minutes\" \/>\n<script type=\"application\/ld+json\" class=\"yoast-schema-graph\">{\"@context\":\"https:\/\/schema.org\",\"@graph\":[{\"@type\":\"WebSite\",\"@id\":\"https:\/\/mvt.mfr.fr\/#website\",\"url\":\"https:\/\/mvt.mfr.fr\/\",\"name\":\"MVT\",\"description\":\"Le M\\u00e9dia Vraiment Tout terrain\",\"potentialAction\":[{\"@type\":\"SearchAction\",\"target\":{\"@type\":\"EntryPoint\",\"urlTemplate\":\"https:\/\/mvt.mfr.fr\/?s={search_term_string}\"},\"query-input\":\"required name=search_term_string\"}],\"inLanguage\":\"fr-FR\"},{\"@type\":\"ImageObject\",\"@id\":\"https:\/\/mvt.mfr.fr\/index.php\/2021\/04\/02\/provox-une-belle-occasion-pour-vous-exprimer\/#primaryimage\",\"inLanguage\":\"fr-FR\",\"url\":\"https:\/\/mvt.mfr.fr\/wp-content\/uploads\/2021\/04\/japheth-mast-Ls3yexjyRpk-unsplash.jpg\",\"contentUrl\":\"https:\/\/mvt.mfr.fr\/wp-content\/uploads\/2021\/04\/japheth-mast-Ls3yexjyRpk-unsplash.jpg\",\"width\":1920,\"height\":1280},{\"@type\":\"WebPage\",\"@id\":\"https:\/\/mvt.mfr.fr\/index.php\/2021\/04\/02\/provox-une-belle-occasion-pour-vous-exprimer\/#webpage\",\"url\":\"https:\/\/mvt.mfr.fr\/index.php\/2021\/04\/02\/provox-une-belle-occasion-pour-vous-exprimer\/\",\"name\":\"Provox : une belle occasion pour vous exprimer - MVT\",\"isPartOf\":{\"@id\":\"https:\/\/mvt.mfr.fr\/#website\"},\"primaryImageOfPage\":{\"@id\":\"https:\/\/mvt.mfr.fr\/index.php\/2021\/04\/02\/provox-une-belle-occasion-pour-vous-exprimer\/#primaryimage\"},\"datePublished\":\"2021-04-02T09:59:18+00:00\",\"dateModified\":\"2021-05-21T17:10:30+00:00\",\"author\":{\"@id\":\"https:\/\/mvt.mfr.fr\/#\/schema\/person\/0bfea2d415254b1280fb448cbc6cc94f\"},\"description\":\"Parce que votre avis compte, c'est important pour nous de pouvoir l'entendre.\",\"breadcrumb\":{\"@id\":\"https:\/\/mvt.mfr.fr\/index.php\/2021\/04\/02\/provox-une-belle-occasion-pour-vous-exprimer\/#breadcrumb\"},\"inLanguage\":\"fr-FR\",\"potentialAction\":[{\"@type\":\"ReadAction\",\"target\":[\"https:\/\/mvt.mfr.fr\/index.php\/2021\/04\/02\/provox-une-belle-occasion-pour-vous-exprimer\/\"]}]},{\"@type\":\"BreadcrumbList\",\"@id\":\"https:\/\/mvt.mfr.fr\/index.php\/2021\/04\/02\/provox-une-belle-occasion-pour-vous-exprimer\/#breadcrumb\",\"itemListElement\":[{\"@type\":\"ListItem\",\"position\":1,\"name\":\"Accueil\",\"item\":\"https:\/\/mvt.mfr.fr\/\"},{\"@type\":\"ListItem\",\"position\":2,\"name\":\"Provox : une belle occasion pour vous exprimer\"}]},{\"@type\":\"Person\",\"@id\":\"https:\/\/mvt.mfr.fr\/#\/schema\/person\/0bfea2d415254b1280fb448cbc6cc94f\",\"name\":\"Olivier\",\"description\":\"Charg\\u00e9 de d\\u00e9veloppement europ\\u00e9en, Olivier a connu les MFR lorsqu'il travaillait au S\\u00e9n\\u00e9gal. Sa confiance dans le pouvoir d\\u2019agir des jeunes et dans la capacit\\u00e9 d\\u2019innovation des territoires ruraux, sous toutes les latitudes, est rest\\u00e9e intacte depuis cette \\u00e9poque.\",\"url\":\"https:\/\/mvt.mfr.fr\/index.php\/author\/olivier\/\"}]}<\/script>\n<!-- \/ Yoast SEO plugin. -->","yoast_head_json":{"description":"Parce que votre avis compte, c'est important pour nous de pouvoir l'entendre.","robots":{"index":"index","follow":"follow","max-snippet":"max-snippet:-1","max-image-preview":"max-image-preview:large","max-video-preview":"max-video-preview:-1"},"canonical":"https:\/\/mvt.mfr.fr\/index.php\/2021\/04\/02\/provox-une-belle-occasion-pour-vous-exprimer\/","og_locale":"fr_FR","og_type":"article","og_title":"Provox : une belle occasion pour vous exprimer","og_description":"Parce que votre avis compte, c'est important pour nous de pouvoir l'entendre.","og_url":"https:\/\/mvt.mfr.fr\/index.php\/2021\/04\/02\/provox-une-belle-occasion-pour-vous-exprimer\/","og_site_name":"MVT","article_published_time":"2021-04-02T09:59:18+00:00","article_modified_time":"2021-05-21T17:10:30+00:00","og_image":[{"width":1920,"height":1280,"url":"https:\/\/mvt.mfr.fr\/wp-content\/uploads\/2021\/04\/japheth-mast-Ls3yexjyRpk-unsplash.jpg","path":"\/var\/www\/clients\/client3\/web3\/web\/wp-content\/uploads\/2021\/04\/japheth-mast-Ls3yexjyRpk-unsplash.jpg","size":"full","id":"1394","alt":"","pixels":2457600,"type":"image\/jpeg"}],"twitter_card":"summary_large_image","twitter_title":"Provox : une belle occasion pour vous exprimer","twitter_description":"Parce que votre avis compte, c'est important pour nous de pouvoir l'entendre.","twitter_image":"https:\/\/mvt.mfr.fr\/wp-content\/uploads\/2021\/04\/japheth-mast-Ls3yexjyRpk-unsplash.jpg","twitter_misc":{"\u00c9crit par":"Olivier","Dur\u00e9e de lecture est.":"2 minutes"},"schema":{"@context":"https:\/\/schema.org","@graph":[{"@type":"WebSite","@id":"https:\/\/mvt.mfr.fr\/#website","url":"https:\/\/mvt.mfr.fr\/","name":"MVT","description":"Le M\u00e9dia Vraiment Tout terrain","potentialAction":[{"@type":"SearchAction","target":{"@type":"EntryPoint","urlTemplate":"https:\/\/mvt.mfr.fr\/?s={search_term_string}"},"query-input":"required name=search_term_string"}],"inLanguage":"fr-FR"},{"@type":"ImageObject","@id":"https:\/\/mvt.mfr.fr\/index.php\/2021\/04\/02\/provox-une-belle-occasion-pour-vous-exprimer\/#primaryimage","inLanguage":"fr-FR","url":"https:\/\/mvt.mfr.fr\/wp-content\/uploads\/2021\/04\/japheth-mast-Ls3yexjyRpk-unsplash.jpg","contentUrl":"https:\/\/mvt.mfr.fr\/wp-content\/uploads\/2021\/04\/japheth-mast-Ls3yexjyRpk-unsplash.jpg","width":1920,"height":1280},{"@type":"WebPage","@id":"https:\/\/mvt.mfr.fr\/index.php\/2021\/04\/02\/provox-une-belle-occasion-pour-vous-exprimer\/#webpage","url":"https:\/\/mvt.mfr.fr\/index.php\/2021\/04\/02\/provox-une-belle-occasion-pour-vous-exprimer\/","name":"Provox : une belle occasion pour vous exprimer - MVT","isPartOf":{"@id":"https:\/\/mvt.mfr.fr\/#website"},"primaryImageOfPage":{"@id":"https:\/\/mvt.mfr.fr\/index.php\/2021\/04\/02\/provox-une-belle-occasion-pour-vous-exprimer\/#primaryimage"},"datePublished":"2021-04-02T09:59:18+00:00","dateModified":"2021-05-21T17:10:30+00:00","author":{"@id":"https:\/\/mvt.mfr.fr\/#\/schema\/person\/0bfea2d415254b1280fb448cbc6cc94f"},"description":"Parce que votre avis compte, c'est important pour nous de pouvoir l'entendre.","breadcrumb":{"@id":"https:\/\/mvt.mfr.fr\/index.php\/2021\/04\/02\/provox-une-belle-occasion-pour-vous-exprimer\/#breadcrumb"},"inLanguage":"fr-FR","potentialAction":[{"@type":"ReadAction","target":["https:\/\/mvt.mfr.fr\/index.php\/2021\/04\/02\/provox-une-belle-occasion-pour-vous-exprimer\/"]}]},{"@type":"BreadcrumbList","@id":"https:\/\/mvt.mfr.fr\/index.php\/2021\/04\/02\/provox-une-belle-occasion-pour-vous-exprimer\/#breadcrumb","itemListElement":[{"@type":"ListItem","position":1,"name":"Accueil","item":"https:\/\/mvt.mfr.fr\/"},{"@type":"ListItem","position":2,"name":"Provox : une belle occasion pour vous exprimer"}]},{"@type":"Person","@id":"https:\/\/mvt.mfr.fr\/#\/schema\/person\/0bfea2d415254b1280fb448cbc6cc94f","name":"Olivier","description":"Charg\u00e9 de d\u00e9veloppement europ\u00e9en, Olivier a connu les MFR lorsqu'il travaillait au S\u00e9n\u00e9gal. Sa confiance dans le pouvoir d\u2019agir des jeunes et dans la capacit\u00e9 d\u2019innovation des territoires ruraux, sous toutes les latitudes, est rest\u00e9e intacte depuis cette \u00e9poque.","url":"https:\/\/mvt.mfr.fr\/index.php\/author\/olivier\/"}]}},"jetpack_featured_media_url":"https:\/\/mvt.mfr.fr\/wp-content\/uploads\/2021\/04\/japheth-mast-Ls3yexjyRpk-unsplash.jpg","_links":{"self":[{"href":"https:\/\/mvt.mfr.fr\/index.php\/wp-json\/wp\/v2\/posts\/1393"}],"collection":[{"href":"https:\/\/mvt.mfr.fr\/index.php\/wp-json\/wp\/v2\/posts"}],"about":[{"href":"https:\/\/mvt.mfr.fr\/index.php\/wp-json\/wp\/v2\/types\/post"}],"author":[{"embeddable":true,"href":"https:\/\/mvt.mfr.fr\/index.php\/wp-json\/wp\/v2\/users\/5"}],"replies":[{"embeddable":true,"href":"https:\/\/mvt.mfr.fr\/index.php\/wp-json\/wp\/v2\/comments?post=1393"}],"version-history":[{"count":3,"href":"https:\/\/mvt.mfr.fr\/index.php\/wp-json\/wp\/v2\/posts\/1393\/revisions"}],"predecessor-version":[{"id":1397,"href":"https:\/\/mvt.mfr.fr\/index.php\/wp-json\/wp\/v2\/posts\/1393\/revisions\/1397"}],"wp:featuredmedia":[{"embeddable":true,"href":"https:\/\/mvt.mfr.fr\/index.php\/wp-json\/wp\/v2\/media\/1394"}],"wp:attachment":[{"href":"https:\/\/mvt.mfr.fr\/index.php\/wp-json\/wp\/v2\/media?parent=1393"}],"wp:term":[{"taxonomy":"category","embeddable":true,"href":"https:\/\/mvt.mfr.fr\/index.php\/wp-json\/wp\/v2\/categories?post=1393"},{"taxonomy":"post_tag","embeddable":true,"href":"https:\/\/mvt.mfr.fr\/index.php\/wp-json\/wp\/v2\/tags?post=1393"}],"curies":[{"name":"wp","href":"https:\/\/api.w.org\/{rel}","templated":true}]}}