{"id":1194,"date":"2021-02-05T13:20:00","date_gmt":"2021-02-05T12:20:00","guid":{"rendered":"https:\/\/mvt.mfr.fr\/?p=1194"},"modified":"2021-06-04T16:51:34","modified_gmt":"2021-06-04T14:51:34","slug":"le-brexit-quelles-consequences-pour-les-projets-erasmus","status":"publish","type":"post","link":"https:\/\/mvt.mfr.fr\/index.php\/2021\/02\/05\/le-brexit-quelles-consequences-pour-les-projets-erasmus\/","title":{"rendered":"Le Brexit : quelles cons\u00e9quences pour les projets Erasmus ?"},"content":{"rendered":"\n<h2>Le Brexit c&rsquo;est maintenant<\/h2>\n\n\n\n<p><strong>Le Royaume-Uni a fait le choix de quitter l&rsquo;Union Europ\u00e9enne le 1er Janvier 2021. Dans la continuit\u00e9 de de cette situation in\u00e9dite, le gouvernement britannique a fait le choix de ne pas poursuivre le programme Erasmus+.<\/strong><\/p>\n\n\n\n<blockquote class=\"wp-block-quote\"><p>\u00abCela n&rsquo;a pas \u00e9t\u00e9 une surprise, (\u2026), Erasmus est un programme de softpower qui fait se rencontrer les gens, (\u2026) c&rsquo;est une immense d\u00e9ception, mais je dirai aussi que c&rsquo;est le ferment du Royaume D\u00e9suni parce qu&rsquo;on a vu la r\u00e9action imm\u00e9diate de l&rsquo;Irlande du Nord qui indique rester dans le programme et l&rsquo;\u00e9cosse a fait aussi un appel vid\u00e9o aux \u00e9tudiants europ\u00e9ens \u00ab\u00a0Welcome\u00a0\u00bb\u00bb<\/p><cite>Laurence FARRENG, Eurod\u00e9put\u00e9e fran\u00e7aise, membre de la commission culture et \u00e9ducation du parlement europ\u00e9en. Propos tenus lors de la conf\u00e9rence annuelle de l&rsquo;agence.<\/cite><\/blockquote>\n\n\n\n<p>La Grande-Bretagne \u00e9tant l&rsquo;une des destinations phare des \u00e9tudiants et lyc\u00e9ens europ\u00e9ens, quelles sont les cons\u00e9quences de cette d\u00e9cision sur les projets de mobilit\u00e9 vers le Royaume-Uni ?<\/p>\n\n\n\n<h2>Quelles cons\u00e9quences pour les projets Erasmus+ ?<\/h2>\n\n\n\n<p>Tous les projets conclus avant le 1er Janvier 2021 permettent encore des mobilit\u00e9s en Grande-Bretagne jusqu&rsquo;\u00e0 leur date de fin. Pour prendre un exemple : les mobilit\u00e9s seront possibles au Royaume-Uni pour un projet qui commence le 1\/09\/20 et qui termine le 31\/08\/22 sur toute la dur\u00e9e du projet.<\/p>\n\n\n\n<h2>Et pour les formalit\u00e9s ?<\/h2>\n\n\n\n<p>D&rsquo;apr\u00e8s le site du <a href=\"https:\/\/www.diplomatie.gouv.fr\/\">minist\u00e8re de l&rsquo;Europe et des affaires \u00e9trang\u00e8res<\/a>, \u00ab\u00a0\u00c0 compter du 1er janvier 2021, fin de la p\u00e9riode de transition, il sera toujours possible d\u2019entrer sur le territoire britannique sans visa, pour une dur\u00e9e de six mois maximum, dans le cadre d\u2019un s\u00e9jour touristique ou d\u2019une visite \u00e0 des parents ou amis, ou pour la plupart des d\u00e9placements ponctuels dans le cadre d\u2019une activit\u00e9 professionnelle.\u00a0\u00bb<\/p>\n\n\n\n<p>Pour plus de pr\u00e9cisions, vous pouvez \u00e9galement consulter le site du gouvernement du Royaume-Uni : <a href=\"https:\/\/www.gov.uk\/guidance\/visiting-the-uk-from-1-january-2021\">https:\/\/www.gov.uk\/guidance\/visiting-the-uk-from-1-january-2021<\/a><\/p>\n\n\n\n<p>Il faut \u00e9galement s&rsquo;assurer que l&rsquo;assurance sant\u00e9 couvre bien d\u00e9sormais la Grande-Bretagne.<\/p>\n\n\n\n<h2>Et apr\u00e8s 2022 ?<\/h2>\n\n\n\n<p>Il n&rsquo;est pas n\u00e9cessaire de partir dans un pays anglophone pour progresser en Anglais. Quantit\u00e9 d&rsquo;autres pays vous permettront de progresser\u2026 et vous pourrez m\u00eame vous sentir plus \u00e0 l&rsquo;aise de parler en Anglais avec des personnes dont ce n&rsquo;est pas la langue maternelle. Alors n&rsquo;h\u00e9sitez pas, ouvrez-vous \u00e0 d&rsquo;autres horizons !<\/p>\n\n\n\n<p>Pour plus d&rsquo;informations, n&rsquo;h\u00e9sitez pas \u00e0 consulter le site de l&rsquo;agence Erasmus : <a href=\"https:\/\/agence.erasmusplus.fr\/programme-erasmus\/presentation-programme-erasmus\/les-pays-participants\/erasmus-et-le-brexit\/ \">https:\/\/agence.erasmusplus.fr\/programme-erasmus\/presentation-programme-erasmus\/les-pays-participants\/erasmus-et-le-brexit\/ <\/a><\/p>\n","protected":false},"excerpt":{"rendered":"<p>Le Royaume-Uni a fait le choix de quitter l&rsquo;Union Europ\u00e9enne le 1er Janvier 2021. Dans la continuit\u00e9 de de cette situation in\u00e9dite, le gouvernement britannique a fait le choix de ne pas poursuivre le programme Erasmus+.<\/p>\n","protected":false},"author":7,"featured_media":1201,"comment_status":"closed","ping_status":"open","sticky":false,"template":"","format":"standard","meta":{"inline_featured_image":false,"spay_email":""},"categories":[16,1073],"tags":[1014,977],"yoast_head":"<!-- This site is optimized with the Yoast SEO plugin v17.1 - https:\/\/yoast.com\/wordpress\/plugins\/seo\/ -->\n<meta name=\"description\" content=\"Le Royaume-Uni a fait le choix de quitter l&#039;Union Europ\u00e9enne le 1er Janvier 2021. Dans la continuit\u00e9 de de cette situation in\u00e9dite, le gouvernement britannique a fait le choix de ne pas poursuivre le programme Erasmus+.\" \/>\n<meta name=\"robots\" content=\"index, follow, max-snippet:-1, max-image-preview:large, max-video-preview:-1\" \/>\n<link rel=\"canonical\" href=\"https:\/\/mvt.mfr.fr\/index.php\/2021\/02\/05\/le-brexit-quelles-consequences-pour-les-projets-erasmus\/\" \/>\n<meta property=\"og:locale\" content=\"fr_FR\" \/>\n<meta property=\"og:type\" content=\"article\" \/>\n<meta property=\"og:title\" content=\"Le Brexit : quelles cons\u00e9quences pour les projets Erasmus ?\" \/>\n<meta property=\"og:description\" content=\"Le Royaume-Uni a fait le choix de quitter l&#039;Union Europ\u00e9enne le 1er Janvier 2021. Dans la continuit\u00e9 de de cette situation in\u00e9dite, le gouvernement britannique a fait le choix de ne pas poursuivre le programme Erasmus+.\" \/>\n<meta property=\"og:url\" content=\"https:\/\/mvt.mfr.fr\/index.php\/2021\/02\/05\/le-brexit-quelles-consequences-pour-les-projets-erasmus\/\" \/>\n<meta property=\"og:site_name\" content=\"MVT\" \/>\n<meta property=\"article:published_time\" content=\"2021-02-05T12:20:00+00:00\" \/>\n<meta property=\"article:modified_time\" content=\"2021-06-04T14:51:34+00:00\" \/>\n<meta property=\"og:image\" content=\"https:\/\/mvt.mfr.fr\/wp-content\/uploads\/2021\/02\/mantas-hesthaven-_g1WdcKcV3w-unsplash.jpg\" \/>\n\t<meta property=\"og:image:width\" content=\"1920\" \/>\n\t<meta property=\"og:image:height\" content=\"1374\" \/>\n<meta name=\"twitter:card\" content=\"summary_large_image\" \/>\n<meta name=\"twitter:title\" content=\"Le Brexit : quelles cons\u00e9quences pour les projets Erasmus ?\" \/>\n<meta name=\"twitter:description\" content=\"Le Royaume-Uni a fait le choix de quitter l&#039;Union Europ\u00e9enne le 1er Janvier 2021. Dans la continuit\u00e9 de de cette situation in\u00e9dite, le gouvernement britannique a fait le choix de ne pas poursuivre le programme Erasmus+.\" \/>\n<meta name=\"twitter:image\" content=\"https:\/\/mvt.mfr.fr\/wp-content\/uploads\/2021\/02\/mantas-hesthaven-_g1WdcKcV3w-unsplash.jpg\" \/>\n<meta name=\"twitter:label1\" content=\"\u00c9crit par\" \/>\n\t<meta name=\"twitter:data1\" content=\"Jean-Yves\" \/>\n\t<meta name=\"twitter:label2\" content=\"Dur\u00e9e de lecture est.\" \/>\n\t<meta name=\"twitter:data2\" content=\"2 minutes\" \/>\n<script type=\"application\/ld+json\" class=\"yoast-schema-graph\">{\"@context\":\"https:\/\/schema.org\",\"@graph\":[{\"@type\":\"WebSite\",\"@id\":\"https:\/\/mvt.mfr.fr\/#website\",\"url\":\"https:\/\/mvt.mfr.fr\/\",\"name\":\"MVT\",\"description\":\"Le M\\u00e9dia Vraiment Tout terrain\",\"potentialAction\":[{\"@type\":\"SearchAction\",\"target\":{\"@type\":\"EntryPoint\",\"urlTemplate\":\"https:\/\/mvt.mfr.fr\/?s={search_term_string}\"},\"query-input\":\"required name=search_term_string\"}],\"inLanguage\":\"fr-FR\"},{\"@type\":\"ImageObject\",\"@id\":\"https:\/\/mvt.mfr.fr\/index.php\/2021\/02\/05\/le-brexit-quelles-consequences-pour-les-projets-erasmus\/#primaryimage\",\"inLanguage\":\"fr-FR\",\"url\":\"https:\/\/mvt.mfr.fr\/wp-content\/uploads\/2021\/02\/mantas-hesthaven-_g1WdcKcV3w-unsplash.jpg\",\"contentUrl\":\"https:\/\/mvt.mfr.fr\/wp-content\/uploads\/2021\/02\/mantas-hesthaven-_g1WdcKcV3w-unsplash.jpg\",\"width\":1920,\"height\":1374,\"caption\":\"Photo by Mantas Hesthaven on Unsplash\"},{\"@type\":\"WebPage\",\"@id\":\"https:\/\/mvt.mfr.fr\/index.php\/2021\/02\/05\/le-brexit-quelles-consequences-pour-les-projets-erasmus\/#webpage\",\"url\":\"https:\/\/mvt.mfr.fr\/index.php\/2021\/02\/05\/le-brexit-quelles-consequences-pour-les-projets-erasmus\/\",\"name\":\"Le Brexit : quelles cons\\u00e9quences pour les projets Erasmus ? - MVT\",\"isPartOf\":{\"@id\":\"https:\/\/mvt.mfr.fr\/#website\"},\"primaryImageOfPage\":{\"@id\":\"https:\/\/mvt.mfr.fr\/index.php\/2021\/02\/05\/le-brexit-quelles-consequences-pour-les-projets-erasmus\/#primaryimage\"},\"datePublished\":\"2021-02-05T12:20:00+00:00\",\"dateModified\":\"2021-06-04T14:51:34+00:00\",\"author\":{\"@id\":\"https:\/\/mvt.mfr.fr\/#\/schema\/person\/326f0a72f1320082760a8560e6014014\"},\"description\":\"Le Royaume-Uni a fait le choix de quitter l'Union Europ\\u00e9enne le 1er Janvier 2021. Dans la continuit\\u00e9 de de cette situation in\\u00e9dite, le gouvernement britannique a fait le choix de ne pas poursuivre le programme Erasmus+.\",\"breadcrumb\":{\"@id\":\"https:\/\/mvt.mfr.fr\/index.php\/2021\/02\/05\/le-brexit-quelles-consequences-pour-les-projets-erasmus\/#breadcrumb\"},\"inLanguage\":\"fr-FR\",\"potentialAction\":[{\"@type\":\"ReadAction\",\"target\":[\"https:\/\/mvt.mfr.fr\/index.php\/2021\/02\/05\/le-brexit-quelles-consequences-pour-les-projets-erasmus\/\"]}]},{\"@type\":\"BreadcrumbList\",\"@id\":\"https:\/\/mvt.mfr.fr\/index.php\/2021\/02\/05\/le-brexit-quelles-consequences-pour-les-projets-erasmus\/#breadcrumb\",\"itemListElement\":[{\"@type\":\"ListItem\",\"position\":1,\"name\":\"Accueil\",\"item\":\"https:\/\/mvt.mfr.fr\/\"},{\"@type\":\"ListItem\",\"position\":2,\"name\":\"Le Brexit : quelles cons\\u00e9quences pour les projets Erasmus ?\"}]},{\"@type\":\"Person\",\"@id\":\"https:\/\/mvt.mfr.fr\/#\/schema\/person\/326f0a72f1320082760a8560e6014014\",\"name\":\"Jean-Yves\",\"description\":\"Charg\\u00e9 de mission Erasmus de l\\u2019Union Nationale des MFR, Jean-Yves est en lien direct avec les acteurs et partenaires qui \\u0153uvrent pour la mobilit\\u00e9 Erasmus. Sa conviction ? \\u00ab Tout seul on va plus vite, mais ensemble on va plus loin \\u00bb !\",\"url\":\"https:\/\/mvt.mfr.fr\/index.php\/author\/jean-yves\/\"}]}<\/script>\n<!-- \/ Yoast SEO plugin. -->","yoast_head_json":{"description":"Le Royaume-Uni a fait le choix de quitter l'Union Europ\u00e9enne le 1er Janvier 2021. Dans la continuit\u00e9 de de cette situation in\u00e9dite, le gouvernement britannique a fait le choix de ne pas poursuivre le programme Erasmus+.","robots":{"index":"index","follow":"follow","max-snippet":"max-snippet:-1","max-image-preview":"max-image-preview:large","max-video-preview":"max-video-preview:-1"},"canonical":"https:\/\/mvt.mfr.fr\/index.php\/2021\/02\/05\/le-brexit-quelles-consequences-pour-les-projets-erasmus\/","og_locale":"fr_FR","og_type":"article","og_title":"Le Brexit : quelles cons\u00e9quences pour les projets Erasmus ?","og_description":"Le Royaume-Uni a fait le choix de quitter l'Union Europ\u00e9enne le 1er Janvier 2021. Dans la continuit\u00e9 de de cette situation in\u00e9dite, le gouvernement britannique a fait le choix de ne pas poursuivre le programme Erasmus+.","og_url":"https:\/\/mvt.mfr.fr\/index.php\/2021\/02\/05\/le-brexit-quelles-consequences-pour-les-projets-erasmus\/","og_site_name":"MVT","article_published_time":"2021-02-05T12:20:00+00:00","article_modified_time":"2021-06-04T14:51:34+00:00","og_image":[{"width":1920,"height":1374,"url":"https:\/\/mvt.mfr.fr\/wp-content\/uploads\/2021\/02\/mantas-hesthaven-_g1WdcKcV3w-unsplash.jpg","path":"\/var\/www\/clients\/client3\/web3\/web\/wp-content\/uploads\/2021\/02\/mantas-hesthaven-_g1WdcKcV3w-unsplash.jpg","size":"full","id":"1201","alt":"","pixels":2638080,"type":"image\/jpeg"}],"twitter_card":"summary_large_image","twitter_title":"Le Brexit : quelles cons\u00e9quences pour les projets Erasmus ?","twitter_description":"Le Royaume-Uni a fait le choix de quitter l'Union Europ\u00e9enne le 1er Janvier 2021. Dans la continuit\u00e9 de de cette situation in\u00e9dite, le gouvernement britannique a fait le choix de ne pas poursuivre le programme Erasmus+.","twitter_image":"https:\/\/mvt.mfr.fr\/wp-content\/uploads\/2021\/02\/mantas-hesthaven-_g1WdcKcV3w-unsplash.jpg","twitter_misc":{"\u00c9crit par":"Jean-Yves","Dur\u00e9e de lecture est.":"2 minutes"},"schema":{"@context":"https:\/\/schema.org","@graph":[{"@type":"WebSite","@id":"https:\/\/mvt.mfr.fr\/#website","url":"https:\/\/mvt.mfr.fr\/","name":"MVT","description":"Le M\u00e9dia Vraiment Tout terrain","potentialAction":[{"@type":"SearchAction","target":{"@type":"EntryPoint","urlTemplate":"https:\/\/mvt.mfr.fr\/?s={search_term_string}"},"query-input":"required name=search_term_string"}],"inLanguage":"fr-FR"},{"@type":"ImageObject","@id":"https:\/\/mvt.mfr.fr\/index.php\/2021\/02\/05\/le-brexit-quelles-consequences-pour-les-projets-erasmus\/#primaryimage","inLanguage":"fr-FR","url":"https:\/\/mvt.mfr.fr\/wp-content\/uploads\/2021\/02\/mantas-hesthaven-_g1WdcKcV3w-unsplash.jpg","contentUrl":"https:\/\/mvt.mfr.fr\/wp-content\/uploads\/2021\/02\/mantas-hesthaven-_g1WdcKcV3w-unsplash.jpg","width":1920,"height":1374,"caption":"Photo by Mantas Hesthaven on Unsplash"},{"@type":"WebPage","@id":"https:\/\/mvt.mfr.fr\/index.php\/2021\/02\/05\/le-brexit-quelles-consequences-pour-les-projets-erasmus\/#webpage","url":"https:\/\/mvt.mfr.fr\/index.php\/2021\/02\/05\/le-brexit-quelles-consequences-pour-les-projets-erasmus\/","name":"Le Brexit : quelles cons\u00e9quences pour les projets Erasmus ? - MVT","isPartOf":{"@id":"https:\/\/mvt.mfr.fr\/#website"},"primaryImageOfPage":{"@id":"https:\/\/mvt.mfr.fr\/index.php\/2021\/02\/05\/le-brexit-quelles-consequences-pour-les-projets-erasmus\/#primaryimage"},"datePublished":"2021-02-05T12:20:00+00:00","dateModified":"2021-06-04T14:51:34+00:00","author":{"@id":"https:\/\/mvt.mfr.fr\/#\/schema\/person\/326f0a72f1320082760a8560e6014014"},"description":"Le Royaume-Uni a fait le choix de quitter l'Union Europ\u00e9enne le 1er Janvier 2021. Dans la continuit\u00e9 de de cette situation in\u00e9dite, le gouvernement britannique a fait le choix de ne pas poursuivre le programme Erasmus+.","breadcrumb":{"@id":"https:\/\/mvt.mfr.fr\/index.php\/2021\/02\/05\/le-brexit-quelles-consequences-pour-les-projets-erasmus\/#breadcrumb"},"inLanguage":"fr-FR","potentialAction":[{"@type":"ReadAction","target":["https:\/\/mvt.mfr.fr\/index.php\/2021\/02\/05\/le-brexit-quelles-consequences-pour-les-projets-erasmus\/"]}]},{"@type":"BreadcrumbList","@id":"https:\/\/mvt.mfr.fr\/index.php\/2021\/02\/05\/le-brexit-quelles-consequences-pour-les-projets-erasmus\/#breadcrumb","itemListElement":[{"@type":"ListItem","position":1,"name":"Accueil","item":"https:\/\/mvt.mfr.fr\/"},{"@type":"ListItem","position":2,"name":"Le Brexit : quelles cons\u00e9quences pour les projets Erasmus ?"}]},{"@type":"Person","@id":"https:\/\/mvt.mfr.fr\/#\/schema\/person\/326f0a72f1320082760a8560e6014014","name":"Jean-Yves","description":"Charg\u00e9 de mission Erasmus de l\u2019Union Nationale des MFR, Jean-Yves est en lien direct avec les acteurs et partenaires qui \u0153uvrent pour la mobilit\u00e9 Erasmus. Sa conviction ? \u00ab Tout seul on va plus vite, mais ensemble on va plus loin \u00bb !","url":"https:\/\/mvt.mfr.fr\/index.php\/author\/jean-yves\/"}]}},"jetpack_featured_media_url":"https:\/\/mvt.mfr.fr\/wp-content\/uploads\/2021\/02\/mantas-hesthaven-_g1WdcKcV3w-unsplash.jpg","_links":{"self":[{"href":"https:\/\/mvt.mfr.fr\/index.php\/wp-json\/wp\/v2\/posts\/1194"}],"collection":[{"href":"https:\/\/mvt.mfr.fr\/index.php\/wp-json\/wp\/v2\/posts"}],"about":[{"href":"https:\/\/mvt.mfr.fr\/index.php\/wp-json\/wp\/v2\/types\/post"}],"author":[{"embeddable":true,"href":"https:\/\/mvt.mfr.fr\/index.php\/wp-json\/wp\/v2\/users\/7"}],"replies":[{"embeddable":true,"href":"https:\/\/mvt.mfr.fr\/index.php\/wp-json\/wp\/v2\/comments?post=1194"}],"version-history":[{"count":3,"href":"https:\/\/mvt.mfr.fr\/index.php\/wp-json\/wp\/v2\/posts\/1194\/revisions"}],"predecessor-version":[{"id":1207,"href":"https:\/\/mvt.mfr.fr\/index.php\/wp-json\/wp\/v2\/posts\/1194\/revisions\/1207"}],"wp:featuredmedia":[{"embeddable":true,"href":"https:\/\/mvt.mfr.fr\/index.php\/wp-json\/wp\/v2\/media\/1201"}],"wp:attachment":[{"href":"https:\/\/mvt.mfr.fr\/index.php\/wp-json\/wp\/v2\/media?parent=1194"}],"wp:term":[{"taxonomy":"category","embeddable":true,"href":"https:\/\/mvt.mfr.fr\/index.php\/wp-json\/wp\/v2\/categories?post=1194"},{"taxonomy":"post_tag","embeddable":true,"href":"https:\/\/mvt.mfr.fr\/index.php\/wp-json\/wp\/v2\/tags?post=1194"}],"curies":[{"name":"wp","href":"https:\/\/api.w.org\/{rel}","templated":true}]}}