{"id":1146,"date":"2021-02-16T11:46:10","date_gmt":"2021-02-16T10:46:10","guid":{"rendered":"https:\/\/www.mvt.mfr.fr\/?p=1146"},"modified":"2021-05-21T19:18:54","modified_gmt":"2021-05-21T17:18:54","slug":"connaissez-vous-les-conferences-gesticulees","status":"publish","type":"post","link":"https:\/\/mvt.mfr.fr\/index.php\/2021\/02\/16\/connaissez-vous-les-conferences-gesticulees\/","title":{"rendered":"Connaissez-vous les conf\u00e9rences gesticul\u00e9es ?"},"content":{"rendered":"\n<p><strong>Assister \u00e0 une conf\u00e9rence dynamique, voire m\u00eame divertissante, sur le th\u00e8me de la philosophie, de l&rsquo;\u00e9conomie, de l&rsquo;environnement ? Vous allez \u00eatre surpris !<\/strong><\/p>\n\n\n\n<h2>Gesticulons<\/h2>\n\n\n\n<p>Comment parler de sujets aussi divers et pr\u00e9cis que ceux du pouvoir d&rsquo;agir des jeunes, de Spinoza ou d&rsquo;\u00e9crivaines \u00e9cof\u00e9ministes, tout en faisant participer son audience ?<\/p>\n\n\n\n<p>Par la mise en sc\u00e8ne, le jeu, l&rsquo;humour, la controverse, les conf\u00e9rences gesticul\u00e9es sont des moments d&rsquo;<strong>expression publique<\/strong> qui nous donnent \u00e0 r\u00e9fl\u00e9chir. Entre repr\u00e9sentation artistique et r\u00e9flexions citoyennes, ces temps d&rsquo;\u00e9change avec un public sont li\u00e9s aux techniques d&rsquo;animation de l&rsquo;\u00e9ducation populaire.<\/p>\n\n\n\n<p>La conf\u00e9rence est une <strong>intervention individuelle<\/strong>, o\u00f9 un acteur parle de son exp\u00e9rience personnelle et y m\u00e9lange des apports th\u00e9oriques. La mise en sc\u00e8ne et la forme artistique permettent d&rsquo;<strong>interpeller le public<\/strong> et \u00e0 le faire interagir.<\/p>\n\n\n\n<p>Parmi les initiatives les plus connues, la coop\u00e9rative d\u2019\u00e9ducation populaire Scop LePav\u00e9 (devenus \u00ab\u00a0le contrepied\u00a0\u00bb et \u00ab\u00a0la trouvaille\u00a0\u00bb) et Franck Lepage sont devenus des \u00ab\u00a0gesticuleurs\u00a0\u00bb qui repr\u00e9sentent publiquement le mouvement.<\/p>\n\n\n\n<p>En bref, les conf\u00e9rences gesticul\u00e9es sont des formes d&rsquo;expressions de plus en plus courantes, men\u00e9es par des artistes qui nous interrogent sur des questions de soci\u00e9t\u00e9. Dans la continuit\u00e9 de ce mouvement, Job propose depuis 2018 sa cr\u00e9ation \u00abRetour Vers Le NoFutur\u00bb.<\/p>\n\n\n\n<h2>Retour Vers Le NoFutur<\/h2>\n\n\n\n<p>Dans son plus beau costume de <em>Marty McFly<\/em>, Job l&rsquo;a fait avec sa conf\u00e9rence gesticul\u00e9e. Dans un contexte d&rsquo;incertitude, l&rsquo;artiste revient sur ce qui rassemble, ce qui motive et permet de ne pas sombrer dans la d\u00e9pression ambiante li\u00e9e \u00e0 l&rsquo;id\u00e9e qu&rsquo;un individu ne peut pas changer le fil du temps ou contribuer \u00e0 un autre avenir.<\/p>\n\n\n\n<figure class=\"wp-block-image size-large is-resized\"><img loading=\"lazy\" src=\"data:image\/gif;base64,R0lGODlhAQABAAAAACH5BAEKAAEALAAAAAABAAEAAAICTAEAOw==\" alt=\"\" class=\"wp-image-1249 lazyload\" width=\"698\" height=\"391\" sizes=\"(max-width: 698px) 100vw, 698px\" data-src=\"https:\/\/mvt.mfr.fr\/wp-content\/uploads\/2021\/02\/conference-gesticulee-mondy-job-retour-vers-le-no-futur-1024x575.png\" data-srcset=\"https:\/\/mvt.mfr.fr\/wp-content\/uploads\/2021\/02\/conference-gesticulee-mondy-job-retour-vers-le-no-futur-1024x575.png 1024w, https:\/\/mvt.mfr.fr\/wp-content\/uploads\/2021\/02\/conference-gesticulee-mondy-job-retour-vers-le-no-futur-300x168.png 300w, https:\/\/mvt.mfr.fr\/wp-content\/uploads\/2021\/02\/conference-gesticulee-mondy-job-retour-vers-le-no-futur-768x431.png 768w, https:\/\/mvt.mfr.fr\/wp-content\/uploads\/2021\/02\/conference-gesticulee-mondy-job-retour-vers-le-no-futur-1536x863.png 1536w, https:\/\/mvt.mfr.fr\/wp-content\/uploads\/2021\/02\/conference-gesticulee-mondy-job-retour-vers-le-no-futur-150x84.png 150w, https:\/\/mvt.mfr.fr\/wp-content\/uploads\/2021\/02\/conference-gesticulee-mondy-job-retour-vers-le-no-futur-696x391.png 696w, https:\/\/mvt.mfr.fr\/wp-content\/uploads\/2021\/02\/conference-gesticulee-mondy-job-retour-vers-le-no-futur-1068x600.png 1068w, https:\/\/mvt.mfr.fr\/wp-content\/uploads\/2021\/02\/conference-gesticulee-mondy-job-retour-vers-le-no-futur.png 1884w\"><figcaption>\u00ab\u00a0Retour vers le no futur\u00a0\u00bb, \u00e0 l&rsquo;occasion de la conf\u00e9rence gesticul\u00e9e donn\u00e9e par Job \u00e0 la MFR de Mondy<\/figcaption><\/figure>\n\n\n\n<p>Il s&rsquo;adresse \u00e0 la fois aux jeunes et \u00e0 leur questionnement sur leur r\u00f4le dans la soci\u00e9t\u00e9, sur la difficult\u00e9 \u00e0 accepter de perdre ses illusions, tout en informant sur les risques de d\u00e9pendance et d&rsquo;addiction qui en d\u00e9coulent mais surtout en s&rsquo;adressant au citoyen qui sommeille en chacun.<\/p>\n\n\n\n<p>Et si un cours de philo se cache derri\u00e8re un savant fou et un jeune en gilet rouge, le futur semble plut\u00f4t joyeux ! Si vous souhaitez d\u00e9couvrir par vous m\u00eame le concept, la conf\u00e9rence de Job est disponible en int\u00e9gralit\u00e9 sur YouTube :<\/p>\n\n\n\n<figure class=\"wp-block-embed is-type-video is-provider-youtube wp-block-embed-youtube wp-embed-aspect-16-9 wp-has-aspect-ratio\"><div class=\"wp-block-embed__wrapper\">\n<iframe loading=\"lazy\" title=\"Conf\u00e9rence gesticul\u00e9e Retour Vers Le NoFutur\" width=\"696\" height=\"392\" src=\"https:\/\/www.youtube.com\/embed\/7eebzNFB1hI?feature=oembed\" frameborder=\"0\" allow=\"accelerometer; autoplay; clipboard-write; encrypted-media; gyroscope; picture-in-picture\" allowfullscreen><\/iframe>\n<\/div><\/figure>\n\n\n\n<p><a href=\"https:\/\/www.youtube.com\/watch?v=7eebzNFB1hI\">https:\/\/www.youtube.com\/watch?v=7eebzNFB1hI<\/a><\/p>\n\n\n\n<blockquote class=\"wp-block-quote\"><p>\u00ab\u00a0Ce n&rsquo;est pas la folie qui est capable de bouleverser le monde, c&rsquo;est la conscience.\u00a0\u00bb<\/p><cite>Spinoza<\/cite><\/blockquote>\n","protected":false},"excerpt":{"rendered":"<p>Assister \u00e0 une conf\u00e9rence dynamique, voire m\u00eame divertissante, sur le th\u00e8me de la philosophie, de l&rsquo;\u00e9conomie, de l&rsquo;environnement ? Vous allez \u00eatre surpris !<\/p>\n","protected":false},"author":5,"featured_media":1252,"comment_status":"closed","ping_status":"open","sticky":false,"template":"","format":"standard","meta":{"inline_featured_image":false,"spay_email":""},"categories":[951,13],"tags":[1023,1021,1022],"yoast_head":"<!-- This site is optimized with the Yoast SEO plugin v17.1 - https:\/\/yoast.com\/wordpress\/plugins\/seo\/ -->\n<meta name=\"description\" content=\"Assister \u00e0 une conf\u00e9rence dynamique, voire m\u00eame divertissante, sur le th\u00e8me de la philosophie, de l&#039;\u00e9conomie, de l&#039;environnement ? Vous allez \u00eatre surpris !\" \/>\n<meta name=\"robots\" content=\"index, follow, max-snippet:-1, max-image-preview:large, max-video-preview:-1\" \/>\n<link rel=\"canonical\" href=\"https:\/\/mvt.mfr.fr\/index.php\/2021\/02\/16\/connaissez-vous-les-conferences-gesticulees\/\" \/>\n<meta property=\"og:locale\" content=\"fr_FR\" \/>\n<meta property=\"og:type\" content=\"article\" \/>\n<meta property=\"og:title\" content=\"Connaissez-vous les conf\u00e9rences gesticul\u00e9es ?\" \/>\n<meta property=\"og:description\" content=\"Assister \u00e0 une conf\u00e9rence dynamique, voire m\u00eame divertissante, sur le th\u00e8me de la philosophie, de l&#039;\u00e9conomie, de l&#039;environnement ? C&#039;est possible !\" \/>\n<meta property=\"og:url\" content=\"https:\/\/mvt.mfr.fr\/index.php\/2021\/02\/16\/connaissez-vous-les-conferences-gesticulees\/\" \/>\n<meta property=\"og:site_name\" content=\"MVT\" \/>\n<meta property=\"article:published_time\" content=\"2021-02-16T10:46:10+00:00\" \/>\n<meta property=\"article:modified_time\" content=\"2021-05-21T17:18:54+00:00\" \/>\n<meta property=\"og:image\" content=\"https:\/\/mvt.mfr.fr\/wp-content\/uploads\/2021\/02\/8_etapes-devenir_acteur_changement-1.png\" \/>\n\t<meta property=\"og:image:width\" content=\"1800\" \/>\n\t<meta property=\"og:image:height\" content=\"1200\" \/>\n<meta name=\"twitter:card\" content=\"summary_large_image\" \/>\n<meta name=\"twitter:title\" content=\"Connaissez-vous les conf\u00e9rences gesticul\u00e9es ?\" \/>\n<meta name=\"twitter:description\" content=\"Assister \u00e0 une conf\u00e9rence dynamique, voire m\u00eame divertissante, sur le th\u00e8me de la philosophie, de l&#039;\u00e9conomie, de l&#039;environnement ? C&#039;est possible !\" \/>\n<meta name=\"twitter:image\" content=\"https:\/\/mvt.mfr.fr\/wp-content\/uploads\/2021\/02\/8_etapes-devenir_acteur_changement-1.png\" \/>\n<meta name=\"twitter:label1\" content=\"\u00c9crit par\" \/>\n\t<meta name=\"twitter:data1\" content=\"Olivier\" \/>\n\t<meta name=\"twitter:label2\" content=\"Dur\u00e9e de lecture est.\" \/>\n\t<meta name=\"twitter:data2\" content=\"2 minutes\" \/>\n<script type=\"application\/ld+json\" class=\"yoast-schema-graph\">{\"@context\":\"https:\/\/schema.org\",\"@graph\":[{\"@type\":\"WebSite\",\"@id\":\"https:\/\/mvt.mfr.fr\/#website\",\"url\":\"https:\/\/mvt.mfr.fr\/\",\"name\":\"MVT\",\"description\":\"Le M\\u00e9dia Vraiment Tout terrain\",\"potentialAction\":[{\"@type\":\"SearchAction\",\"target\":{\"@type\":\"EntryPoint\",\"urlTemplate\":\"https:\/\/mvt.mfr.fr\/?s={search_term_string}\"},\"query-input\":\"required name=search_term_string\"}],\"inLanguage\":\"fr-FR\"},{\"@type\":\"ImageObject\",\"@id\":\"https:\/\/mvt.mfr.fr\/index.php\/2021\/02\/16\/connaissez-vous-les-conferences-gesticulees\/#primaryimage\",\"inLanguage\":\"fr-FR\",\"url\":\"https:\/\/mvt.mfr.fr\/wp-content\/uploads\/2021\/02\/8_etapes-devenir_acteur_changement-1.png\",\"contentUrl\":\"https:\/\/mvt.mfr.fr\/wp-content\/uploads\/2021\/02\/8_etapes-devenir_acteur_changement-1.png\",\"width\":1800,\"height\":1200},{\"@type\":\"WebPage\",\"@id\":\"https:\/\/mvt.mfr.fr\/index.php\/2021\/02\/16\/connaissez-vous-les-conferences-gesticulees\/#webpage\",\"url\":\"https:\/\/mvt.mfr.fr\/index.php\/2021\/02\/16\/connaissez-vous-les-conferences-gesticulees\/\",\"name\":\"Connaissez-vous les conf\\u00e9rences gesticul\\u00e9es ? - MVT\",\"isPartOf\":{\"@id\":\"https:\/\/mvt.mfr.fr\/#website\"},\"primaryImageOfPage\":{\"@id\":\"https:\/\/mvt.mfr.fr\/index.php\/2021\/02\/16\/connaissez-vous-les-conferences-gesticulees\/#primaryimage\"},\"datePublished\":\"2021-02-16T10:46:10+00:00\",\"dateModified\":\"2021-05-21T17:18:54+00:00\",\"author\":{\"@id\":\"https:\/\/mvt.mfr.fr\/#\/schema\/person\/0bfea2d415254b1280fb448cbc6cc94f\"},\"description\":\"Assister \\u00e0 une conf\\u00e9rence dynamique, voire m\\u00eame divertissante, sur le th\\u00e8me de la philosophie, de l'\\u00e9conomie, de l'environnement ? Vous allez \\u00eatre surpris !\",\"breadcrumb\":{\"@id\":\"https:\/\/mvt.mfr.fr\/index.php\/2021\/02\/16\/connaissez-vous-les-conferences-gesticulees\/#breadcrumb\"},\"inLanguage\":\"fr-FR\",\"potentialAction\":[{\"@type\":\"ReadAction\",\"target\":[\"https:\/\/mvt.mfr.fr\/index.php\/2021\/02\/16\/connaissez-vous-les-conferences-gesticulees\/\"]}]},{\"@type\":\"BreadcrumbList\",\"@id\":\"https:\/\/mvt.mfr.fr\/index.php\/2021\/02\/16\/connaissez-vous-les-conferences-gesticulees\/#breadcrumb\",\"itemListElement\":[{\"@type\":\"ListItem\",\"position\":1,\"name\":\"Accueil\",\"item\":\"https:\/\/mvt.mfr.fr\/\"},{\"@type\":\"ListItem\",\"position\":2,\"name\":\"Connaissez-vous les conf\\u00e9rences gesticul\\u00e9es ?\"}]},{\"@type\":\"Person\",\"@id\":\"https:\/\/mvt.mfr.fr\/#\/schema\/person\/0bfea2d415254b1280fb448cbc6cc94f\",\"name\":\"Olivier\",\"description\":\"Charg\\u00e9 de d\\u00e9veloppement europ\\u00e9en, Olivier a connu les MFR lorsqu'il travaillait au S\\u00e9n\\u00e9gal. Sa confiance dans le pouvoir d\\u2019agir des jeunes et dans la capacit\\u00e9 d\\u2019innovation des territoires ruraux, sous toutes les latitudes, est rest\\u00e9e intacte depuis cette \\u00e9poque.\",\"url\":\"https:\/\/mvt.mfr.fr\/index.php\/author\/olivier\/\"}]}<\/script>\n<!-- \/ Yoast SEO plugin. -->","yoast_head_json":{"description":"Assister \u00e0 une conf\u00e9rence dynamique, voire m\u00eame divertissante, sur le th\u00e8me de la philosophie, de l'\u00e9conomie, de l'environnement ? Vous allez \u00eatre surpris !","robots":{"index":"index","follow":"follow","max-snippet":"max-snippet:-1","max-image-preview":"max-image-preview:large","max-video-preview":"max-video-preview:-1"},"canonical":"https:\/\/mvt.mfr.fr\/index.php\/2021\/02\/16\/connaissez-vous-les-conferences-gesticulees\/","og_locale":"fr_FR","og_type":"article","og_title":"Connaissez-vous les conf\u00e9rences gesticul\u00e9es ?","og_description":"Assister \u00e0 une conf\u00e9rence dynamique, voire m\u00eame divertissante, sur le th\u00e8me de la philosophie, de l'\u00e9conomie, de l'environnement ? C'est possible !","og_url":"https:\/\/mvt.mfr.fr\/index.php\/2021\/02\/16\/connaissez-vous-les-conferences-gesticulees\/","og_site_name":"MVT","article_published_time":"2021-02-16T10:46:10+00:00","article_modified_time":"2021-05-21T17:18:54+00:00","og_image":[{"width":1800,"height":1200,"url":"https:\/\/mvt.mfr.fr\/wp-content\/uploads\/2021\/02\/8_etapes-devenir_acteur_changement-1.png","path":"\/var\/www\/clients\/client3\/web3\/web\/wp-content\/uploads\/2021\/02\/8_etapes-devenir_acteur_changement-1.png","size":"full","id":"1252","alt":"","pixels":2160000,"type":"image\/png"}],"twitter_card":"summary_large_image","twitter_title":"Connaissez-vous les conf\u00e9rences gesticul\u00e9es ?","twitter_description":"Assister \u00e0 une conf\u00e9rence dynamique, voire m\u00eame divertissante, sur le th\u00e8me de la philosophie, de l'\u00e9conomie, de l'environnement ? C'est possible !","twitter_image":"https:\/\/mvt.mfr.fr\/wp-content\/uploads\/2021\/02\/8_etapes-devenir_acteur_changement-1.png","twitter_misc":{"\u00c9crit par":"Olivier","Dur\u00e9e de lecture est.":"2 minutes"},"schema":{"@context":"https:\/\/schema.org","@graph":[{"@type":"WebSite","@id":"https:\/\/mvt.mfr.fr\/#website","url":"https:\/\/mvt.mfr.fr\/","name":"MVT","description":"Le M\u00e9dia Vraiment Tout terrain","potentialAction":[{"@type":"SearchAction","target":{"@type":"EntryPoint","urlTemplate":"https:\/\/mvt.mfr.fr\/?s={search_term_string}"},"query-input":"required name=search_term_string"}],"inLanguage":"fr-FR"},{"@type":"ImageObject","@id":"https:\/\/mvt.mfr.fr\/index.php\/2021\/02\/16\/connaissez-vous-les-conferences-gesticulees\/#primaryimage","inLanguage":"fr-FR","url":"https:\/\/mvt.mfr.fr\/wp-content\/uploads\/2021\/02\/8_etapes-devenir_acteur_changement-1.png","contentUrl":"https:\/\/mvt.mfr.fr\/wp-content\/uploads\/2021\/02\/8_etapes-devenir_acteur_changement-1.png","width":1800,"height":1200},{"@type":"WebPage","@id":"https:\/\/mvt.mfr.fr\/index.php\/2021\/02\/16\/connaissez-vous-les-conferences-gesticulees\/#webpage","url":"https:\/\/mvt.mfr.fr\/index.php\/2021\/02\/16\/connaissez-vous-les-conferences-gesticulees\/","name":"Connaissez-vous les conf\u00e9rences gesticul\u00e9es ? - MVT","isPartOf":{"@id":"https:\/\/mvt.mfr.fr\/#website"},"primaryImageOfPage":{"@id":"https:\/\/mvt.mfr.fr\/index.php\/2021\/02\/16\/connaissez-vous-les-conferences-gesticulees\/#primaryimage"},"datePublished":"2021-02-16T10:46:10+00:00","dateModified":"2021-05-21T17:18:54+00:00","author":{"@id":"https:\/\/mvt.mfr.fr\/#\/schema\/person\/0bfea2d415254b1280fb448cbc6cc94f"},"description":"Assister \u00e0 une conf\u00e9rence dynamique, voire m\u00eame divertissante, sur le th\u00e8me de la philosophie, de l'\u00e9conomie, de l'environnement ? Vous allez \u00eatre surpris !","breadcrumb":{"@id":"https:\/\/mvt.mfr.fr\/index.php\/2021\/02\/16\/connaissez-vous-les-conferences-gesticulees\/#breadcrumb"},"inLanguage":"fr-FR","potentialAction":[{"@type":"ReadAction","target":["https:\/\/mvt.mfr.fr\/index.php\/2021\/02\/16\/connaissez-vous-les-conferences-gesticulees\/"]}]},{"@type":"BreadcrumbList","@id":"https:\/\/mvt.mfr.fr\/index.php\/2021\/02\/16\/connaissez-vous-les-conferences-gesticulees\/#breadcrumb","itemListElement":[{"@type":"ListItem","position":1,"name":"Accueil","item":"https:\/\/mvt.mfr.fr\/"},{"@type":"ListItem","position":2,"name":"Connaissez-vous les conf\u00e9rences gesticul\u00e9es ?"}]},{"@type":"Person","@id":"https:\/\/mvt.mfr.fr\/#\/schema\/person\/0bfea2d415254b1280fb448cbc6cc94f","name":"Olivier","description":"Charg\u00e9 de d\u00e9veloppement europ\u00e9en, Olivier a connu les MFR lorsqu'il travaillait au S\u00e9n\u00e9gal. Sa confiance dans le pouvoir d\u2019agir des jeunes et dans la capacit\u00e9 d\u2019innovation des territoires ruraux, sous toutes les latitudes, est rest\u00e9e intacte depuis cette \u00e9poque.","url":"https:\/\/mvt.mfr.fr\/index.php\/author\/olivier\/"}]}},"jetpack_featured_media_url":"https:\/\/mvt.mfr.fr\/wp-content\/uploads\/2021\/02\/8_etapes-devenir_acteur_changement-1.png","_links":{"self":[{"href":"https:\/\/mvt.mfr.fr\/index.php\/wp-json\/wp\/v2\/posts\/1146"}],"collection":[{"href":"https:\/\/mvt.mfr.fr\/index.php\/wp-json\/wp\/v2\/posts"}],"about":[{"href":"https:\/\/mvt.mfr.fr\/index.php\/wp-json\/wp\/v2\/types\/post"}],"author":[{"embeddable":true,"href":"https:\/\/mvt.mfr.fr\/index.php\/wp-json\/wp\/v2\/users\/5"}],"replies":[{"embeddable":true,"href":"https:\/\/mvt.mfr.fr\/index.php\/wp-json\/wp\/v2\/comments?post=1146"}],"version-history":[{"count":7,"href":"https:\/\/mvt.mfr.fr\/index.php\/wp-json\/wp\/v2\/posts\/1146\/revisions"}],"predecessor-version":[{"id":1259,"href":"https:\/\/mvt.mfr.fr\/index.php\/wp-json\/wp\/v2\/posts\/1146\/revisions\/1259"}],"wp:featuredmedia":[{"embeddable":true,"href":"https:\/\/mvt.mfr.fr\/index.php\/wp-json\/wp\/v2\/media\/1252"}],"wp:attachment":[{"href":"https:\/\/mvt.mfr.fr\/index.php\/wp-json\/wp\/v2\/media?parent=1146"}],"wp:term":[{"taxonomy":"category","embeddable":true,"href":"https:\/\/mvt.mfr.fr\/index.php\/wp-json\/wp\/v2\/categories?post=1146"},{"taxonomy":"post_tag","embeddable":true,"href":"https:\/\/mvt.mfr.fr\/index.php\/wp-json\/wp\/v2\/tags?post=1146"}],"curies":[{"name":"wp","href":"https:\/\/api.w.org\/{rel}","templated":true}]}}