{"id":1053,"date":"2021-01-15T17:40:00","date_gmt":"2021-01-15T16:40:00","guid":{"rendered":"https:\/\/www.mvt.mfr.fr\/?p=1053"},"modified":"2021-05-21T19:18:33","modified_gmt":"2021-05-21T17:18:33","slug":"entrepreneurs-en-milieu-rural","status":"publish","type":"post","link":"https:\/\/mvt.mfr.fr\/index.php\/2021\/01\/15\/entrepreneurs-en-milieu-rural\/","title":{"rendered":"Entrepreneurs en milieu rural"},"content":{"rendered":"\n<p><strong>Dans cet \u00e9pisode du documentaire \u00ab\u00a0Jeunesse et nouvelles ruralit\u00e9s\u00a0\u00bb, d\u00e9couvrez les t\u00e9moignages de jeunes qui ont cr\u00e9\u00e9 leur emploi en territoire rural, et de chefs d\u2019entreprise qui se sont donn\u00e9s comme mission d\u2019accompagner la jeune g\u00e9n\u00e9ration.<\/strong><\/p>\n\n\n\n<figure class=\"wp-block-embed is-type-video is-provider-vimeo wp-block-embed-vimeo wp-embed-aspect-16-9 wp-has-aspect-ratio\"><div class=\"wp-block-embed__wrapper\">\n<iframe loading=\"lazy\" title=\"&amp;eacute;pisode 1 : entreprendre\" src=\"https:\/\/player.vimeo.com\/video\/498327234?dnt=1&amp;app_id=122963\" width=\"696\" height=\"392\" frameborder=\"0\" allow=\"autoplay; fullscreen; picture-in-picture\" allowfullscreen><\/iframe>\n<\/div><\/figure>\n\n\n\n<blockquote class=\"wp-block-quote\"><p>\u00ab\u00a0Pourquoi avoir choisi un lieu de stage assez loin : c&rsquo;est tout simplement pour mon ma\u00eetre de stage, qui pour moi est ma r\u00e9f\u00e9rence dans le monde du cheval. Pour tout ce qu&rsquo;elle fait, tout ce qu&rsquo;elle a construit d&rsquo;elle-m\u00eame (\u2026)\u00a0\u00bb.<\/p><cite>Lili Renard &#8211; \u00e9l\u00e8ve Premi\u00e8re BAC Pro<\/cite><\/blockquote>\n","protected":false},"excerpt":{"rendered":"<p>Dans cet \u00e9pisode du documentaire \u00ab\u00a0Jeunesse et nouvelles ruralit\u00e9s\u00a0\u00bb, d\u00e9couvrez les t\u00e9moignages de jeunes qui ont cr\u00e9\u00e9 leur emploi en territoire rural, et de chefs d\u2019entreprise qui se sont donn\u00e9s comme mission d\u2019accompagner la jeune g\u00e9n\u00e9ration.<\/p>\n","protected":false},"author":4,"featured_media":1055,"comment_status":"closed","ping_status":"open","sticky":false,"template":"","format":"standard","meta":{"inline_featured_image":false,"spay_email":""},"categories":[16,989,9],"tags":[997,988,995],"yoast_head":"<!-- This site is optimized with the Yoast SEO plugin v17.1 - https:\/\/yoast.com\/wordpress\/plugins\/seo\/ -->\n<meta name=\"description\" content=\"Dans cet \u00e9pisode du documentaire &quot;Jeunesse et nouvelles ruralit\u00e9s&quot;, d\u00e9couvrez les t\u00e9moignages de jeunes qui ont cr\u00e9\u00e9 leur emploi en territoire rural, et de chefs d\u2019entreprise qui se sont donn\u00e9s comme mission d\u2019accompagner la jeune g\u00e9n\u00e9ration.\" \/>\n<meta name=\"robots\" content=\"index, follow, max-snippet:-1, max-image-preview:large, max-video-preview:-1\" \/>\n<link rel=\"canonical\" href=\"https:\/\/mvt.mfr.fr\/index.php\/2021\/01\/15\/entrepreneurs-en-milieu-rural\/\" \/>\n<meta property=\"og:locale\" content=\"fr_FR\" \/>\n<meta property=\"og:type\" content=\"article\" \/>\n<meta property=\"og:title\" content=\"Entrepreneurs en milieu rural\" \/>\n<meta property=\"og:description\" content=\"Dans cet \u00e9pisode du documentaire &quot;Jeunesse et nouvelles ruralit\u00e9s&quot;, d\u00e9couvrez les t\u00e9moignages de jeunes qui ont cr\u00e9\u00e9 leur emploi en territoire rural, et de chefs d\u2019entreprise qui se sont donn\u00e9s comme mission d\u2019accompagner la jeune g\u00e9n\u00e9ration.\" \/>\n<meta property=\"og:url\" content=\"https:\/\/mvt.mfr.fr\/index.php\/2021\/01\/15\/entrepreneurs-en-milieu-rural\/\" \/>\n<meta property=\"og:site_name\" content=\"MVT\" \/>\n<meta property=\"article:published_time\" content=\"2021-01-15T16:40:00+00:00\" \/>\n<meta property=\"article:modified_time\" content=\"2021-05-21T17:18:33+00:00\" \/>\n<meta property=\"og:image\" content=\"https:\/\/mvt.mfr.fr\/wp-content\/uploads\/2021\/01\/entreprendre.png\" \/>\n\t<meta property=\"og:image:width\" content=\"900\" \/>\n\t<meta property=\"og:image:height\" content=\"651\" \/>\n<meta name=\"twitter:card\" content=\"summary_large_image\" \/>\n<meta name=\"twitter:title\" content=\"Entrepreneurs en milieu rural\" \/>\n<meta name=\"twitter:description\" content=\"Dans cet \u00e9pisode du documentaire &quot;Jeunesse et nouvelles ruralit\u00e9s&quot;, d\u00e9couvrez les t\u00e9moignages de jeunes qui ont cr\u00e9\u00e9 leur emploi en territoire rural, et de chefs d\u2019entreprise qui se sont donn\u00e9s comme mission d\u2019accompagner la jeune g\u00e9n\u00e9ration.\" \/>\n<meta name=\"twitter:image\" content=\"https:\/\/mvt.mfr.fr\/wp-content\/uploads\/2021\/01\/entreprendre.png\" \/>\n<meta name=\"twitter:label1\" content=\"\u00c9crit par\" \/>\n\t<meta name=\"twitter:data1\" content=\"Brigitte\" \/>\n\t<meta name=\"twitter:label2\" content=\"Dur\u00e9e de lecture est.\" \/>\n\t<meta name=\"twitter:data2\" content=\"1 minute\" \/>\n<script type=\"application\/ld+json\" class=\"yoast-schema-graph\">{\"@context\":\"https:\/\/schema.org\",\"@graph\":[{\"@type\":\"WebSite\",\"@id\":\"https:\/\/mvt.mfr.fr\/#website\",\"url\":\"https:\/\/mvt.mfr.fr\/\",\"name\":\"MVT\",\"description\":\"Le M\\u00e9dia Vraiment Tout terrain\",\"potentialAction\":[{\"@type\":\"SearchAction\",\"target\":{\"@type\":\"EntryPoint\",\"urlTemplate\":\"https:\/\/mvt.mfr.fr\/?s={search_term_string}\"},\"query-input\":\"required name=search_term_string\"}],\"inLanguage\":\"fr-FR\"},{\"@type\":\"ImageObject\",\"@id\":\"https:\/\/mvt.mfr.fr\/index.php\/2021\/01\/15\/entrepreneurs-en-milieu-rural\/#primaryimage\",\"inLanguage\":\"fr-FR\",\"url\":\"https:\/\/mvt.mfr.fr\/wp-content\/uploads\/2021\/01\/entreprendre.png\",\"contentUrl\":\"https:\/\/mvt.mfr.fr\/wp-content\/uploads\/2021\/01\/entreprendre.png\",\"width\":900,\"height\":651},{\"@type\":\"WebPage\",\"@id\":\"https:\/\/mvt.mfr.fr\/index.php\/2021\/01\/15\/entrepreneurs-en-milieu-rural\/#webpage\",\"url\":\"https:\/\/mvt.mfr.fr\/index.php\/2021\/01\/15\/entrepreneurs-en-milieu-rural\/\",\"name\":\"Entrepreneurs en milieu rural - MVT\",\"isPartOf\":{\"@id\":\"https:\/\/mvt.mfr.fr\/#website\"},\"primaryImageOfPage\":{\"@id\":\"https:\/\/mvt.mfr.fr\/index.php\/2021\/01\/15\/entrepreneurs-en-milieu-rural\/#primaryimage\"},\"datePublished\":\"2021-01-15T16:40:00+00:00\",\"dateModified\":\"2021-05-21T17:18:33+00:00\",\"author\":{\"@id\":\"https:\/\/mvt.mfr.fr\/#\/schema\/person\/1af99d18f322612d24b3f340fa3a74e4\"},\"description\":\"Dans cet \\u00e9pisode du documentaire \\\"Jeunesse et nouvelles ruralit\\u00e9s\\\", d\\u00e9couvrez les t\\u00e9moignages de jeunes qui ont cr\\u00e9\\u00e9 leur emploi en territoire rural, et de chefs d\\u2019entreprise qui se sont donn\\u00e9s comme mission d\\u2019accompagner la jeune g\\u00e9n\\u00e9ration.\",\"breadcrumb\":{\"@id\":\"https:\/\/mvt.mfr.fr\/index.php\/2021\/01\/15\/entrepreneurs-en-milieu-rural\/#breadcrumb\"},\"inLanguage\":\"fr-FR\",\"potentialAction\":[{\"@type\":\"ReadAction\",\"target\":[\"https:\/\/mvt.mfr.fr\/index.php\/2021\/01\/15\/entrepreneurs-en-milieu-rural\/\"]}]},{\"@type\":\"BreadcrumbList\",\"@id\":\"https:\/\/mvt.mfr.fr\/index.php\/2021\/01\/15\/entrepreneurs-en-milieu-rural\/#breadcrumb\",\"itemListElement\":[{\"@type\":\"ListItem\",\"position\":1,\"name\":\"Accueil\",\"item\":\"https:\/\/mvt.mfr.fr\/\"},{\"@type\":\"ListItem\",\"position\":2,\"name\":\"Entrepreneurs en milieu rural\"}]},{\"@type\":\"Person\",\"@id\":\"https:\/\/mvt.mfr.fr\/#\/schema\/person\/1af99d18f322612d24b3f340fa3a74e4\",\"name\":\"Brigitte\",\"description\":\"Charg\\u00e9e de projet \\u00e0 l\\u2019Union nationale des MFR, Brigitte a \\u00e9t\\u00e9 monitrice, puis directrice au sein d\\u2019une Maison dans les Vosges. Elle a ensuite occup\\u00e9 des fonctions d'animation du r\\u00e9seau avant de rejoindre l'Union nationale. Positive en toutes circonstances, elle croit dur comme fer \\u00e0 la force du collectif pour construire des solutions et ouvrir de nouvelles voies.\",\"url\":\"https:\/\/mvt.mfr.fr\/index.php\/author\/brigitte\/\"}]}<\/script>\n<!-- \/ Yoast SEO plugin. -->","yoast_head_json":{"description":"Dans cet \u00e9pisode du documentaire \"Jeunesse et nouvelles ruralit\u00e9s\", d\u00e9couvrez les t\u00e9moignages de jeunes qui ont cr\u00e9\u00e9 leur emploi en territoire rural, et de chefs d\u2019entreprise qui se sont donn\u00e9s comme mission d\u2019accompagner la jeune g\u00e9n\u00e9ration.","robots":{"index":"index","follow":"follow","max-snippet":"max-snippet:-1","max-image-preview":"max-image-preview:large","max-video-preview":"max-video-preview:-1"},"canonical":"https:\/\/mvt.mfr.fr\/index.php\/2021\/01\/15\/entrepreneurs-en-milieu-rural\/","og_locale":"fr_FR","og_type":"article","og_title":"Entrepreneurs en milieu rural","og_description":"Dans cet \u00e9pisode du documentaire \"Jeunesse et nouvelles ruralit\u00e9s\", d\u00e9couvrez les t\u00e9moignages de jeunes qui ont cr\u00e9\u00e9 leur emploi en territoire rural, et de chefs d\u2019entreprise qui se sont donn\u00e9s comme mission d\u2019accompagner la jeune g\u00e9n\u00e9ration.","og_url":"https:\/\/mvt.mfr.fr\/index.php\/2021\/01\/15\/entrepreneurs-en-milieu-rural\/","og_site_name":"MVT","article_published_time":"2021-01-15T16:40:00+00:00","article_modified_time":"2021-05-21T17:18:33+00:00","og_image":[{"width":900,"height":651,"url":"https:\/\/mvt.mfr.fr\/wp-content\/uploads\/2021\/01\/entreprendre.png","path":"\/var\/www\/clients\/client3\/web3\/web\/wp-content\/uploads\/2021\/01\/entreprendre.png","size":"full","id":"1055","alt":"","pixels":585900,"type":"image\/png"}],"twitter_card":"summary_large_image","twitter_title":"Entrepreneurs en milieu rural","twitter_description":"Dans cet \u00e9pisode du documentaire \"Jeunesse et nouvelles ruralit\u00e9s\", d\u00e9couvrez les t\u00e9moignages de jeunes qui ont cr\u00e9\u00e9 leur emploi en territoire rural, et de chefs d\u2019entreprise qui se sont donn\u00e9s comme mission d\u2019accompagner la jeune g\u00e9n\u00e9ration.","twitter_image":"https:\/\/mvt.mfr.fr\/wp-content\/uploads\/2021\/01\/entreprendre.png","twitter_misc":{"\u00c9crit par":"Brigitte","Dur\u00e9e de lecture est.":"1 minute"},"schema":{"@context":"https:\/\/schema.org","@graph":[{"@type":"WebSite","@id":"https:\/\/mvt.mfr.fr\/#website","url":"https:\/\/mvt.mfr.fr\/","name":"MVT","description":"Le M\u00e9dia Vraiment Tout terrain","potentialAction":[{"@type":"SearchAction","target":{"@type":"EntryPoint","urlTemplate":"https:\/\/mvt.mfr.fr\/?s={search_term_string}"},"query-input":"required name=search_term_string"}],"inLanguage":"fr-FR"},{"@type":"ImageObject","@id":"https:\/\/mvt.mfr.fr\/index.php\/2021\/01\/15\/entrepreneurs-en-milieu-rural\/#primaryimage","inLanguage":"fr-FR","url":"https:\/\/mvt.mfr.fr\/wp-content\/uploads\/2021\/01\/entreprendre.png","contentUrl":"https:\/\/mvt.mfr.fr\/wp-content\/uploads\/2021\/01\/entreprendre.png","width":900,"height":651},{"@type":"WebPage","@id":"https:\/\/mvt.mfr.fr\/index.php\/2021\/01\/15\/entrepreneurs-en-milieu-rural\/#webpage","url":"https:\/\/mvt.mfr.fr\/index.php\/2021\/01\/15\/entrepreneurs-en-milieu-rural\/","name":"Entrepreneurs en milieu rural - MVT","isPartOf":{"@id":"https:\/\/mvt.mfr.fr\/#website"},"primaryImageOfPage":{"@id":"https:\/\/mvt.mfr.fr\/index.php\/2021\/01\/15\/entrepreneurs-en-milieu-rural\/#primaryimage"},"datePublished":"2021-01-15T16:40:00+00:00","dateModified":"2021-05-21T17:18:33+00:00","author":{"@id":"https:\/\/mvt.mfr.fr\/#\/schema\/person\/1af99d18f322612d24b3f340fa3a74e4"},"description":"Dans cet \u00e9pisode du documentaire \"Jeunesse et nouvelles ruralit\u00e9s\", d\u00e9couvrez les t\u00e9moignages de jeunes qui ont cr\u00e9\u00e9 leur emploi en territoire rural, et de chefs d\u2019entreprise qui se sont donn\u00e9s comme mission d\u2019accompagner la jeune g\u00e9n\u00e9ration.","breadcrumb":{"@id":"https:\/\/mvt.mfr.fr\/index.php\/2021\/01\/15\/entrepreneurs-en-milieu-rural\/#breadcrumb"},"inLanguage":"fr-FR","potentialAction":[{"@type":"ReadAction","target":["https:\/\/mvt.mfr.fr\/index.php\/2021\/01\/15\/entrepreneurs-en-milieu-rural\/"]}]},{"@type":"BreadcrumbList","@id":"https:\/\/mvt.mfr.fr\/index.php\/2021\/01\/15\/entrepreneurs-en-milieu-rural\/#breadcrumb","itemListElement":[{"@type":"ListItem","position":1,"name":"Accueil","item":"https:\/\/mvt.mfr.fr\/"},{"@type":"ListItem","position":2,"name":"Entrepreneurs en milieu rural"}]},{"@type":"Person","@id":"https:\/\/mvt.mfr.fr\/#\/schema\/person\/1af99d18f322612d24b3f340fa3a74e4","name":"Brigitte","description":"Charg\u00e9e de projet \u00e0 l\u2019Union nationale des MFR, Brigitte a \u00e9t\u00e9 monitrice, puis directrice au sein d\u2019une Maison dans les Vosges. Elle a ensuite occup\u00e9 des fonctions d'animation du r\u00e9seau avant de rejoindre l'Union nationale. Positive en toutes circonstances, elle croit dur comme fer \u00e0 la force du collectif pour construire des solutions et ouvrir de nouvelles voies.","url":"https:\/\/mvt.mfr.fr\/index.php\/author\/brigitte\/"}]}},"jetpack_featured_media_url":"https:\/\/mvt.mfr.fr\/wp-content\/uploads\/2021\/01\/entreprendre.png","_links":{"self":[{"href":"https:\/\/mvt.mfr.fr\/index.php\/wp-json\/wp\/v2\/posts\/1053"}],"collection":[{"href":"https:\/\/mvt.mfr.fr\/index.php\/wp-json\/wp\/v2\/posts"}],"about":[{"href":"https:\/\/mvt.mfr.fr\/index.php\/wp-json\/wp\/v2\/types\/post"}],"author":[{"embeddable":true,"href":"https:\/\/mvt.mfr.fr\/index.php\/wp-json\/wp\/v2\/users\/4"}],"replies":[{"embeddable":true,"href":"https:\/\/mvt.mfr.fr\/index.php\/wp-json\/wp\/v2\/comments?post=1053"}],"version-history":[{"count":2,"href":"https:\/\/mvt.mfr.fr\/index.php\/wp-json\/wp\/v2\/posts\/1053\/revisions"}],"predecessor-version":[{"id":1059,"href":"https:\/\/mvt.mfr.fr\/index.php\/wp-json\/wp\/v2\/posts\/1053\/revisions\/1059"}],"wp:featuredmedia":[{"embeddable":true,"href":"https:\/\/mvt.mfr.fr\/index.php\/wp-json\/wp\/v2\/media\/1055"}],"wp:attachment":[{"href":"https:\/\/mvt.mfr.fr\/index.php\/wp-json\/wp\/v2\/media?parent=1053"}],"wp:term":[{"taxonomy":"category","embeddable":true,"href":"https:\/\/mvt.mfr.fr\/index.php\/wp-json\/wp\/v2\/categories?post=1053"},{"taxonomy":"post_tag","embeddable":true,"href":"https:\/\/mvt.mfr.fr\/index.php\/wp-json\/wp\/v2\/tags?post=1053"}],"curies":[{"name":"wp","href":"https:\/\/api.w.org\/{rel}","templated":true}]}}