{"id":1049,"date":"2021-01-15T17:10:00","date_gmt":"2021-01-15T16:10:00","guid":{"rendered":"https:\/\/www.mvt.mfr.fr\/?p=1049"},"modified":"2021-05-21T19:18:47","modified_gmt":"2021-05-21T17:18:47","slug":"regards-croises-jeunesses-territoires","status":"publish","type":"post","link":"https:\/\/mvt.mfr.fr\/index.php\/2021\/01\/15\/regards-croises-jeunesses-territoires\/","title":{"rendered":"Regards crois\u00e9s : jeunesses &#038; territoires"},"content":{"rendered":"\n<p><strong>Cet \u00e9pisode du documentaire \u00ab\u00a0Jeunesse et nouvelles ruralit\u00e9s\u00a0\u00bb propose de sortir des sentiers battus. De jeunes adultes parlent de leur parcours de vie, entre rural et urbain.<\/strong><\/p>\n\n\n\n<figure class=\"wp-block-embed is-type-video is-provider-vimeo wp-block-embed-vimeo wp-embed-aspect-16-9 wp-has-aspect-ratio\"><div class=\"wp-block-embed__wrapper\">\n<iframe loading=\"lazy\" title=\"&amp;eacute;pisode 4 : jeunesses et territoires pluriels\" src=\"https:\/\/player.vimeo.com\/video\/498353714?dnt=1&amp;app_id=122963\" width=\"696\" height=\"392\" frameborder=\"0\" allow=\"autoplay; fullscreen; picture-in-picture\" allowfullscreen><\/iframe>\n<\/div><\/figure>\n\n\n\n<p>Des jeunes y expriment leur vision du monde, entre local et global. Ils se montrent tout \u00e0 la fois acteurs de leur territoire, citoyens europ\u00e9ens et citoyens du monde.<\/p>\n\n\n\n<blockquote class=\"wp-block-quote\"><p>\u00ab\u00a0Ce qui m&rsquo;a motiv\u00e9 particuli\u00e8rement c&rsquo;est l&rsquo;am\u00e9nagement paysager, parce que \u00e7a recr\u00e9e vraiment une vraie biodiversit\u00e9 (\u2026). \u00c7a m&rsquo;int\u00e9resse vraiment de pouvoir me dire que je recr\u00e9e de la vie. Avec plein d&rsquo;actions comme \u00e7a, on pourrait changer les choses. Il faut vraiment bouger les choses le plus vite possible, parce que c&rsquo;est notre futur, on n&rsquo;a qu&rsquo;une Terre.\u00a0\u00bb<\/p><cite>Marius NOEL &#8211; \u00e9l\u00e8ve Premi\u00e8re BAC Pro<\/cite><\/blockquote>\n","protected":false},"excerpt":{"rendered":"<p>Cet \u00e9pisode du documentaire \u00ab\u00a0Jeunesse et nouvelles ruralit\u00e9s\u00a0\u00bb propose de sortir des sentiers battus. De jeunes adultes parlent de leur parcours de vie, entre rural et urbain.<\/p>\n","protected":false},"author":4,"featured_media":1051,"comment_status":"closed","ping_status":"open","sticky":false,"template":"","format":"standard","meta":{"inline_featured_image":false,"spay_email":""},"categories":[16,989,9],"tags":[999,988,995],"yoast_head":"<!-- This site is optimized with the Yoast SEO plugin v17.1 - https:\/\/yoast.com\/wordpress\/plugins\/seo\/ -->\n<meta name=\"description\" content=\"Cet \u00e9pisode du documentaire &quot;Jeunesse et nouvelles ruralit\u00e9s&quot; propose de sortir des sentiers battus. De jeunes adultes parlent de leur parcours de vie, entre rural et urbain.\" \/>\n<meta name=\"robots\" content=\"index, follow, max-snippet:-1, max-image-preview:large, max-video-preview:-1\" \/>\n<link rel=\"canonical\" href=\"https:\/\/mvt.mfr.fr\/index.php\/2021\/01\/15\/regards-croises-jeunesses-territoires\/\" \/>\n<meta property=\"og:locale\" content=\"fr_FR\" \/>\n<meta property=\"og:type\" content=\"article\" \/>\n<meta property=\"og:title\" content=\"Regards crois\u00e9s : jeunesses &amp; territoires\" \/>\n<meta property=\"og:description\" content=\"Cet \u00e9pisode du documentaire &quot;Jeunesse et nouvelles ruralit\u00e9s&quot; propose de sortir des sentiers battus. De jeunes adultes parlent de leur parcours de vie, entre rural et urbain.\" \/>\n<meta property=\"og:url\" content=\"https:\/\/mvt.mfr.fr\/index.php\/2021\/01\/15\/regards-croises-jeunesses-territoires\/\" \/>\n<meta property=\"og:site_name\" content=\"MVT\" \/>\n<meta property=\"article:published_time\" content=\"2021-01-15T16:10:00+00:00\" \/>\n<meta property=\"article:modified_time\" content=\"2021-05-21T17:18:47+00:00\" \/>\n<meta property=\"og:image\" content=\"https:\/\/mvt.mfr.fr\/wp-content\/uploads\/2021\/01\/monde.png\" \/>\n\t<meta property=\"og:image:width\" content=\"900\" \/>\n\t<meta property=\"og:image:height\" content=\"603\" \/>\n<meta name=\"twitter:card\" content=\"summary_large_image\" \/>\n<meta name=\"twitter:title\" content=\"Regards crois\u00e9s : jeunesses &amp; territoires\" \/>\n<meta name=\"twitter:description\" content=\"Cet \u00e9pisode du documentaire &quot;Jeunesse et nouvelles ruralit\u00e9s&quot; propose de sortir des sentiers battus. De jeunes adultes parlent de leur parcours de vie, entre rural et urbain.\" \/>\n<meta name=\"twitter:image\" content=\"https:\/\/mvt.mfr.fr\/wp-content\/uploads\/2021\/01\/monde.png\" \/>\n<meta name=\"twitter:label1\" content=\"\u00c9crit par\" \/>\n\t<meta name=\"twitter:data1\" content=\"Brigitte\" \/>\n\t<meta name=\"twitter:label2\" content=\"Dur\u00e9e de lecture est.\" \/>\n\t<meta name=\"twitter:data2\" content=\"1 minute\" \/>\n<script type=\"application\/ld+json\" class=\"yoast-schema-graph\">{\"@context\":\"https:\/\/schema.org\",\"@graph\":[{\"@type\":\"WebSite\",\"@id\":\"https:\/\/mvt.mfr.fr\/#website\",\"url\":\"https:\/\/mvt.mfr.fr\/\",\"name\":\"MVT\",\"description\":\"Le M\\u00e9dia Vraiment Tout terrain\",\"potentialAction\":[{\"@type\":\"SearchAction\",\"target\":{\"@type\":\"EntryPoint\",\"urlTemplate\":\"https:\/\/mvt.mfr.fr\/?s={search_term_string}\"},\"query-input\":\"required name=search_term_string\"}],\"inLanguage\":\"fr-FR\"},{\"@type\":\"ImageObject\",\"@id\":\"https:\/\/mvt.mfr.fr\/index.php\/2021\/01\/15\/regards-croises-jeunesses-territoires\/#primaryimage\",\"inLanguage\":\"fr-FR\",\"url\":\"https:\/\/mvt.mfr.fr\/wp-content\/uploads\/2021\/01\/monde.png\",\"contentUrl\":\"https:\/\/mvt.mfr.fr\/wp-content\/uploads\/2021\/01\/monde.png\",\"width\":900,\"height\":603},{\"@type\":\"WebPage\",\"@id\":\"https:\/\/mvt.mfr.fr\/index.php\/2021\/01\/15\/regards-croises-jeunesses-territoires\/#webpage\",\"url\":\"https:\/\/mvt.mfr.fr\/index.php\/2021\/01\/15\/regards-croises-jeunesses-territoires\/\",\"name\":\"Regards crois\\u00e9s : jeunesses & territoires - MVT\",\"isPartOf\":{\"@id\":\"https:\/\/mvt.mfr.fr\/#website\"},\"primaryImageOfPage\":{\"@id\":\"https:\/\/mvt.mfr.fr\/index.php\/2021\/01\/15\/regards-croises-jeunesses-territoires\/#primaryimage\"},\"datePublished\":\"2021-01-15T16:10:00+00:00\",\"dateModified\":\"2021-05-21T17:18:47+00:00\",\"author\":{\"@id\":\"https:\/\/mvt.mfr.fr\/#\/schema\/person\/1af99d18f322612d24b3f340fa3a74e4\"},\"description\":\"Cet \\u00e9pisode du documentaire \\\"Jeunesse et nouvelles ruralit\\u00e9s\\\" propose de sortir des sentiers battus. De jeunes adultes parlent de leur parcours de vie, entre rural et urbain.\",\"breadcrumb\":{\"@id\":\"https:\/\/mvt.mfr.fr\/index.php\/2021\/01\/15\/regards-croises-jeunesses-territoires\/#breadcrumb\"},\"inLanguage\":\"fr-FR\",\"potentialAction\":[{\"@type\":\"ReadAction\",\"target\":[\"https:\/\/mvt.mfr.fr\/index.php\/2021\/01\/15\/regards-croises-jeunesses-territoires\/\"]}]},{\"@type\":\"BreadcrumbList\",\"@id\":\"https:\/\/mvt.mfr.fr\/index.php\/2021\/01\/15\/regards-croises-jeunesses-territoires\/#breadcrumb\",\"itemListElement\":[{\"@type\":\"ListItem\",\"position\":1,\"name\":\"Accueil\",\"item\":\"https:\/\/mvt.mfr.fr\/\"},{\"@type\":\"ListItem\",\"position\":2,\"name\":\"Regards crois\\u00e9s : jeunesses &#038; territoires\"}]},{\"@type\":\"Person\",\"@id\":\"https:\/\/mvt.mfr.fr\/#\/schema\/person\/1af99d18f322612d24b3f340fa3a74e4\",\"name\":\"Brigitte\",\"description\":\"Charg\\u00e9e de projet \\u00e0 l\\u2019Union nationale des MFR, Brigitte a \\u00e9t\\u00e9 monitrice, puis directrice au sein d\\u2019une Maison dans les Vosges. Elle a ensuite occup\\u00e9 des fonctions d'animation du r\\u00e9seau avant de rejoindre l'Union nationale. Positive en toutes circonstances, elle croit dur comme fer \\u00e0 la force du collectif pour construire des solutions et ouvrir de nouvelles voies.\",\"url\":\"https:\/\/mvt.mfr.fr\/index.php\/author\/brigitte\/\"}]}<\/script>\n<!-- \/ Yoast SEO plugin. -->","yoast_head_json":{"description":"Cet \u00e9pisode du documentaire \"Jeunesse et nouvelles ruralit\u00e9s\" propose de sortir des sentiers battus. De jeunes adultes parlent de leur parcours de vie, entre rural et urbain.","robots":{"index":"index","follow":"follow","max-snippet":"max-snippet:-1","max-image-preview":"max-image-preview:large","max-video-preview":"max-video-preview:-1"},"canonical":"https:\/\/mvt.mfr.fr\/index.php\/2021\/01\/15\/regards-croises-jeunesses-territoires\/","og_locale":"fr_FR","og_type":"article","og_title":"Regards crois\u00e9s : jeunesses & territoires","og_description":"Cet \u00e9pisode du documentaire \"Jeunesse et nouvelles ruralit\u00e9s\" propose de sortir des sentiers battus. De jeunes adultes parlent de leur parcours de vie, entre rural et urbain.","og_url":"https:\/\/mvt.mfr.fr\/index.php\/2021\/01\/15\/regards-croises-jeunesses-territoires\/","og_site_name":"MVT","article_published_time":"2021-01-15T16:10:00+00:00","article_modified_time":"2021-05-21T17:18:47+00:00","og_image":[{"width":900,"height":603,"url":"https:\/\/mvt.mfr.fr\/wp-content\/uploads\/2021\/01\/monde.png","path":"\/var\/www\/clients\/client3\/web3\/web\/wp-content\/uploads\/2021\/01\/monde.png","size":"full","id":"1051","alt":"","pixels":542700,"type":"image\/png"}],"twitter_card":"summary_large_image","twitter_title":"Regards crois\u00e9s : jeunesses & territoires","twitter_description":"Cet \u00e9pisode du documentaire \"Jeunesse et nouvelles ruralit\u00e9s\" propose de sortir des sentiers battus. De jeunes adultes parlent de leur parcours de vie, entre rural et urbain.","twitter_image":"https:\/\/mvt.mfr.fr\/wp-content\/uploads\/2021\/01\/monde.png","twitter_misc":{"\u00c9crit par":"Brigitte","Dur\u00e9e de lecture est.":"1 minute"},"schema":{"@context":"https:\/\/schema.org","@graph":[{"@type":"WebSite","@id":"https:\/\/mvt.mfr.fr\/#website","url":"https:\/\/mvt.mfr.fr\/","name":"MVT","description":"Le M\u00e9dia Vraiment Tout terrain","potentialAction":[{"@type":"SearchAction","target":{"@type":"EntryPoint","urlTemplate":"https:\/\/mvt.mfr.fr\/?s={search_term_string}"},"query-input":"required name=search_term_string"}],"inLanguage":"fr-FR"},{"@type":"ImageObject","@id":"https:\/\/mvt.mfr.fr\/index.php\/2021\/01\/15\/regards-croises-jeunesses-territoires\/#primaryimage","inLanguage":"fr-FR","url":"https:\/\/mvt.mfr.fr\/wp-content\/uploads\/2021\/01\/monde.png","contentUrl":"https:\/\/mvt.mfr.fr\/wp-content\/uploads\/2021\/01\/monde.png","width":900,"height":603},{"@type":"WebPage","@id":"https:\/\/mvt.mfr.fr\/index.php\/2021\/01\/15\/regards-croises-jeunesses-territoires\/#webpage","url":"https:\/\/mvt.mfr.fr\/index.php\/2021\/01\/15\/regards-croises-jeunesses-territoires\/","name":"Regards crois\u00e9s : jeunesses & territoires - MVT","isPartOf":{"@id":"https:\/\/mvt.mfr.fr\/#website"},"primaryImageOfPage":{"@id":"https:\/\/mvt.mfr.fr\/index.php\/2021\/01\/15\/regards-croises-jeunesses-territoires\/#primaryimage"},"datePublished":"2021-01-15T16:10:00+00:00","dateModified":"2021-05-21T17:18:47+00:00","author":{"@id":"https:\/\/mvt.mfr.fr\/#\/schema\/person\/1af99d18f322612d24b3f340fa3a74e4"},"description":"Cet \u00e9pisode du documentaire \"Jeunesse et nouvelles ruralit\u00e9s\" propose de sortir des sentiers battus. De jeunes adultes parlent de leur parcours de vie, entre rural et urbain.","breadcrumb":{"@id":"https:\/\/mvt.mfr.fr\/index.php\/2021\/01\/15\/regards-croises-jeunesses-territoires\/#breadcrumb"},"inLanguage":"fr-FR","potentialAction":[{"@type":"ReadAction","target":["https:\/\/mvt.mfr.fr\/index.php\/2021\/01\/15\/regards-croises-jeunesses-territoires\/"]}]},{"@type":"BreadcrumbList","@id":"https:\/\/mvt.mfr.fr\/index.php\/2021\/01\/15\/regards-croises-jeunesses-territoires\/#breadcrumb","itemListElement":[{"@type":"ListItem","position":1,"name":"Accueil","item":"https:\/\/mvt.mfr.fr\/"},{"@type":"ListItem","position":2,"name":"Regards crois\u00e9s : jeunesses &#038; territoires"}]},{"@type":"Person","@id":"https:\/\/mvt.mfr.fr\/#\/schema\/person\/1af99d18f322612d24b3f340fa3a74e4","name":"Brigitte","description":"Charg\u00e9e de projet \u00e0 l\u2019Union nationale des MFR, Brigitte a \u00e9t\u00e9 monitrice, puis directrice au sein d\u2019une Maison dans les Vosges. Elle a ensuite occup\u00e9 des fonctions d'animation du r\u00e9seau avant de rejoindre l'Union nationale. Positive en toutes circonstances, elle croit dur comme fer \u00e0 la force du collectif pour construire des solutions et ouvrir de nouvelles voies.","url":"https:\/\/mvt.mfr.fr\/index.php\/author\/brigitte\/"}]}},"jetpack_featured_media_url":"https:\/\/mvt.mfr.fr\/wp-content\/uploads\/2021\/01\/monde.png","_links":{"self":[{"href":"https:\/\/mvt.mfr.fr\/index.php\/wp-json\/wp\/v2\/posts\/1049"}],"collection":[{"href":"https:\/\/mvt.mfr.fr\/index.php\/wp-json\/wp\/v2\/posts"}],"about":[{"href":"https:\/\/mvt.mfr.fr\/index.php\/wp-json\/wp\/v2\/types\/post"}],"author":[{"embeddable":true,"href":"https:\/\/mvt.mfr.fr\/index.php\/wp-json\/wp\/v2\/users\/4"}],"replies":[{"embeddable":true,"href":"https:\/\/mvt.mfr.fr\/index.php\/wp-json\/wp\/v2\/comments?post=1049"}],"version-history":[{"count":1,"href":"https:\/\/mvt.mfr.fr\/index.php\/wp-json\/wp\/v2\/posts\/1049\/revisions"}],"predecessor-version":[{"id":1052,"href":"https:\/\/mvt.mfr.fr\/index.php\/wp-json\/wp\/v2\/posts\/1049\/revisions\/1052"}],"wp:featuredmedia":[{"embeddable":true,"href":"https:\/\/mvt.mfr.fr\/index.php\/wp-json\/wp\/v2\/media\/1051"}],"wp:attachment":[{"href":"https:\/\/mvt.mfr.fr\/index.php\/wp-json\/wp\/v2\/media?parent=1049"}],"wp:term":[{"taxonomy":"category","embeddable":true,"href":"https:\/\/mvt.mfr.fr\/index.php\/wp-json\/wp\/v2\/categories?post=1049"},{"taxonomy":"post_tag","embeddable":true,"href":"https:\/\/mvt.mfr.fr\/index.php\/wp-json\/wp\/v2\/tags?post=1049"}],"curies":[{"name":"wp","href":"https:\/\/api.w.org\/{rel}","templated":true}]}}