{"id":1045,"date":"2021-01-15T17:20:00","date_gmt":"2021-01-15T16:20:00","guid":{"rendered":"https:\/\/www.mvt.mfr.fr\/?p=1045"},"modified":"2021-05-21T19:18:46","modified_gmt":"2021-05-21T17:18:46","slug":"comment-les-jeunes-sengagent-pour-leur-territoire","status":"publish","type":"post","link":"https:\/\/mvt.mfr.fr\/index.php\/2021\/01\/15\/comment-les-jeunes-sengagent-pour-leur-territoire\/","title":{"rendered":"Comment les jeunes s&rsquo;engagent pour leur territoire ?"},"content":{"rendered":"\n<p><strong>Le t\u00e9moignage d\u2019engagement de jeunes pour leur territoire croise le regard d\u2019adultes soucieux de la place \u00e0 donner \u00e0 la jeunesse pour construire le monde de demain.<\/strong><\/p>\n\n\n\n<figure class=\"wp-block-embed is-type-video is-provider-vimeo wp-block-embed-vimeo wp-embed-aspect-16-9 wp-has-aspect-ratio\"><div class=\"wp-block-embed__wrapper\">\n<iframe loading=\"lazy\" title=\"&amp;eacute;pisode 3 : s&#039;engager\" src=\"https:\/\/player.vimeo.com\/video\/498341058?dnt=1&amp;app_id=122963\" width=\"696\" height=\"392\" frameborder=\"0\" allow=\"autoplay; fullscreen; picture-in-picture\" allowfullscreen><\/iframe>\n<\/div><\/figure>\n\n\n\n<p>Cr\u00e9er une association pour faire revivre les liens dans un village, devenir maire, questionner l&rsquo;attention \u00e0 accorder \u00e0 la jeunesse, effectuer un service civique, citoyennet\u00e9\u2026<\/p>\n\n\n\n<p>Cet \u00e9pisode du documentaire \u00ab\u00a0Jeunesse et nouvelles ruralit\u00e9s\u00a0\u00bb propose de croiser les regards de jeunes, de professionnels et d&rsquo;experts autour de diff\u00e9rentes formes d&rsquo;engagement de la jeunesse pour les territoires.<\/p>\n\n\n\n<blockquote class=\"wp-block-quote\"><p>\u00ab\u00a0Pour moi en tout cas, l&rsquo;engagement des jeunes en milieu rural, il est surtout impuls\u00e9 quand il y a une structure qui existe\u00a0\u00bb<\/p><cite>Th\u00e9ophile AUBRIOT &#8211; Pr\u00e9sident, MJC Les Ratias de Paou\u00e8s<\/cite><\/blockquote>\n","protected":false},"excerpt":{"rendered":"<p>Le t\u00e9moignage d\u2019engagement de jeunes pour leur territoire croise le regard d\u2019adultes soucieux de la place \u00e0 donner \u00e0 la jeunesse pour construire le monde de demain.<\/p>\n","protected":false},"author":4,"featured_media":1046,"comment_status":"closed","ping_status":"open","sticky":false,"template":"","format":"standard","meta":{"inline_featured_image":false,"spay_email":""},"categories":[16,989,9],"tags":[962,988,995],"yoast_head":"<!-- This site is optimized with the Yoast SEO plugin v17.1 - https:\/\/yoast.com\/wordpress\/plugins\/seo\/ -->\n<meta name=\"description\" content=\"Le t\u00e9moignage d\u2019engagement de jeunes pour leur territoire croise le regard d\u2019adultes soucieux de la place \u00e0 donner \u00e0 la jeunesse pour construire le monde de demain.\" \/>\n<meta name=\"robots\" content=\"index, follow, max-snippet:-1, max-image-preview:large, max-video-preview:-1\" \/>\n<link rel=\"canonical\" href=\"https:\/\/mvt.mfr.fr\/index.php\/2021\/01\/15\/comment-les-jeunes-sengagent-pour-leur-territoire\/\" \/>\n<meta property=\"og:locale\" content=\"fr_FR\" \/>\n<meta property=\"og:type\" content=\"article\" \/>\n<meta property=\"og:title\" content=\"Comment les jeunes s&#039;engagent pour leur territoire ?\" \/>\n<meta property=\"og:description\" content=\"Le t\u00e9moignage d\u2019engagement de jeunes pour leur territoire croise le regard d\u2019adultes soucieux de la place \u00e0 donner \u00e0 la jeunesse pour construire le monde de demain.\" \/>\n<meta property=\"og:url\" content=\"https:\/\/mvt.mfr.fr\/index.php\/2021\/01\/15\/comment-les-jeunes-sengagent-pour-leur-territoire\/\" \/>\n<meta property=\"og:site_name\" content=\"MVT\" \/>\n<meta property=\"article:published_time\" content=\"2021-01-15T16:20:00+00:00\" \/>\n<meta property=\"article:modified_time\" content=\"2021-05-21T17:18:46+00:00\" \/>\n<meta property=\"og:image\" content=\"https:\/\/mvt.mfr.fr\/wp-content\/uploads\/2021\/01\/asso.png\" \/>\n\t<meta property=\"og:image:width\" content=\"900\" \/>\n\t<meta property=\"og:image:height\" content=\"582\" \/>\n<meta name=\"twitter:card\" content=\"summary_large_image\" \/>\n<meta name=\"twitter:title\" content=\"Comment les jeunes s&#039;engagent pour leur territoire ?\" \/>\n<meta name=\"twitter:description\" content=\"Le t\u00e9moignage d\u2019engagement de jeunes pour leur territoire croise le regard d\u2019adultes soucieux de la place \u00e0 donner \u00e0 la jeunesse pour construire le monde de demain.\" \/>\n<meta name=\"twitter:image\" content=\"https:\/\/mvt.mfr.fr\/wp-content\/uploads\/2021\/01\/asso.png\" \/>\n<meta name=\"twitter:label1\" content=\"\u00c9crit par\" \/>\n\t<meta name=\"twitter:data1\" content=\"Brigitte\" \/>\n\t<meta name=\"twitter:label2\" content=\"Dur\u00e9e de lecture est.\" \/>\n\t<meta name=\"twitter:data2\" content=\"1 minute\" \/>\n<script type=\"application\/ld+json\" class=\"yoast-schema-graph\">{\"@context\":\"https:\/\/schema.org\",\"@graph\":[{\"@type\":\"WebSite\",\"@id\":\"https:\/\/mvt.mfr.fr\/#website\",\"url\":\"https:\/\/mvt.mfr.fr\/\",\"name\":\"MVT\",\"description\":\"Le M\\u00e9dia Vraiment Tout terrain\",\"potentialAction\":[{\"@type\":\"SearchAction\",\"target\":{\"@type\":\"EntryPoint\",\"urlTemplate\":\"https:\/\/mvt.mfr.fr\/?s={search_term_string}\"},\"query-input\":\"required name=search_term_string\"}],\"inLanguage\":\"fr-FR\"},{\"@type\":\"ImageObject\",\"@id\":\"https:\/\/mvt.mfr.fr\/index.php\/2021\/01\/15\/comment-les-jeunes-sengagent-pour-leur-territoire\/#primaryimage\",\"inLanguage\":\"fr-FR\",\"url\":\"https:\/\/mvt.mfr.fr\/wp-content\/uploads\/2021\/01\/asso.png\",\"contentUrl\":\"https:\/\/mvt.mfr.fr\/wp-content\/uploads\/2021\/01\/asso.png\",\"width\":900,\"height\":582},{\"@type\":\"WebPage\",\"@id\":\"https:\/\/mvt.mfr.fr\/index.php\/2021\/01\/15\/comment-les-jeunes-sengagent-pour-leur-territoire\/#webpage\",\"url\":\"https:\/\/mvt.mfr.fr\/index.php\/2021\/01\/15\/comment-les-jeunes-sengagent-pour-leur-territoire\/\",\"name\":\"Comment les jeunes s'engagent pour leur territoire ? - MVT\",\"isPartOf\":{\"@id\":\"https:\/\/mvt.mfr.fr\/#website\"},\"primaryImageOfPage\":{\"@id\":\"https:\/\/mvt.mfr.fr\/index.php\/2021\/01\/15\/comment-les-jeunes-sengagent-pour-leur-territoire\/#primaryimage\"},\"datePublished\":\"2021-01-15T16:20:00+00:00\",\"dateModified\":\"2021-05-21T17:18:46+00:00\",\"author\":{\"@id\":\"https:\/\/mvt.mfr.fr\/#\/schema\/person\/1af99d18f322612d24b3f340fa3a74e4\"},\"description\":\"Le t\\u00e9moignage d\\u2019engagement de jeunes pour leur territoire croise le regard d\\u2019adultes soucieux de la place \\u00e0 donner \\u00e0 la jeunesse pour construire le monde de demain.\",\"breadcrumb\":{\"@id\":\"https:\/\/mvt.mfr.fr\/index.php\/2021\/01\/15\/comment-les-jeunes-sengagent-pour-leur-territoire\/#breadcrumb\"},\"inLanguage\":\"fr-FR\",\"potentialAction\":[{\"@type\":\"ReadAction\",\"target\":[\"https:\/\/mvt.mfr.fr\/index.php\/2021\/01\/15\/comment-les-jeunes-sengagent-pour-leur-territoire\/\"]}]},{\"@type\":\"BreadcrumbList\",\"@id\":\"https:\/\/mvt.mfr.fr\/index.php\/2021\/01\/15\/comment-les-jeunes-sengagent-pour-leur-territoire\/#breadcrumb\",\"itemListElement\":[{\"@type\":\"ListItem\",\"position\":1,\"name\":\"Accueil\",\"item\":\"https:\/\/mvt.mfr.fr\/\"},{\"@type\":\"ListItem\",\"position\":2,\"name\":\"Comment les jeunes s&#8217;engagent pour leur territoire ?\"}]},{\"@type\":\"Person\",\"@id\":\"https:\/\/mvt.mfr.fr\/#\/schema\/person\/1af99d18f322612d24b3f340fa3a74e4\",\"name\":\"Brigitte\",\"description\":\"Charg\\u00e9e de projet \\u00e0 l\\u2019Union nationale des MFR, Brigitte a \\u00e9t\\u00e9 monitrice, puis directrice au sein d\\u2019une Maison dans les Vosges. Elle a ensuite occup\\u00e9 des fonctions d'animation du r\\u00e9seau avant de rejoindre l'Union nationale. Positive en toutes circonstances, elle croit dur comme fer \\u00e0 la force du collectif pour construire des solutions et ouvrir de nouvelles voies.\",\"url\":\"https:\/\/mvt.mfr.fr\/index.php\/author\/brigitte\/\"}]}<\/script>\n<!-- \/ Yoast SEO plugin. -->","yoast_head_json":{"description":"Le t\u00e9moignage d\u2019engagement de jeunes pour leur territoire croise le regard d\u2019adultes soucieux de la place \u00e0 donner \u00e0 la jeunesse pour construire le monde de demain.","robots":{"index":"index","follow":"follow","max-snippet":"max-snippet:-1","max-image-preview":"max-image-preview:large","max-video-preview":"max-video-preview:-1"},"canonical":"https:\/\/mvt.mfr.fr\/index.php\/2021\/01\/15\/comment-les-jeunes-sengagent-pour-leur-territoire\/","og_locale":"fr_FR","og_type":"article","og_title":"Comment les jeunes s'engagent pour leur territoire ?","og_description":"Le t\u00e9moignage d\u2019engagement de jeunes pour leur territoire croise le regard d\u2019adultes soucieux de la place \u00e0 donner \u00e0 la jeunesse pour construire le monde de demain.","og_url":"https:\/\/mvt.mfr.fr\/index.php\/2021\/01\/15\/comment-les-jeunes-sengagent-pour-leur-territoire\/","og_site_name":"MVT","article_published_time":"2021-01-15T16:20:00+00:00","article_modified_time":"2021-05-21T17:18:46+00:00","og_image":[{"width":900,"height":582,"url":"https:\/\/mvt.mfr.fr\/wp-content\/uploads\/2021\/01\/asso.png","path":"\/var\/www\/clients\/client3\/web3\/web\/wp-content\/uploads\/2021\/01\/asso.png","size":"full","id":"1046","alt":"","pixels":523800,"type":"image\/png"}],"twitter_card":"summary_large_image","twitter_title":"Comment les jeunes s'engagent pour leur territoire ?","twitter_description":"Le t\u00e9moignage d\u2019engagement de jeunes pour leur territoire croise le regard d\u2019adultes soucieux de la place \u00e0 donner \u00e0 la jeunesse pour construire le monde de demain.","twitter_image":"https:\/\/mvt.mfr.fr\/wp-content\/uploads\/2021\/01\/asso.png","twitter_misc":{"\u00c9crit par":"Brigitte","Dur\u00e9e de lecture est.":"1 minute"},"schema":{"@context":"https:\/\/schema.org","@graph":[{"@type":"WebSite","@id":"https:\/\/mvt.mfr.fr\/#website","url":"https:\/\/mvt.mfr.fr\/","name":"MVT","description":"Le M\u00e9dia Vraiment Tout terrain","potentialAction":[{"@type":"SearchAction","target":{"@type":"EntryPoint","urlTemplate":"https:\/\/mvt.mfr.fr\/?s={search_term_string}"},"query-input":"required name=search_term_string"}],"inLanguage":"fr-FR"},{"@type":"ImageObject","@id":"https:\/\/mvt.mfr.fr\/index.php\/2021\/01\/15\/comment-les-jeunes-sengagent-pour-leur-territoire\/#primaryimage","inLanguage":"fr-FR","url":"https:\/\/mvt.mfr.fr\/wp-content\/uploads\/2021\/01\/asso.png","contentUrl":"https:\/\/mvt.mfr.fr\/wp-content\/uploads\/2021\/01\/asso.png","width":900,"height":582},{"@type":"WebPage","@id":"https:\/\/mvt.mfr.fr\/index.php\/2021\/01\/15\/comment-les-jeunes-sengagent-pour-leur-territoire\/#webpage","url":"https:\/\/mvt.mfr.fr\/index.php\/2021\/01\/15\/comment-les-jeunes-sengagent-pour-leur-territoire\/","name":"Comment les jeunes s'engagent pour leur territoire ? - MVT","isPartOf":{"@id":"https:\/\/mvt.mfr.fr\/#website"},"primaryImageOfPage":{"@id":"https:\/\/mvt.mfr.fr\/index.php\/2021\/01\/15\/comment-les-jeunes-sengagent-pour-leur-territoire\/#primaryimage"},"datePublished":"2021-01-15T16:20:00+00:00","dateModified":"2021-05-21T17:18:46+00:00","author":{"@id":"https:\/\/mvt.mfr.fr\/#\/schema\/person\/1af99d18f322612d24b3f340fa3a74e4"},"description":"Le t\u00e9moignage d\u2019engagement de jeunes pour leur territoire croise le regard d\u2019adultes soucieux de la place \u00e0 donner \u00e0 la jeunesse pour construire le monde de demain.","breadcrumb":{"@id":"https:\/\/mvt.mfr.fr\/index.php\/2021\/01\/15\/comment-les-jeunes-sengagent-pour-leur-territoire\/#breadcrumb"},"inLanguage":"fr-FR","potentialAction":[{"@type":"ReadAction","target":["https:\/\/mvt.mfr.fr\/index.php\/2021\/01\/15\/comment-les-jeunes-sengagent-pour-leur-territoire\/"]}]},{"@type":"BreadcrumbList","@id":"https:\/\/mvt.mfr.fr\/index.php\/2021\/01\/15\/comment-les-jeunes-sengagent-pour-leur-territoire\/#breadcrumb","itemListElement":[{"@type":"ListItem","position":1,"name":"Accueil","item":"https:\/\/mvt.mfr.fr\/"},{"@type":"ListItem","position":2,"name":"Comment les jeunes s&#8217;engagent pour leur territoire ?"}]},{"@type":"Person","@id":"https:\/\/mvt.mfr.fr\/#\/schema\/person\/1af99d18f322612d24b3f340fa3a74e4","name":"Brigitte","description":"Charg\u00e9e de projet \u00e0 l\u2019Union nationale des MFR, Brigitte a \u00e9t\u00e9 monitrice, puis directrice au sein d\u2019une Maison dans les Vosges. Elle a ensuite occup\u00e9 des fonctions d'animation du r\u00e9seau avant de rejoindre l'Union nationale. Positive en toutes circonstances, elle croit dur comme fer \u00e0 la force du collectif pour construire des solutions et ouvrir de nouvelles voies.","url":"https:\/\/mvt.mfr.fr\/index.php\/author\/brigitte\/"}]}},"jetpack_featured_media_url":"https:\/\/mvt.mfr.fr\/wp-content\/uploads\/2021\/01\/asso.png","_links":{"self":[{"href":"https:\/\/mvt.mfr.fr\/index.php\/wp-json\/wp\/v2\/posts\/1045"}],"collection":[{"href":"https:\/\/mvt.mfr.fr\/index.php\/wp-json\/wp\/v2\/posts"}],"about":[{"href":"https:\/\/mvt.mfr.fr\/index.php\/wp-json\/wp\/v2\/types\/post"}],"author":[{"embeddable":true,"href":"https:\/\/mvt.mfr.fr\/index.php\/wp-json\/wp\/v2\/users\/4"}],"replies":[{"embeddable":true,"href":"https:\/\/mvt.mfr.fr\/index.php\/wp-json\/wp\/v2\/comments?post=1045"}],"version-history":[{"count":2,"href":"https:\/\/mvt.mfr.fr\/index.php\/wp-json\/wp\/v2\/posts\/1045\/revisions"}],"predecessor-version":[{"id":1058,"href":"https:\/\/mvt.mfr.fr\/index.php\/wp-json\/wp\/v2\/posts\/1045\/revisions\/1058"}],"wp:featuredmedia":[{"embeddable":true,"href":"https:\/\/mvt.mfr.fr\/index.php\/wp-json\/wp\/v2\/media\/1046"}],"wp:attachment":[{"href":"https:\/\/mvt.mfr.fr\/index.php\/wp-json\/wp\/v2\/media?parent=1045"}],"wp:term":[{"taxonomy":"category","embeddable":true,"href":"https:\/\/mvt.mfr.fr\/index.php\/wp-json\/wp\/v2\/categories?post=1045"},{"taxonomy":"post_tag","embeddable":true,"href":"https:\/\/mvt.mfr.fr\/index.php\/wp-json\/wp\/v2\/tags?post=1045"}],"curies":[{"name":"wp","href":"https:\/\/api.w.org\/{rel}","templated":true}]}}