{"id":1026,"date":"2021-01-15T17:30:00","date_gmt":"2021-01-15T16:30:00","guid":{"rendered":"https:\/\/www.mvt.mfr.fr\/?p=1026"},"modified":"2021-05-21T19:18:40","modified_gmt":"2021-05-21T17:18:40","slug":"vivre-et-sepanouir-au-coeur-des-territoires","status":"publish","type":"post","link":"https:\/\/mvt.mfr.fr\/index.php\/2021\/01\/15\/vivre-et-sepanouir-au-coeur-des-territoires\/","title":{"rendered":"Vivre et s&rsquo;\u00e9panouir, au c\u0153ur des territoires"},"content":{"rendered":"\n<p><strong>Selon son environnement, la jeunesse ne se vit pas de la m\u00eame mani\u00e8re et n\u2019ouvre pas les m\u00eames horizons. Si les jeunes des territoires ruraux sont plut\u00f4t optimistes quant \u00e0 leur avenir, ils portent un regard lucide sur le monde et doivent faire face \u00e0 un certain nombre de r\u00e9alit\u00e9s quotidiennes.<\/strong><\/p>\n\n\n\n<figure class=\"wp-block-embed is-type-video is-provider-vimeo wp-block-embed-vimeo wp-embed-aspect-16-9 wp-has-aspect-ratio\"><div class=\"wp-block-embed__wrapper\">\n<iframe loading=\"lazy\" title=\"&amp;eacute;pisode 2 : vivre et s&#039;&amp;eacute;panouir\" src=\"https:\/\/player.vimeo.com\/video\/498335918?dnt=1&amp;app_id=122963\" width=\"696\" height=\"392\" frameborder=\"0\" allow=\"autoplay; fullscreen; picture-in-picture\" allowfullscreen><\/iframe>\n<\/div><\/figure>\n\n\n\n<h2>Solidarit\u00e9<\/h2>\n\n\n\n<p>Dans ce second \u00e9pisode du documentaire \u00ab\u00a0Jeunesse et nouvelles ruralit\u00e9s\u00a0\u00bb, les t\u00e9moignages montrent comment des probl\u00e9matiques deviennent <strong>solidarit\u00e9<\/strong>.<\/p>\n\n\n\n<blockquote class=\"wp-block-quote\"><p>\u00ab&nbsp;On apporte un peu de culture l\u00e0 o\u00f9 il en manque un petit peu, on va chez les gens alors qu\u2019ils ont plut\u00f4t l\u2019habitude de partir dans des grandes villes ou des villages un peu plus gros pour aller voir un spectacle, ou m\u00eame aller au cin\u00e9ma.&nbsp;\u00bb<\/p><cite>Lilas Bousquet &#8211; Alternante Licence Pro, ancienne Service civique<\/cite><\/blockquote>\n\n\n\n<h2>Choix de vie(s)<\/h2>\n\n\n\n<p>Les diff\u00e9rentes histoires cont\u00e9es par les jeunes et professionnels donnent \u00e0 voir des quotidiens, des t\u00e9moignages d&rsquo;habitants qui expliquent leur choix de vivre \u00e0 la campagne.<\/p>\n\n\n\n<blockquote class=\"wp-block-quote\"><p>\u00ab\u00a0Le <em>Cabaret Vert<\/em>, c&rsquo;est n\u00e9 d&rsquo;une bande d&rsquo;amis qui en avaient un petit peu marre d&rsquo;entendre qu&rsquo;il ne se passait rien dans les Ardennes, alors qu&rsquo;on sait que c&rsquo;est totalement faux. (\u2026) Le Cabaret Vert maintenant c&rsquo;est plus de 15 ans d&rsquo;existence, c&rsquo;est plus de 100 000 spectateurs sur un weekend tous les ans (\u2026)\u00a0\u00bb.<\/p><cite>Etienne Chevron, administrateur, association FLaP<\/cite><\/blockquote>\n","protected":false},"excerpt":{"rendered":"<p>Selon son environnement, la jeunesse ne se vit pas de la m\u00eame mani\u00e8re et n\u2019ouvre pas les m\u00eames horizons. Si les jeunes des territoires ruraux sont plut\u00f4t optimistes quant \u00e0 leur avenir, ils portent un regard lucide sur le monde et doivent faire face \u00e0 un certain nombre de r\u00e9alit\u00e9s quotidiennes.<\/p>\n","protected":false},"author":4,"featured_media":1039,"comment_status":"closed","ping_status":"open","sticky":false,"template":"","format":"standard","meta":{"inline_featured_image":false,"spay_email":""},"categories":[16,989,9],"tags":[996,988,995],"yoast_head":"<!-- This site is optimized with the Yoast SEO plugin v17.1 - https:\/\/yoast.com\/wordpress\/plugins\/seo\/ -->\n<meta name=\"description\" content=\"Selon son environnement, la jeunesse ne se vit pas de la m\u00eame mani\u00e8re et n\u2019ouvre pas les m\u00eames horizons. Si les jeunes des territoires ruraux sont plut\u00f4t optimistes quant \u00e0 leur avenir, ils portent un regard lucide sur le monde et doivent faire face \u00e0 un certain nombre de r\u00e9alit\u00e9s quotidiennes.\" \/>\n<meta name=\"robots\" content=\"index, follow, max-snippet:-1, max-image-preview:large, max-video-preview:-1\" \/>\n<link rel=\"canonical\" href=\"https:\/\/mvt.mfr.fr\/index.php\/2021\/01\/15\/vivre-et-sepanouir-au-coeur-des-territoires\/\" \/>\n<meta property=\"og:locale\" content=\"fr_FR\" \/>\n<meta property=\"og:type\" content=\"article\" \/>\n<meta property=\"og:title\" content=\"Vivre et s&#039;\u00e9panouir, au c\u0153ur des territoires\" \/>\n<meta property=\"og:description\" content=\"Selon son environnement, la jeunesse ne se vit pas de la m\u00eame mani\u00e8re et n\u2019ouvre pas les m\u00eames horizons. Si les jeunes des territoires ruraux sont plut\u00f4t optimistes quant \u00e0 leur avenir, ils portent un regard lucide sur le monde et doivent faire face \u00e0 un certain nombre de r\u00e9alit\u00e9s quotidiennes.\" \/>\n<meta property=\"og:url\" content=\"https:\/\/mvt.mfr.fr\/index.php\/2021\/01\/15\/vivre-et-sepanouir-au-coeur-des-territoires\/\" \/>\n<meta property=\"og:site_name\" content=\"MVT\" \/>\n<meta property=\"article:published_time\" content=\"2021-01-15T16:30:00+00:00\" \/>\n<meta property=\"article:modified_time\" content=\"2021-05-21T17:18:40+00:00\" \/>\n<meta property=\"og:image\" content=\"https:\/\/mvt.mfr.fr\/wp-content\/uploads\/2021\/01\/webserie_vivre_epanouir_episode_2.png\" \/>\n\t<meta property=\"og:image:width\" content=\"900\" \/>\n\t<meta property=\"og:image:height\" content=\"603\" \/>\n<meta name=\"twitter:card\" content=\"summary_large_image\" \/>\n<meta name=\"twitter:title\" content=\"Vivre et s&#039;\u00e9panouir, au c\u0153ur des territoires\" \/>\n<meta name=\"twitter:description\" content=\"Selon son environnement, la jeunesse ne se vit pas de la m\u00eame mani\u00e8re et n\u2019ouvre pas les m\u00eames horizons. Si les jeunes des territoires ruraux sont plut\u00f4t optimistes quant \u00e0 leur avenir, ils portent un regard lucide sur le monde et doivent faire face \u00e0 un certain nombre de r\u00e9alit\u00e9s quotidiennes.\" \/>\n<meta name=\"twitter:image\" content=\"https:\/\/mvt.mfr.fr\/wp-content\/uploads\/2021\/01\/webserie_vivre_epanouir_episode_2.png\" \/>\n<meta name=\"twitter:label1\" content=\"\u00c9crit par\" \/>\n\t<meta name=\"twitter:data1\" content=\"Brigitte\" \/>\n\t<meta name=\"twitter:label2\" content=\"Dur\u00e9e de lecture est.\" \/>\n\t<meta name=\"twitter:data2\" content=\"1 minute\" \/>\n<script type=\"application\/ld+json\" class=\"yoast-schema-graph\">{\"@context\":\"https:\/\/schema.org\",\"@graph\":[{\"@type\":\"WebSite\",\"@id\":\"https:\/\/mvt.mfr.fr\/#website\",\"url\":\"https:\/\/mvt.mfr.fr\/\",\"name\":\"MVT\",\"description\":\"Le M\\u00e9dia Vraiment Tout terrain\",\"potentialAction\":[{\"@type\":\"SearchAction\",\"target\":{\"@type\":\"EntryPoint\",\"urlTemplate\":\"https:\/\/mvt.mfr.fr\/?s={search_term_string}\"},\"query-input\":\"required name=search_term_string\"}],\"inLanguage\":\"fr-FR\"},{\"@type\":\"ImageObject\",\"@id\":\"https:\/\/mvt.mfr.fr\/index.php\/2021\/01\/15\/vivre-et-sepanouir-au-coeur-des-territoires\/#primaryimage\",\"inLanguage\":\"fr-FR\",\"url\":\"https:\/\/mvt.mfr.fr\/wp-content\/uploads\/2021\/01\/webserie_vivre_epanouir_episode_2.png\",\"contentUrl\":\"https:\/\/mvt.mfr.fr\/wp-content\/uploads\/2021\/01\/webserie_vivre_epanouir_episode_2.png\",\"width\":900,\"height\":603,\"caption\":\"image d'illustration : groupe de jeunes marchant ensemble, trait\\u00e9 sous forme de gravure avec une couleur \\u00e0 dominante verte.\"},{\"@type\":\"WebPage\",\"@id\":\"https:\/\/mvt.mfr.fr\/index.php\/2021\/01\/15\/vivre-et-sepanouir-au-coeur-des-territoires\/#webpage\",\"url\":\"https:\/\/mvt.mfr.fr\/index.php\/2021\/01\/15\/vivre-et-sepanouir-au-coeur-des-territoires\/\",\"name\":\"Vivre et s'\\u00e9panouir, au c\\u0153ur des territoires - MVT\",\"isPartOf\":{\"@id\":\"https:\/\/mvt.mfr.fr\/#website\"},\"primaryImageOfPage\":{\"@id\":\"https:\/\/mvt.mfr.fr\/index.php\/2021\/01\/15\/vivre-et-sepanouir-au-coeur-des-territoires\/#primaryimage\"},\"datePublished\":\"2021-01-15T16:30:00+00:00\",\"dateModified\":\"2021-05-21T17:18:40+00:00\",\"author\":{\"@id\":\"https:\/\/mvt.mfr.fr\/#\/schema\/person\/1af99d18f322612d24b3f340fa3a74e4\"},\"description\":\"Selon son environnement, la jeunesse ne se vit pas de la m\\u00eame mani\\u00e8re et n\\u2019ouvre pas les m\\u00eames horizons. Si les jeunes des territoires ruraux sont plut\\u00f4t optimistes quant \\u00e0 leur avenir, ils portent un regard lucide sur le monde et doivent faire face \\u00e0 un certain nombre de r\\u00e9alit\\u00e9s quotidiennes.\",\"breadcrumb\":{\"@id\":\"https:\/\/mvt.mfr.fr\/index.php\/2021\/01\/15\/vivre-et-sepanouir-au-coeur-des-territoires\/#breadcrumb\"},\"inLanguage\":\"fr-FR\",\"potentialAction\":[{\"@type\":\"ReadAction\",\"target\":[\"https:\/\/mvt.mfr.fr\/index.php\/2021\/01\/15\/vivre-et-sepanouir-au-coeur-des-territoires\/\"]}]},{\"@type\":\"BreadcrumbList\",\"@id\":\"https:\/\/mvt.mfr.fr\/index.php\/2021\/01\/15\/vivre-et-sepanouir-au-coeur-des-territoires\/#breadcrumb\",\"itemListElement\":[{\"@type\":\"ListItem\",\"position\":1,\"name\":\"Accueil\",\"item\":\"https:\/\/mvt.mfr.fr\/\"},{\"@type\":\"ListItem\",\"position\":2,\"name\":\"Vivre et s&#8217;\\u00e9panouir, au c\\u0153ur des territoires\"}]},{\"@type\":\"Person\",\"@id\":\"https:\/\/mvt.mfr.fr\/#\/schema\/person\/1af99d18f322612d24b3f340fa3a74e4\",\"name\":\"Brigitte\",\"description\":\"Charg\\u00e9e de projet \\u00e0 l\\u2019Union nationale des MFR, Brigitte a \\u00e9t\\u00e9 monitrice, puis directrice au sein d\\u2019une Maison dans les Vosges. Elle a ensuite occup\\u00e9 des fonctions d'animation du r\\u00e9seau avant de rejoindre l'Union nationale. Positive en toutes circonstances, elle croit dur comme fer \\u00e0 la force du collectif pour construire des solutions et ouvrir de nouvelles voies.\",\"url\":\"https:\/\/mvt.mfr.fr\/index.php\/author\/brigitte\/\"}]}<\/script>\n<!-- \/ Yoast SEO plugin. -->","yoast_head_json":{"description":"Selon son environnement, la jeunesse ne se vit pas de la m\u00eame mani\u00e8re et n\u2019ouvre pas les m\u00eames horizons. Si les jeunes des territoires ruraux sont plut\u00f4t optimistes quant \u00e0 leur avenir, ils portent un regard lucide sur le monde et doivent faire face \u00e0 un certain nombre de r\u00e9alit\u00e9s quotidiennes.","robots":{"index":"index","follow":"follow","max-snippet":"max-snippet:-1","max-image-preview":"max-image-preview:large","max-video-preview":"max-video-preview:-1"},"canonical":"https:\/\/mvt.mfr.fr\/index.php\/2021\/01\/15\/vivre-et-sepanouir-au-coeur-des-territoires\/","og_locale":"fr_FR","og_type":"article","og_title":"Vivre et s'\u00e9panouir, au c\u0153ur des territoires","og_description":"Selon son environnement, la jeunesse ne se vit pas de la m\u00eame mani\u00e8re et n\u2019ouvre pas les m\u00eames horizons. Si les jeunes des territoires ruraux sont plut\u00f4t optimistes quant \u00e0 leur avenir, ils portent un regard lucide sur le monde et doivent faire face \u00e0 un certain nombre de r\u00e9alit\u00e9s quotidiennes.","og_url":"https:\/\/mvt.mfr.fr\/index.php\/2021\/01\/15\/vivre-et-sepanouir-au-coeur-des-territoires\/","og_site_name":"MVT","article_published_time":"2021-01-15T16:30:00+00:00","article_modified_time":"2021-05-21T17:18:40+00:00","og_image":[{"width":900,"height":603,"url":"https:\/\/mvt.mfr.fr\/wp-content\/uploads\/2021\/01\/webserie_vivre_epanouir_episode_2.png","path":"\/var\/www\/clients\/client3\/web3\/web\/wp-content\/uploads\/2021\/01\/webserie_vivre_epanouir_episode_2.png","size":"full","id":"1039","alt":"image d'illustration : groupe de jeunes marchant ensemble, trait\u00e9 sous forme de gravure avec une couleur \u00e0 dominante verte.","pixels":542700,"type":"image\/png"}],"twitter_card":"summary_large_image","twitter_title":"Vivre et s'\u00e9panouir, au c\u0153ur des territoires","twitter_description":"Selon son environnement, la jeunesse ne se vit pas de la m\u00eame mani\u00e8re et n\u2019ouvre pas les m\u00eames horizons. Si les jeunes des territoires ruraux sont plut\u00f4t optimistes quant \u00e0 leur avenir, ils portent un regard lucide sur le monde et doivent faire face \u00e0 un certain nombre de r\u00e9alit\u00e9s quotidiennes.","twitter_image":"https:\/\/mvt.mfr.fr\/wp-content\/uploads\/2021\/01\/webserie_vivre_epanouir_episode_2.png","twitter_misc":{"\u00c9crit par":"Brigitte","Dur\u00e9e de lecture est.":"1 minute"},"schema":{"@context":"https:\/\/schema.org","@graph":[{"@type":"WebSite","@id":"https:\/\/mvt.mfr.fr\/#website","url":"https:\/\/mvt.mfr.fr\/","name":"MVT","description":"Le M\u00e9dia Vraiment Tout terrain","potentialAction":[{"@type":"SearchAction","target":{"@type":"EntryPoint","urlTemplate":"https:\/\/mvt.mfr.fr\/?s={search_term_string}"},"query-input":"required name=search_term_string"}],"inLanguage":"fr-FR"},{"@type":"ImageObject","@id":"https:\/\/mvt.mfr.fr\/index.php\/2021\/01\/15\/vivre-et-sepanouir-au-coeur-des-territoires\/#primaryimage","inLanguage":"fr-FR","url":"https:\/\/mvt.mfr.fr\/wp-content\/uploads\/2021\/01\/webserie_vivre_epanouir_episode_2.png","contentUrl":"https:\/\/mvt.mfr.fr\/wp-content\/uploads\/2021\/01\/webserie_vivre_epanouir_episode_2.png","width":900,"height":603,"caption":"image d'illustration : groupe de jeunes marchant ensemble, trait\u00e9 sous forme de gravure avec une couleur \u00e0 dominante verte."},{"@type":"WebPage","@id":"https:\/\/mvt.mfr.fr\/index.php\/2021\/01\/15\/vivre-et-sepanouir-au-coeur-des-territoires\/#webpage","url":"https:\/\/mvt.mfr.fr\/index.php\/2021\/01\/15\/vivre-et-sepanouir-au-coeur-des-territoires\/","name":"Vivre et s'\u00e9panouir, au c\u0153ur des territoires - MVT","isPartOf":{"@id":"https:\/\/mvt.mfr.fr\/#website"},"primaryImageOfPage":{"@id":"https:\/\/mvt.mfr.fr\/index.php\/2021\/01\/15\/vivre-et-sepanouir-au-coeur-des-territoires\/#primaryimage"},"datePublished":"2021-01-15T16:30:00+00:00","dateModified":"2021-05-21T17:18:40+00:00","author":{"@id":"https:\/\/mvt.mfr.fr\/#\/schema\/person\/1af99d18f322612d24b3f340fa3a74e4"},"description":"Selon son environnement, la jeunesse ne se vit pas de la m\u00eame mani\u00e8re et n\u2019ouvre pas les m\u00eames horizons. Si les jeunes des territoires ruraux sont plut\u00f4t optimistes quant \u00e0 leur avenir, ils portent un regard lucide sur le monde et doivent faire face \u00e0 un certain nombre de r\u00e9alit\u00e9s quotidiennes.","breadcrumb":{"@id":"https:\/\/mvt.mfr.fr\/index.php\/2021\/01\/15\/vivre-et-sepanouir-au-coeur-des-territoires\/#breadcrumb"},"inLanguage":"fr-FR","potentialAction":[{"@type":"ReadAction","target":["https:\/\/mvt.mfr.fr\/index.php\/2021\/01\/15\/vivre-et-sepanouir-au-coeur-des-territoires\/"]}]},{"@type":"BreadcrumbList","@id":"https:\/\/mvt.mfr.fr\/index.php\/2021\/01\/15\/vivre-et-sepanouir-au-coeur-des-territoires\/#breadcrumb","itemListElement":[{"@type":"ListItem","position":1,"name":"Accueil","item":"https:\/\/mvt.mfr.fr\/"},{"@type":"ListItem","position":2,"name":"Vivre et s&#8217;\u00e9panouir, au c\u0153ur des territoires"}]},{"@type":"Person","@id":"https:\/\/mvt.mfr.fr\/#\/schema\/person\/1af99d18f322612d24b3f340fa3a74e4","name":"Brigitte","description":"Charg\u00e9e de projet \u00e0 l\u2019Union nationale des MFR, Brigitte a \u00e9t\u00e9 monitrice, puis directrice au sein d\u2019une Maison dans les Vosges. Elle a ensuite occup\u00e9 des fonctions d'animation du r\u00e9seau avant de rejoindre l'Union nationale. Positive en toutes circonstances, elle croit dur comme fer \u00e0 la force du collectif pour construire des solutions et ouvrir de nouvelles voies.","url":"https:\/\/mvt.mfr.fr\/index.php\/author\/brigitte\/"}]}},"jetpack_featured_media_url":"https:\/\/mvt.mfr.fr\/wp-content\/uploads\/2021\/01\/webserie_vivre_epanouir_episode_2.png","_links":{"self":[{"href":"https:\/\/mvt.mfr.fr\/index.php\/wp-json\/wp\/v2\/posts\/1026"}],"collection":[{"href":"https:\/\/mvt.mfr.fr\/index.php\/wp-json\/wp\/v2\/posts"}],"about":[{"href":"https:\/\/mvt.mfr.fr\/index.php\/wp-json\/wp\/v2\/types\/post"}],"author":[{"embeddable":true,"href":"https:\/\/mvt.mfr.fr\/index.php\/wp-json\/wp\/v2\/users\/4"}],"replies":[{"embeddable":true,"href":"https:\/\/mvt.mfr.fr\/index.php\/wp-json\/wp\/v2\/comments?post=1026"}],"version-history":[{"count":4,"href":"https:\/\/mvt.mfr.fr\/index.php\/wp-json\/wp\/v2\/posts\/1026\/revisions"}],"predecessor-version":[{"id":1041,"href":"https:\/\/mvt.mfr.fr\/index.php\/wp-json\/wp\/v2\/posts\/1026\/revisions\/1041"}],"wp:featuredmedia":[{"embeddable":true,"href":"https:\/\/mvt.mfr.fr\/index.php\/wp-json\/wp\/v2\/media\/1039"}],"wp:attachment":[{"href":"https:\/\/mvt.mfr.fr\/index.php\/wp-json\/wp\/v2\/media?parent=1026"}],"wp:term":[{"taxonomy":"category","embeddable":true,"href":"https:\/\/mvt.mfr.fr\/index.php\/wp-json\/wp\/v2\/categories?post=1026"},{"taxonomy":"post_tag","embeddable":true,"href":"https:\/\/mvt.mfr.fr\/index.php\/wp-json\/wp\/v2\/tags?post=1026"}],"curies":[{"name":"wp","href":"https:\/\/api.w.org\/{rel}","templated":true}]}}